{"id":900423,"date":"2026-03-27T09:20:14","date_gmt":"2026-03-27T09:20:14","guid":{"rendered":"https:\/\/www.europesays.com\/de\/900423\/"},"modified":"2026-03-27T09:20:14","modified_gmt":"2026-03-27T09:20:14","slug":"fahrer-stellt-bierflasche-und-cocktailglas-ab","status":"publish","type":"post","link":"https:\/\/www.europesays.com\/de\/900423\/","title":{"rendered":"Fahrer stellt Bierflasche und Cocktailglas ab"},"content":{"rendered":"<p class=\"em_text\"><strong>Einen kuriosen Zwischenstopp hat ein Autofahrer am Donnerstag auf der A 6 bei Wendelstein (Landkreis Roth) eingelegt. Nach einem Unfall hielt er an, um eine Bierflasche und ein Cocktailglas am Seitenstreifen abzustellen. Sp\u00e4ter wehrte er sich dann gegen die Blutabnahme, wie die <\/strong><a href=\"https:\/\/www.donaukurier.de\/polizei\" target=\"_blank\" rel=\"nofollow noopener\">Polizei <\/a><strong>berichtet.<\/strong><\/p>\n<p>Lesen Sie auch: <a href=\"https:\/\/www.donaukurier.de\/20806555\" target=\"_blank\" rel=\"nofollow noopener\">Prince-Proteg\u00e9e Judith Hill liefert mitrei\u00dfende Perfomance bei Rother Bluestagen<\/a><\/p>\n<p>Zuvor war ein 61-J\u00e4hriger gegen 21 Uhr mit seinem Mercedes-Kleintransporter auf der rechten Fahrspur der zweispurigen Tangente am Autobahnkreuz N\u00fcrnberg-S\u00fcd, von der A 73 in Fahrtrichtung Feucht kommend, auf die A 6 Richtung  Heilbronn gefahren. Dort wurde er vom 43-j\u00e4hrigen Fahrer eines VW \u00fcberholt, wobei es zu einem leichten Zusammensto\u00df der Fahrzeuge kam. Verletzt wurde hierbei niemand, es entstand ein Schaden im niedrigen vierstelligen Bereich.<\/p>\n<p>    Atemalkoholtest ergibt 1,6 Promille<\/p>\n<p class=\"em_text\">Wenige Kilometer sp\u00e4ter auf der A 6 hielten beide Fahrer am Seitenstreifen. Der 43-J\u00e4hrige stellte hierbei jedoch lediglich eine Bierflasche und ein Cocktailglas am Seitenstreifen ab und entfernte sich hiernach, ohne seinen Pflichten als Unfallbeteiligter nachzukommen, berichtet die Polizei.<\/p>\n<p>Bei der eingeleiteten Fahndung konnte der Mann auf der A 6 im Dienstbereich der Verkehrspolizei Ansbach angetroffen und einer Kontrolle unterzogen werden. Ein Atemalkoholtest ergab einen Wert von rund 1,6 Promille. Als Konsequenz wurde die Weiterfahrt unterbunden, der F\u00fchrerschein des Mannes beschlagnahmt und eine Blutentnahme zur gerichtsfesten Bestimmung des Blutalkoholwertes angeordnet.<\/p>\n<p>Bei der Blutentnahme durch einen hinzugezogenen Arzt sperrte sich der Mann und versuchte, sich  loszurei\u00dfen. Als Konsequenz musste er gefesselt und mit k\u00f6rperlicher Gewalt zu Boden gebracht werden, schreibt die Polizei. Nach der Fesselung konnte die Blutentnahme letztendlich ohne weitere Vorkommnisse durchgef\u00fchrt werden. Gegen den 43-J\u00e4hrigen wurden  Ermittlungsverfahren wegen Gef\u00e4hrdung des Stra\u00dfenverkehrs, Unerlaubten Entfernens vom Unfallort und Widerstand gegen Vollstreckungsbeamte eingeleitet. <\/p>\n<p style=\"text-align:right;\">HK    <\/p>\n","protected":false},"excerpt":{"rendered":"Einen kuriosen Zwischenstopp hat ein Autofahrer am Donnerstag auf der A 6 bei Wendelstein (Landkreis Roth) eingelegt. Nach&hellip;\n","protected":false},"author":2,"featured_media":900424,"comment_status":"","ping_status":"","sticky":false,"template":"","format":"standard","meta":{"footnotes":"","_share_on_mastodon":"0"},"categories":[1837],"tags":[47934,772,3364,29,30,3783,121,1284],"class_list":["post-900423","post","type-post","status-publish","format-standard","has-post-thumbnail","category-nuernberg","tag-a6","tag-bayern","tag-de","tag-deutschland","tag-germany","tag-nuernberg","tag-polizei","tag-unfall"],"share_on_mastodon":{"url":"https:\/\/pubeurope.com\/@de\/116300403654962689","error":""},"_links":{"self":[{"href":"https:\/\/www.europesays.com\/de\/wp-json\/wp\/v2\/posts\/900423","targetHints":{"allow":["GET"]}}],"collection":[{"href":"https:\/\/www.europesays.com\/de\/wp-json\/wp\/v2\/posts"}],"about":[{"href":"https:\/\/www.europesays.com\/de\/wp-json\/wp\/v2\/types\/post"}],"author":[{"embeddable":true,"href":"https:\/\/www.europesays.com\/de\/wp-json\/wp\/v2\/users\/2"}],"replies":[{"embeddable":true,"href":"https:\/\/www.europesays.com\/de\/wp-json\/wp\/v2\/comments?post=900423"}],"version-history":[{"count":0,"href":"https:\/\/www.europesays.com\/de\/wp-json\/wp\/v2\/posts\/900423\/revisions"}],"wp:featuredmedia":[{"embeddable":true,"href":"https:\/\/www.europesays.com\/de\/wp-json\/wp\/v2\/media\/900424"}],"wp:attachment":[{"href":"https:\/\/www.europesays.com\/de\/wp-json\/wp\/v2\/media?parent=900423"}],"wp:term":[{"taxonomy":"category","embeddable":true,"href":"https:\/\/www.europesays.com\/de\/wp-json\/wp\/v2\/categories?post=900423"},{"taxonomy":"post_tag","embeddable":true,"href":"https:\/\/www.europesays.com\/de\/wp-json\/wp\/v2\/tags?post=900423"}],"curies":[{"name":"wp","href":"https:\/\/api.w.org\/{rel}","templated":true}]}}