{"id":900478,"date":"2026-03-27T09:50:16","date_gmt":"2026-03-27T09:50:16","guid":{"rendered":"https:\/\/www.europesays.com\/de\/900478\/"},"modified":"2026-03-27T09:50:16","modified_gmt":"2026-03-27T09:50:16","slug":"bis-zu-1000-teilnehmer-am-tag-der-mathematik-in-berlin-erwartet","status":"publish","type":"post","link":"https:\/\/www.europesays.com\/de\/900478\/","title":{"rendered":"Bis zu 1000 Teilnehmer am Tag der Mathematik in Berlin erwartet"},"content":{"rendered":"<p class=\"tspADfr tspADfs\">Welchen Weg nehmen die Kugeln an einem runden Billardtisch? Und lassen sich bestimmte Bruchzahlen als Summe zweier benachbarter Stammbr\u00fcche schreiben? Mit solch kniffligen mathematischen Problemen werden sich beim 19. Berliner Tag der Mathematik am 25. April zahlreiche Berliner Sch\u00fclerinnen und Sch\u00fcler auseinandersetzen. Der Teamwettbewerb findet in diesem Jahr an der Freien Universit\u00e4t (FU) statt und es sind noch Pl\u00e4tze frei.<\/p>\n<p>Tagesspiegel Checkpoint: Berlins beliebtester Newsletter<\/p>\n<p><img decoding=\"async\" src=\"https:\/\/www.europesays.com\/de\/wp-content\/uploads\/2025\/04\/cp-icon.png\" alt=\"\" class=\"tspAIfu\"\/><\/p>\n<p class=\"tspAIgl\"> Der schnellste Berlin-\u00dcberblick von Montag bis Samstag. <\/p>\n<p class=\"tspADfr\">Geknobelt, gerechnet und ausf\u00fchrlich begr\u00fcndet wird in drei Altersklassen: in den Jahrg\u00e4ngen sieben bis acht, neun bis zehn sowie elf bis 13. Die bereits mehr als 110 angemeldeten Teams aus drei bis f\u00fcnf Teilnehmenden haben so sprechende Namen wie \u201eMathstermind\u201c, \u201eAlbert F\u00fcnfstein\u201c, \u201eNullstellen Ninjas\u201c oder \u201e\u03c0-raten\u201c. <\/p>\n<p class=\"tspADfr\">Die Anmeldung ist kostenlos und erfolgt privat. Die Teilnehmenden eines Teams m\u00fcssen aber aus den entsprechenden Jahrgangsstufen einer einzelnen Schule stammen. \u201eWir hoffen, wir werden wieder das Limit von 1000 Teilnehmenden erreichen\u201c, sagt Ralf Bornd\u00f6rfer, der an der FU diskrete Mathematik lehrt. Gemeinsam mit seinem Kollegen Holger Reich koordiniert Bornd\u00f6rfer die rund 160 Helfenden, von denen ein gro\u00dfer Teil an diesem Tag die Aufgaben auswertet.<\/p>\n<p> Pendant zum Nobelpreis <\/p>\n<p class=\"tspADfr\">Die Teilnahme ist nicht nur wegen des Gruppenerlebnisses attraktiv, es winken auch Geld- und Sachpreise. Hauptpreis ist traditionell der \u201eKleine Abelpreis\u201c in den Jahrgangsstufen elf bis 13. Das Siegerteam f\u00e4hrt zur Verleihung Ende Mai nach Oslo. Der Preis der Norwegischen Akademie der Wissenschaften gilt als Pendant zum Nobelpreis und hat in diesem Jahr besondere Bedeutung: \u201eErstmals geht die seit 2003 verliehene Auszeichnung mit Gerd Faltings an einen deutschen Mathematiker\u201c, sagt FU-Professorin Marita Thomas, die das Siegerteam nach Oslo begleiten wird.<\/p>\n<p class=\"tspADfr\">Der Berliner Nachwuchs wird am 25. April in der Mensa II der FU drei Stunden lang \u00fcber seinen Aufgaben br\u00fcten. Hilfsmittel wie Taschenrechner oder Smartphones sind dabei nicht gestattet. <\/p>\n<p class=\"tspADfr\">Nach dem Wettbewerb und vor der Preisverleihung finden spannende Vortr\u00e4ge statt: J\u00fcrg Kramer, Mathematiker an der Humboldt Universit\u00e4t, wird erkl\u00e4ren, was die gro\u00dfen Leistungen des Abel-Preistr\u00e4gers Faltings in der arithmetischen Geometrie sind. \u201eWenn jemand das auf Schulniveau kann, ist das Kramer\u201c, sagt Bornd\u00f6rfer. Andere Vortr\u00e4ge besch\u00e4ftigen sich mit Mathematik und KI, mit QR-Codes und Navigationssystemen, Recommender-Systemen im Internet und mit den Paradoxien der Wahrscheinlichkeitsrechnung.<\/p>\n<p>Mehr zum Thema: <a href=\"https:\/\/www.tagesspiegel.de\/wissen\/lehrkrafte-schlagen-alarm-immer-mehr-schuler-schaffen-es-kaum-einem-thema-langer-zu-folgen-als-ein-popsong-dauert-15341083.html?icid=topic-list_15404929___\" data-gtm-class=\"article-mzt-link\" data-hydrate-fingerprint=\"09740a54944caac75fd2c0c63fd5c5df\" data-hydrate-props=\"{&amp;escapedquot;element&amp;escapedquot;:{&amp;escapedquot;type&amp;escapedquot;:&amp;escapedquot;relatedContent&amp;escapedquot;,&amp;escapedquot;fieldMap&amp;escapedquot;:{},&amp;escapedquot;relation&amp;escapedquot;:{&amp;escapedquot;fields&amp;escapedquot;:{&amp;escapedquot;isPaid&amp;escapedquot;:true},&amp;escapedquot;href&amp;escapedquot;:&amp;escapedquot;\/wissen\/lehrkrafte-schlagen-alarm-immer-mehr-schuler-schaffen-es-kaum-einem-thema-langer-zu-folgen-als-ein-popsong-dauert-15341083.html&amp;escapedquot;,&amp;escapedquot;teaserTitle&amp;escapedquot;:{&amp;escapedquot;kicker&amp;escapedquot;:&amp;escapedquot;Lehrkr\u00e4fte schlagen Alarm&amp;escapedquot;,&amp;escapedquot;headline&amp;escapedquot;:&amp;escapedquot;\u201eImmer mehr Sch\u00fcler schaffen es kaum, einem Thema l\u00e4nger zu folgen, als ein Popsong dauert\u201c&amp;escapedquot;},&amp;escapedquot;id&amp;escapedquot;:&amp;escapedquot;15341083&amp;escapedquot;,&amp;escapedquot;type&amp;escapedquot;:&amp;escapedquot;story&amp;escapedquot;},&amp;escapedquot;isPartOfList&amp;escapedquot;:true,&amp;escapedquot;topicListType&amp;escapedquot;:&amp;escapedquot;topic-list&amp;escapedquot;},&amp;escapedquot;showArrow&amp;escapedquot;:true}\" data-hydrate-slots=\"{&#039;default&#039;:[]}\" class=\"tspA4iq tspA5ix\" rel=\"nofollow noopener\" target=\"_blank\">Lehrkr\u00e4fte schlagen Alarm \u201eImmer mehr Sch\u00fcler schaffen es kaum, einem Thema l\u00e4nger zu folgen, als ein Popsong dauert\u201c <\/a><a href=\"https:\/\/www.tagesspiegel.de\/berlin\/schule\/aufnahmetest-zum-gymnasium-nur-15-von-1223-kindern-bestehen-den-berliner-probeunterricht-15319262.html?icid=topic-list_15404929___\" data-gtm-class=\"article-mzt-link\" data-hydrate-fingerprint=\"09740a54944caac75fd2c0c63fd5c5df\" data-hydrate-props=\"{&amp;escapedquot;element&amp;escapedquot;:{&amp;escapedquot;type&amp;escapedquot;:&amp;escapedquot;relatedContent&amp;escapedquot;,&amp;escapedquot;fieldMap&amp;escapedquot;:{},&amp;escapedquot;relation&amp;escapedquot;:{&amp;escapedquot;fields&amp;escapedquot;:{&amp;escapedquot;isPaid&amp;escapedquot;:null},&amp;escapedquot;href&amp;escapedquot;:&amp;escapedquot;\/berlin\/schule\/aufnahmetest-zum-gymnasium-nur-15-von-1223-kindern-bestehen-den-berliner-probeunterricht-15319262.html&amp;escapedquot;,&amp;escapedquot;teaserTitle&amp;escapedquot;:{&amp;escapedquot;kicker&amp;escapedquot;:&amp;escapedquot;Aufnahmetest zum Gymnasium&amp;escapedquot;,&amp;escapedquot;headline&amp;escapedquot;:&amp;escapedquot;Nur 15 von 1223 Kindern bestehen den Berliner Probeunterricht&amp;escapedquot;},&amp;escapedquot;id&amp;escapedquot;:&amp;escapedquot;15319262&amp;escapedquot;,&amp;escapedquot;type&amp;escapedquot;:&amp;escapedquot;story&amp;escapedquot;},&amp;escapedquot;isPartOfList&amp;escapedquot;:true,&amp;escapedquot;topicListType&amp;escapedquot;:&amp;escapedquot;topic-list&amp;escapedquot;},&amp;escapedquot;showArrow&amp;escapedquot;:true}\" data-hydrate-slots=\"{&#039;default&#039;:[]}\" class=\"tspA4iq tspA5ix\" rel=\"nofollow noopener\" target=\"_blank\">Aufnahmetest zum Gymnasium Nur 15 von 1223 Kindern bestehen den Berliner Probeunterricht <\/a><a href=\"https:\/\/www.tagesspiegel.de\/berlin\/schule\/leonardo-da-vinci-hatte-den-probeunterricht-nicht-bestanden-kann-man-berliner-grundschulnoten-wirklich-vergleichen-15289362.html?icid=topic-list_15404929___\" data-gtm-class=\"article-mzt-link\" data-hydrate-fingerprint=\"09740a54944caac75fd2c0c63fd5c5df\" data-hydrate-props=\"{&amp;escapedquot;element&amp;escapedquot;:{&amp;escapedquot;type&amp;escapedquot;:&amp;escapedquot;relatedContent&amp;escapedquot;,&amp;escapedquot;fieldMap&amp;escapedquot;:{},&amp;escapedquot;relation&amp;escapedquot;:{&amp;escapedquot;fields&amp;escapedquot;:{&amp;escapedquot;isPaid&amp;escapedquot;:true},&amp;escapedquot;href&amp;escapedquot;:&amp;escapedquot;\/berlin\/schule\/leonardo-da-vinci-hatte-den-probeunterricht-nicht-bestanden-kann-man-berliner-grundschulnoten-wirklich-vergleichen-15289362.html&amp;escapedquot;,&amp;escapedquot;teaserTitle&amp;escapedquot;:{&amp;escapedquot;kicker&amp;escapedquot;:&amp;escapedquot;Da Vinci h\u00e4tte den Probeunterricht nicht bestanden&amp;escapedquot;,&amp;escapedquot;headline&amp;escapedquot;:&amp;escapedquot;Kann man Berliner Grundschulnoten wirklich vergleichen?&amp;escapedquot;},&amp;escapedquot;id&amp;escapedquot;:&amp;escapedquot;15289362&amp;escapedquot;,&amp;escapedquot;type&amp;escapedquot;:&amp;escapedquot;story&amp;escapedquot;},&amp;escapedquot;isPartOfList&amp;escapedquot;:true,&amp;escapedquot;topicListType&amp;escapedquot;:&amp;escapedquot;topic-list&amp;escapedquot;},&amp;escapedquot;showArrow&amp;escapedquot;:true}\" data-hydrate-slots=\"{&#039;default&#039;:[]}\" class=\"tspA4iq tspA5ix\" rel=\"nofollow noopener\" target=\"_blank\">Da Vinci h\u00e4tte den Probeunterricht nicht bestanden Kann man Berliner Grundschulnoten wirklich vergleichen? <\/a><\/p>\n<p class=\"tspADfr\">Ein weiterer Vortrag handelt vom engen Zusammenhang zwischen Zauberkunstst\u00fccken und Mathematik, ihn h\u00e4lt Ehrhard Behrends. Der emeritierte FU-Mathematiker hatte 1995 den Teamwettbewerb gemeinsam mit seinem verstorbenen Kollegen Martin Aigner ins Leben gerufen. Seitdem findet der Berliner Tag der Mathematik j\u00e4hrlich im Rotationsprinzip an der FU, der HU, der Technischen Universit\u00e4t und der Berliner Hochschule f\u00fcr Technik statt. <\/p>\n","protected":false},"excerpt":{"rendered":"Welchen Weg nehmen die Kugeln an einem runden Billardtisch? Und lassen sich bestimmte Bruchzahlen als Summe zweier benachbarter&hellip;\n","protected":false},"author":2,"featured_media":900479,"comment_status":"","ping_status":"","sticky":false,"template":"","format":"standard","meta":{"footnotes":"","_share_on_mastodon":"0"},"categories":[1825],"tags":[296,29,14398,30,3295,966],"class_list":["post-900478","post","type-post","status-publish","format-standard","has-post-thumbnail","category-berlin","tag-berlin","tag-deutschland","tag-future-technologies","tag-germany","tag-hochschulen","tag-schule"],"share_on_mastodon":{"url":"https:\/\/pubeurope.com\/@de\/116300521609800101","error":""},"_links":{"self":[{"href":"https:\/\/www.europesays.com\/de\/wp-json\/wp\/v2\/posts\/900478","targetHints":{"allow":["GET"]}}],"collection":[{"href":"https:\/\/www.europesays.com\/de\/wp-json\/wp\/v2\/posts"}],"about":[{"href":"https:\/\/www.europesays.com\/de\/wp-json\/wp\/v2\/types\/post"}],"author":[{"embeddable":true,"href":"https:\/\/www.europesays.com\/de\/wp-json\/wp\/v2\/users\/2"}],"replies":[{"embeddable":true,"href":"https:\/\/www.europesays.com\/de\/wp-json\/wp\/v2\/comments?post=900478"}],"version-history":[{"count":0,"href":"https:\/\/www.europesays.com\/de\/wp-json\/wp\/v2\/posts\/900478\/revisions"}],"wp:featuredmedia":[{"embeddable":true,"href":"https:\/\/www.europesays.com\/de\/wp-json\/wp\/v2\/media\/900479"}],"wp:attachment":[{"href":"https:\/\/www.europesays.com\/de\/wp-json\/wp\/v2\/media?parent=900478"}],"wp:term":[{"taxonomy":"category","embeddable":true,"href":"https:\/\/www.europesays.com\/de\/wp-json\/wp\/v2\/categories?post=900478"},{"taxonomy":"post_tag","embeddable":true,"href":"https:\/\/www.europesays.com\/de\/wp-json\/wp\/v2\/tags?post=900478"}],"curies":[{"name":"wp","href":"https:\/\/api.w.org\/{rel}","templated":true}]}}