{"id":900523,"date":"2026-03-27T10:14:15","date_gmt":"2026-03-27T10:14:15","guid":{"rendered":"https:\/\/www.europesays.com\/de\/900523\/"},"modified":"2026-03-27T10:14:15","modified_gmt":"2026-03-27T10:14:15","slug":"das-gilt-fuer-reisende-an-diesem-wochenende-in-augsburg","status":"publish","type":"post","link":"https:\/\/www.europesays.com\/de\/900523\/","title":{"rendered":"Das gilt f\u00fcr Reisende an diesem Wochenende in Augsburg"},"content":{"rendered":"<p class=\"mb-6 text-xs md:text-m lg:text-l font-serif group-[.font-sans]:font-sans \">\n    Reisende am <a href=\"https:\/\/www.augsburger-allgemeine.de\/augsburg\/allgemeinverfuegung-in-bayern-polizei-verbietet-waffen-am-hauptbahnhof-augsburg-113843495\" target=\"_self\" class=\"underline \" rel=\"nofollow noopener\">Augsburger Hauptbahnhof m\u00fcssen an diesem Wochenende<\/a> genau auf ihren Tascheninhalt achten: Die Bundespolizei hat an sechs bayerischen Bahnh\u00f6fen eine strikte Verbotszone f\u00fcr Messer und Waffen verh\u00e4ngt. Die Polizei will mit dem Schwerpunkteinsatz Gewalt und \u00dcbergriffe an Bahnh\u00f6fen verhindern und Reisende und das Personal vor Ort sch\u00fctzen.\n  <\/p>\n<p class=\"mb-6 text-xs md:text-m lg:text-l font-serif group-[.font-sans]:font-sans \">\n    Zuletzt wurde in <a href=\"https:\/\/augsburger-allgemeine.de\/bayern\/\" target=\"_self\" class=\"underline \" rel=\"nofollow noopener\">Bayern<\/a> das Mitf\u00fchren von Waffen verboten, <a href=\"https:\/\/www.augsburger-allgemeine.de\/augsburg\/fussball-em-2024-waffenverbotszone-wegen-em-im-augsburger-hauptbahnhof-id71080671.html\" target=\"_self\" class=\"underline \" rel=\"nofollow noopener\">wenn mit einem hohen Reiseaufkommen zu rechnen war<\/a>. An diesem Freitag, 27. M\u00e4rz, starten in Bayern die Osterferien. In den Z\u00fcgen der Deutschen Bahn ist die Auslastung rund um <a href=\"https:\/\/www.augsburger-allgemeine.de\/panorama\/feiertage\/wann-ist-ostern-2025-bedeutung-datum-und-ferien-termine-18-5-25-106660791\" target=\"_self\" class=\"underline \" rel=\"nofollow noopener\">Ostern<\/a> erfahrungsgem\u00e4\u00df besonders hoch.\u00a0\n  <\/p>\n<p>            Messerverbotszone an sechs bayerischen Bahnh\u00f6fen: Darauf m\u00fcssen Reisende achten<\/p>\n<p class=\"mb-6 text-xs md:text-m lg:text-l font-serif group-[.font-sans]:font-sans \">\n    Die Waffenverbotszonen gelten von Freitag, 27. M\u00e4rz, ab 15 Uhr bis Sonntag, 29. M\u00e4rz, 3 Uhr, f\u00fcr den gesamten Bahnhofsbereich. Die Ma\u00dfnahme betrifft neben <a href=\"https:\/\/www.augsburger-allgemeine.de\/augsburg\/\" target=\"_self\" class=\"underline \" rel=\"nofollow noopener\">Augsburg<\/a> auch die <a href=\"https:\/\/www.augsburger-allgemeine.de\/bayern\/s-bahn-muenchen-streckensperrung-einschraenkungen-an-der-stammstrecke-in-den-osterferien-113739032\" target=\"_self\" class=\"underline \" rel=\"nofollow noopener\">Hauptbahnh\u00f6fe in M\u00fcnchen<\/a>, N\u00fcrnberg, Regensburg, W\u00fcrzburg und Aschaffenburg.\n  <\/p>\n<p class=\"mb-6 text-xs md:text-m lg:text-l font-serif group-[.font-sans]:font-sans \">\n    F\u00fcr Fahrg\u00e4ste bedeutet das vor allem: Taschen und Gep\u00e4ck pr\u00fcfen! Das Verbot gilt auf allen Ebenen des Bahnhofs \u2013 von der Empfangshalle \u00fcber die Unterf\u00fchrungen bis hin zu den Bahnsteigen. Auch die S-Bahnhaltestellen an den Hauptbahnh\u00f6fen z\u00e4hlen dazu. Die Bundespolizei wird die Einhaltung vor Ort \u00fcberwachen.<\/p>\n<p>An den sechs Hauptbahnh\u00f6fen sind folgende Waffen und gef\u00e4hrliche Gegenst\u00e4nde verboten:\n  <\/p>\n<ul rel=\"\" class=\"[&amp;&gt;li]:relative list-none  [&amp;&gt;li]:pl-[1.2em] [&amp;&gt;li]:marker:text-[0] [&amp;&gt;li]:relative [&amp;&gt;li]:before:absolute [&amp;&gt;li]:before:w-3 [&amp;&gt;li]:before:h-3 [&amp;&gt;li]:before:bg-brand [&amp;&gt;li]:before:left-0 [&amp;&gt;li]:before:top-[8px] [&amp;&gt;li]:before:rounded-full  my-5\">\n<li class=\" mb-3 text-xs md:text-m lg:text-l\">Messer aller Art &#8211; auch Taschenmesser<\/li>\n<li class=\" mb-3 text-xs md:text-m lg:text-l\">Hieb-, Sto\u00df- und Stichwaffen<\/li>\n<li class=\" mb-3 text-xs md:text-m lg:text-l\">Schusswaffen, Schreckschusswaffen<\/li>\n<li class=\" mb-3 text-xs md:text-m lg:text-l\">Andere gef\u00e4hrliche Werkzeuge<\/li>\n<\/ul>\n<p>            Mitf\u00fchren von Messern und Waffen an Bahnh\u00f6fen in Bayern verboten<\/p>\n<p class=\"mb-6 text-xs md:text-m lg:text-l font-serif group-[.font-sans]:font-sans \">\n    Wer solche Gegenst\u00e4nde mittr\u00e4gt, muss mit Konsequenzen rechnen. Die Polizei kann die Waffen, aber auch Taschenmesser und Scheren, umgehend abnehmen. Zudem drohen Bu\u00dfgelder, Platzverweise oder ein Hausverbot f\u00fcr den Bahnhof. In den Bahnh\u00f6fen sollen Plakate ausgeh\u00e4ngt werden, die auf das Mitf\u00fchrverbot hinweisen.\n  <\/p>\n<p>      <a href=\"https:\/\/www.augsburger-allgemeine.de\/politik\/kriminalitaet-mehrheit-glaubt-nicht-an-wirksamkeit-von-messerverbotszonen-109145255\" class=\"hidden  &#010;                md:block md:mr-5 md:min-w-[140px]  aspect-photo md:aspect-tv lg:aspect-tv w-fullXXX relative self-start inline overflow-hidden\" rel=\"nofollow noopener\" target=\"_blank\"><\/p>\n<p>    <img decoding=\"async\" src=\"\" alt=\"In Baden-W\u00fcrttemberg gibt es immer mehr \u00f6ffentliche Bereiche, in denen Waffen und Messer verboten sind. (Symbolbild)\" title=\"In Baden-W\u00fcrttemberg gibt es immer mehr \u00f6ffentliche Bereiche, in denen Waffen und Messer verboten sind. (Symbolbild)\" loading=\"lazy\" class=\"h-full w-full object-cover\"\/><br \/>\n   <\/a><\/p>\n<p class=\"mb-6 text-xs md:text-m lg:text-l font-serif group-[.font-sans]:font-sans \">\n    Die Beh\u00f6rde betont zudem und machen darauf aufmerksam, dass Waffen oft eine reine Illusion von Sicherheit bieten. Im Gegenteil: Sie lassen Situationen oft schneller eskalieren, weil die eigene Risikobereitschaft steigt. Zudem erschweren sie es den Beamten im Ernstfall, schnell zwischen T\u00e4tern und Opfern zu unterscheiden. Schlimmstenfalls wird die eigene Waffe gegen einen selbst eingesetzt.\n  <\/p>\n<ul data-module-id=\"DragDropModule\" class=\"flex flex-wrap justify-start group-[.no-bookmarks]:hidden\">\n<li class=\"mb-3 mr-3\">\n    Tabea Kingdom<\/p>\n<p>      Icon Haken im Kreis gesetzt<\/p>\n<p>      Icon Plus im Kreis<\/p>\n<\/li>\n<li class=\"mb-3 mr-3\">\n    Messerverbot<\/p>\n<p>      Icon Haken im Kreis gesetzt<\/p>\n<p>      Icon Plus im Kreis<\/p>\n<\/li>\n<li class=\"mb-3 mr-3\">\n    Hauptbahnhof<\/p>\n<p>      Icon Haken im Kreis gesetzt<\/p>\n<p>      Icon Plus im Kreis<\/p>\n<\/li>\n<\/ul>\n","protected":false},"excerpt":{"rendered":"Reisende am Augsburger Hauptbahnhof m\u00fcssen an diesem Wochenende genau auf ihren Tascheninhalt achten: Die Bundespolizei hat an sechs&hellip;\n","protected":false},"author":2,"featured_media":900524,"comment_status":"","ping_status":"","sticky":false,"template":"","format":"standard","meta":{"footnotes":"","_share_on_mastodon":"0"},"categories":[1846],"tags":[680,2037,772,421,3364,29,548,663,3934,30,3601,13,19221,14,15,121,4562,12,197818,13667],"class_list":["post-900523","post","type-post","status-publish","format-standard","has-post-thumbnail","category-augsburg","tag-augsburg","tag-bahnhof","tag-bayern","tag-bundespolizei","tag-de","tag-deutschland","tag-eu","tag-europa","tag-europe","tag-germany","tag-hauptbahnhof","tag-headlines","tag-messerverbot","tag-nachrichten","tag-news","tag-polizei","tag-reise","tag-schlagzeilen","tag-tascheninhalt","tag-waffenverbotszone"],"share_on_mastodon":{"url":"https:\/\/pubeurope.com\/@de\/116300615941066580","error":""},"_links":{"self":[{"href":"https:\/\/www.europesays.com\/de\/wp-json\/wp\/v2\/posts\/900523","targetHints":{"allow":["GET"]}}],"collection":[{"href":"https:\/\/www.europesays.com\/de\/wp-json\/wp\/v2\/posts"}],"about":[{"href":"https:\/\/www.europesays.com\/de\/wp-json\/wp\/v2\/types\/post"}],"author":[{"embeddable":true,"href":"https:\/\/www.europesays.com\/de\/wp-json\/wp\/v2\/users\/2"}],"replies":[{"embeddable":true,"href":"https:\/\/www.europesays.com\/de\/wp-json\/wp\/v2\/comments?post=900523"}],"version-history":[{"count":0,"href":"https:\/\/www.europesays.com\/de\/wp-json\/wp\/v2\/posts\/900523\/revisions"}],"wp:featuredmedia":[{"embeddable":true,"href":"https:\/\/www.europesays.com\/de\/wp-json\/wp\/v2\/media\/900524"}],"wp:attachment":[{"href":"https:\/\/www.europesays.com\/de\/wp-json\/wp\/v2\/media?parent=900523"}],"wp:term":[{"taxonomy":"category","embeddable":true,"href":"https:\/\/www.europesays.com\/de\/wp-json\/wp\/v2\/categories?post=900523"},{"taxonomy":"post_tag","embeddable":true,"href":"https:\/\/www.europesays.com\/de\/wp-json\/wp\/v2\/tags?post=900523"}],"curies":[{"name":"wp","href":"https:\/\/api.w.org\/{rel}","templated":true}]}}