{"id":900567,"date":"2026-03-27T10:38:18","date_gmt":"2026-03-27T10:38:18","guid":{"rendered":"https:\/\/www.europesays.com\/de\/900567\/"},"modified":"2026-03-27T10:38:18","modified_gmt":"2026-03-27T10:38:18","slug":"unfall-auf-a2-bei-oberhausen-feuerwehr-schneidet-fahrer-aus-lkw-regional","status":"publish","type":"post","link":"https:\/\/www.europesays.com\/de\/900567\/","title":{"rendered":"Unfall auf A2 bei Oberhausen: Feuerwehr schneidet Fahrer aus Lkw | Regional"},"content":{"rendered":"<p><a class=\"skip-content skip-content--link\" href=\"#in-content-skip-link-target-v-0-0\">TTS-Player \u00fcberspringen\u21b5<\/a><a id=\"in-content-skip-link-target-v-0-0\" class=\"skip-content--target-link-hidden skip-content skip-content--target-link\" href=\"#in-content-skip-link-target-v-0-0\">Artikel weiterlesen<\/a><\/p>\n<p>Oberhausen (NRW) \u2013 <b>Dramatische Rettungsaktion auf der Autobahn 2 bei Oberhausen. Offenbar ungebremst krachte ein Laster in ein Stauende, ein zweiter Lkw kam nicht rechtzeitig zum Stehen und fuhr auf ihn auf, schob das Fahrerhaus noch weiter zusammen. Die Feuerwehr musste schweres Ger\u00e4t einsetzen, um die Insassen zu befreien.<\/b><\/p>\n<p>Der <a href=\"https:\/\/www.bild.de\/news\/aktuelles\/verkehrsunfall\/verkehrsunfaelle-alle-infos-76680804.bild.html\" class=\"text-link\" rel=\"nofollow noopener\" target=\"_blank\">Unfall<\/a> ereignete sich am Donnerstagabend gegen 18.30 Uhr auf der A2 in Fahrtrichtung K\u00f6ln. Wie die Feuerwehr Oberhausen (<a href=\"https:\/\/www.bild.de\/regional\/nordrhein-westfalen\/home-npIP0qL0giWP1ZFIOHn2\" class=\"text-link\" rel=\"nofollow noopener\" target=\"_blank\">Nordrhein-Westfalen<\/a>) berichtet, wurden drei Personen in ihren Fahrzeugen eingeklemmt und teils schwer verletzt. Nach der Notversorgung der Insassen und der Vollsperrung der Fahrbahn stand demnach die technische Rettung im Fokus. \u201eDiese gestaltete sich aufgrund der massiv deformierten F\u00fchrerh\u00e4user \u00e4u\u00dferst schwierig\u201c, hei\u00dft es.<\/p>\n<p><img decoding=\"async\" width=\"992\" height=\"558\" alt=\"Insgesamt 48 Einsatzkr\u00e4fte waren an der Unfallstelle im Einsatz\" src=\"https:\/\/www.europesays.com\/de\/wp-content\/uploads\/2026\/03\/4fa0aa3be58c994942e15fa0b3c1c715,a55e0f4.jpeg\"   class=\"landscape\" loading=\"lazy\"\/><\/p>\n<p class=\"fig__caption__text\">Insgesamt 48 Einsatzkr\u00e4fte waren an der Unfallstelle im Einsatz<\/p>\n<p>Foto: Justin Brosch<\/p>\n<p>Front eines Lasters bei Unfall v\u00f6llig zerst\u00f6rt<\/p>\n<p>Insbesondere die Befreiung der beiden Personen im vorderen Laster war wegen der starken Besch\u00e4digungen am Zugfahrzeug eine Herausforderung. Die Feuerwehr weiter: \u201eNach intensiven Einsatzma\u00dfnahmen gelang es den Rettungskr\u00e4ften, alle drei Verletzten aus den Wracks zu befreien und an den <a href=\"https:\/\/www.bild.de\/themen\/organisationen\/rettungsdienst\/politik-nachrichten-news-fotos-videos-19795274.bild.html\" class=\"text-link\" rel=\"nofollow noopener\" target=\"_blank\">Rettungsdienst<\/a> zu \u00fcbergeben.\u201c<\/p>\n<p>Mehr zum Thema<\/p>\n<p>Zwei der Schwerverletzten wurden mit Rettungshubschraubern in Spezialkliniken geflogen, zu ihrem aktuellen Gesundheitszustand gibt es noch keine Informationen. F\u00fcr mehrere Stunden kam es zu erheblichen Verkehrsbehinderungen. Die <a href=\"https:\/\/www.bild.de\/regional\/aktuelles\/polizei\/polizeieinsatz-alle-infos-76681760.bild.html\" class=\"text-link\" rel=\"nofollow noopener\" target=\"_blank\">Polizei<\/a> hat Ermittlungen zur genauen Unfallursache aufgenommen.<\/p>\n","protected":false},"excerpt":{"rendered":"TTS-Player \u00fcberspringen\u21b5Artikel weiterlesen Oberhausen (NRW) \u2013 Dramatische Rettungsaktion auf der Autobahn 2 bei Oberhausen. Offenbar ungebremst krachte ein&hellip;\n","protected":false},"author":2,"featured_media":900568,"comment_status":"","ping_status":"","sticky":false,"template":"","format":"standard","meta":{"footnotes":"","_share_on_mastodon":"0"},"categories":[1838],"tags":[11885,3364,29,3715,985,30,21101,1209,3728,121,15095,3906,138370,45,2624,8246,3260],"class_list":["post-900567","post","type-post","status-publish","format-standard","has-post-thumbnail","category-duisburg","tag-autobahn-a-2","tag-de","tag-deutschland","tag-duisburg","tag-feuerwehr","tag-germany","tag-lkw-crash","tag-nordrhein-westfalen","tag-oberhausen","tag-polizei","tag-rettung","tag-rettungsdienst","tag-team-first","tag-texttospeech","tag-unfaelle","tag-unfallverletzungen","tag-verkehrsunfall"],"share_on_mastodon":{"url":"https:\/\/pubeurope.com\/@de\/116300710576008446","error":""},"_links":{"self":[{"href":"https:\/\/www.europesays.com\/de\/wp-json\/wp\/v2\/posts\/900567","targetHints":{"allow":["GET"]}}],"collection":[{"href":"https:\/\/www.europesays.com\/de\/wp-json\/wp\/v2\/posts"}],"about":[{"href":"https:\/\/www.europesays.com\/de\/wp-json\/wp\/v2\/types\/post"}],"author":[{"embeddable":true,"href":"https:\/\/www.europesays.com\/de\/wp-json\/wp\/v2\/users\/2"}],"replies":[{"embeddable":true,"href":"https:\/\/www.europesays.com\/de\/wp-json\/wp\/v2\/comments?post=900567"}],"version-history":[{"count":0,"href":"https:\/\/www.europesays.com\/de\/wp-json\/wp\/v2\/posts\/900567\/revisions"}],"wp:featuredmedia":[{"embeddable":true,"href":"https:\/\/www.europesays.com\/de\/wp-json\/wp\/v2\/media\/900568"}],"wp:attachment":[{"href":"https:\/\/www.europesays.com\/de\/wp-json\/wp\/v2\/media?parent=900567"}],"wp:term":[{"taxonomy":"category","embeddable":true,"href":"https:\/\/www.europesays.com\/de\/wp-json\/wp\/v2\/categories?post=900567"},{"taxonomy":"post_tag","embeddable":true,"href":"https:\/\/www.europesays.com\/de\/wp-json\/wp\/v2\/tags?post=900567"}],"curies":[{"name":"wp","href":"https:\/\/api.w.org\/{rel}","templated":true}]}}