{"id":900580,"date":"2026-03-27T10:45:15","date_gmt":"2026-03-27T10:45:15","guid":{"rendered":"https:\/\/www.europesays.com\/de\/900580\/"},"modified":"2026-03-27T10:45:15","modified_gmt":"2026-03-27T10:45:15","slug":"osterprogramm-2026-mit-rallye-und-tierpfleger-fuehrungen","status":"publish","type":"post","link":"https:\/\/www.europesays.com\/de\/900580\/","title":{"rendered":"Osterprogramm 2026 mit Rallye und Tierpfleger-F\u00fchrungen"},"content":{"rendered":"<p>Osterferien <\/p>\n<p>Zoo Dresden bietet Rallye und Workshops f\u00fcr Kinder<\/p>\n<p>27.03.2026 &#8211; 11:38 UhrLesedauer: 1 Min.<\/p>\n<p><a href=\"#focus-0\" class=\"transition-colors duration-200 block text-current relative\" data-sctrack=\"FocusGalleryImage.Reference\"><img fetchpriority=\"high\" data-testid=\"Opener.Image\" style=\"--lqipURL:url('https:\/\/images.t-online.de\/2026\/03\/TYZNOlj5AKAx\/0x209:4000x2250\/fit-in\/150x0\/filters:blur(25)\/blick-auf-den-dresdner-zoo-archivbild.jpg')\"   loading=\"eager\" src=\"https:\/\/www.europesays.com\/de\/wp-content\/uploads\/2026\/03\/blick-auf-den-dresdner-zoo-archivbild.jpg\" alt=\"Blick auf den Dresdner Zoo (Archivbild):\" title=\"Blick auf den Dresdner Zoo (Archivbild):\" width=\"4000\" height=\"2250\" class=\"bg-[url:var(--lqipURL)] bg-cover bg-center flex h-full w-full max-w-full\" decoding=\"async\"\/><img style=\"--width:32;--height:32\" loading=\"lazy\" src=\"https:\/\/dresden.t-online.de\/s\/paper\/_next\/static\/media\/zoom-in.f7dae02f.svg\" alt=\"Vergr\u00f6\u00dfern des Bildes\" title=\"Vergr\u00f6\u00dfern des Bildes\" class=\"block h-[calc(var(--height)_\/_16_*_1rem)] w-[calc(var(--width)_\/_16_*_1rem)] max-w-none absolute bottom-8 right-8 rounded-4 bg-snow p-8\" decoding=\"async\"\/><\/a><\/p>\n<p>Blick auf den Dresdner Zoo (Archivbild): Der Zoo bietet w\u00e4hrend der Ferien drei Workshops an. (Quelle: Andreas Weihs via www.imago-images.de)<\/p>\n<p class=\"font-bold text-18 leading-17 user-text-lg:text-22 user-text-xl:text-24\">Vom 3. bis zum 12. April l\u00e4uft im Zoo Dresden ein Ferienprogramm. Es richtet sich an Kinder ab der zweiten Klasse.<\/p>\n<p class=\"text-18 leading-17 user-text-lg:text-22 user-text-xl:text-24\">Der Zoo Dresden hat f\u00fcr die Osterferien ein Programm f\u00fcr Familien zusammengestellt. Vom 3. bis zum 12. April gibt es eine Rallye, t\u00e4gliche Tierpfleger-F\u00fchrungen und drei Workshops.<\/p>\n<p class=\"text-18 leading-17 user-text-lg:text-22 user-text-xl:text-24\">Bei der Oster-Rallye suchen und z\u00e4hlen Kinder versteckte Eier in den Gehegen. Alle Teilnehmer erhalten ein kleines Geschenk und nehmen an einer Verlosung teil.<\/p>\n<p class=\"text-18 leading-17 user-text-lg:text-22 user-text-xl:text-24\">T\u00e4glich um 11 Uhr f\u00fchren Tierpfleger zu wechselnden Gehegen \u2013 etwa zum K\u00fckenschlupf, zu Raubtieren oder ins Orang-Utan-Haus.<\/p>\n<p class=\"text-18 leading-17 user-text-lg:text-22 user-text-xl:text-24\">Der Zoo bietet drei Ferienworkshops an: &#8222;Tierisch besch\u00e4ftigt&#8220; am 7. April, &#8222;Abenteuer Wasser&#8220; am 8. April (beide ab Klassenstufe 2) und &#8222;So geht Zoo&#8220; am 9. April (ab Klassenstufe 5).<\/p>\n","protected":false},"excerpt":{"rendered":"Osterferien Zoo Dresden bietet Rallye und Workshops f\u00fcr Kinder 27.03.2026 &#8211; 11:38 UhrLesedauer: 1 Min. Blick auf den&hellip;\n","protected":false},"author":2,"featured_media":900581,"comment_status":"","ping_status":"","sticky":false,"template":"","format":"standard","meta":{"footnotes":"","_share_on_mastodon":"0"},"categories":[1835],"tags":[722,3364,29,2386,6042,30,2453,36254,859,6990],"class_list":["post-900580","post","type-post","status-publish","format-standard","has-post-thumbnail","category-dresden","tag-722","tag-de","tag-deutschland","tag-dresden","tag-ferienprogramm","tag-germany","tag-osterferien","tag-rallye","tag-sachsen","tag-workshop"],"share_on_mastodon":{"url":"https:\/\/pubeurope.com\/@de\/116300738062318718","error":""},"_links":{"self":[{"href":"https:\/\/www.europesays.com\/de\/wp-json\/wp\/v2\/posts\/900580","targetHints":{"allow":["GET"]}}],"collection":[{"href":"https:\/\/www.europesays.com\/de\/wp-json\/wp\/v2\/posts"}],"about":[{"href":"https:\/\/www.europesays.com\/de\/wp-json\/wp\/v2\/types\/post"}],"author":[{"embeddable":true,"href":"https:\/\/www.europesays.com\/de\/wp-json\/wp\/v2\/users\/2"}],"replies":[{"embeddable":true,"href":"https:\/\/www.europesays.com\/de\/wp-json\/wp\/v2\/comments?post=900580"}],"version-history":[{"count":0,"href":"https:\/\/www.europesays.com\/de\/wp-json\/wp\/v2\/posts\/900580\/revisions"}],"wp:featuredmedia":[{"embeddable":true,"href":"https:\/\/www.europesays.com\/de\/wp-json\/wp\/v2\/media\/900581"}],"wp:attachment":[{"href":"https:\/\/www.europesays.com\/de\/wp-json\/wp\/v2\/media?parent=900580"}],"wp:term":[{"taxonomy":"category","embeddable":true,"href":"https:\/\/www.europesays.com\/de\/wp-json\/wp\/v2\/categories?post=900580"},{"taxonomy":"post_tag","embeddable":true,"href":"https:\/\/www.europesays.com\/de\/wp-json\/wp\/v2\/tags?post=900580"}],"curies":[{"name":"wp","href":"https:\/\/api.w.org\/{rel}","templated":true}]}}