{"id":900738,"date":"2026-03-27T12:14:14","date_gmt":"2026-03-27T12:14:14","guid":{"rendered":"https:\/\/www.europesays.com\/de\/900738\/"},"modified":"2026-03-27T12:14:14","modified_gmt":"2026-03-27T12:14:14","slug":"der-neue-kreuzer-ist-da-kreuzer-online","status":"publish","type":"post","link":"https:\/\/www.europesays.com\/de\/900738\/","title":{"rendered":"Der neue kreuzer ist da! \u2014 kreuzer online"},"content":{"rendered":"<p>\u00bbLangeweile ist ein Pulverfass<\/p>\n<p>Am Ende wirst du Fan von irgendwas\u00ab<\/p>\n<p>\u2013 Die Sterne, am 2.4. im Conne Island<\/p>\n<p>Wir sind im vierten Monat des Themenjahres J\u00fcdische Kultur in Sachsen und im dritten Jahr mit dem Erinnerungskultur-Konzept der Stadt Leipzig. Nun j\u00e4hrt sich die Geburt des Schriftstellers Edgar Hilsenrath 1926 in Leipzig am 2. April, richtig: zum 100. Mal und \u2013 es passiert nichts. Gar nichts. Keine Lesung in seiner Geburtsstadt, keine in Halle\/S., wo er aufgewachsen ist, ehe die Familie in die Bukowina floh. Dort wurde Hilsenrath ins Ghetto Mohyliw-Podilskyj verschleppt, ging nach dem Zweiten Weltkrieg nach Pal\u00e4stina, sp\u00e4ter nach New York und 1975 zur\u00fcck nach Deutschland \u2013 allem zum Trotz, der Sprache wegen. Am 30. Dezember 2018 ist er gestorben und nun also, wenige Jahre sp\u00e4ter, vergessen. So schnell geht das. Wer seine Romane \u00bbNacht\u00ab und \u00bbDer Nazi &amp; der Fris\u00f6r\u00ab gelesen hat, vergisst Edgar Hilsenrath niemals, wer ihn mal erleben durfte, ebenso wenig. <\/p>\n<p>Ich werde am Abend seines 100. Geburtstags an Edgar Hilsenrath denken, wenn ich im Conne Island auf die Sterne wartend Richtung B\u00fchne glotze. Wie viel Lebenszeit wir alle wohl schon damit vergeudet haben, auf eine leere B\u00fchne zu starren, weil die jeden Moment auftretende Band einfach nicht kommen will, und uns dabei ironische Betrachtungen des Zeitgeists ins Ohr zu br\u00fcllen, w\u00e4hrend das Bier in unserer sinnlos kalt werdenden Hand sinnlos warm wurde?<\/p>\n<p>Die Zeiten sind jedenfalls vorbei. Denn seit Kurzem veranstaltet eine B\u00e4ckerei im Westen der Stadt Konzerte \u2013 und w\u00e4hrend man dort die Band auf die leere B\u00fchne herbeisehnt, kann man Focaccia essen! Und wenn man aufgegessen hat und die Band immer noch nicht da ist \u2013 und nat\u00fcrlich ist die Band auch dort immer noch nicht da \u2013, kann man noch mal an die Theke gehen und sich ein St\u00fcck Kuchen holen. Dann steht man da und schnabuliert ein St\u00fcck Heidelbeer-K\u00e4sekuchen unter der Diskokugel.<\/p>\n<p>Das soll jetzt keine Werbung aus der kreuzer-Chefredaktion sein (sonst st\u00fcnde hier ja auch der Name der B\u00e4ckerei oder wenigstens mein Name auf deren G\u00e4steliste), aber ich will nie wieder etwas anderes tun als sp\u00e4tabends Kuchen unter der Diskokugel essen. Und nach dem Konzert ein Brot kaufen.<\/p>\n<p>BENJAMIN HEINE<\/p>\n<p>chefredaktion@kreuzer-leipzig.de<\/p>\n","protected":false},"excerpt":{"rendered":"\u00bbLangeweile ist ein Pulverfass Am Ende wirst du Fan von irgendwas\u00ab \u2013 Die Sterne, am 2.4. im Conne&hellip;\n","protected":false},"author":2,"featured_media":900739,"comment_status":"","ping_status":"","sticky":false,"template":"","format":"standard","meta":{"footnotes":"","_share_on_mastodon":"0"},"categories":[1832],"tags":[2175,3364,29,30,80,2075,71,93,16,859,26667,94,3866],"class_list":["post-900738","post","type-post","status-publish","format-standard","has-post-thumbnail","category-leipzig","tag-april","tag-de","tag-deutschland","tag-germany","tag-kultur","tag-kunst","tag-leipzig","tag-literatur","tag-politik","tag-sachsen","tag-stadtleben","tag-theater","tag-veranstaltungen"],"share_on_mastodon":{"url":"https:\/\/pubeurope.com\/@de\/116301087952908342","error":""},"_links":{"self":[{"href":"https:\/\/www.europesays.com\/de\/wp-json\/wp\/v2\/posts\/900738","targetHints":{"allow":["GET"]}}],"collection":[{"href":"https:\/\/www.europesays.com\/de\/wp-json\/wp\/v2\/posts"}],"about":[{"href":"https:\/\/www.europesays.com\/de\/wp-json\/wp\/v2\/types\/post"}],"author":[{"embeddable":true,"href":"https:\/\/www.europesays.com\/de\/wp-json\/wp\/v2\/users\/2"}],"replies":[{"embeddable":true,"href":"https:\/\/www.europesays.com\/de\/wp-json\/wp\/v2\/comments?post=900738"}],"version-history":[{"count":0,"href":"https:\/\/www.europesays.com\/de\/wp-json\/wp\/v2\/posts\/900738\/revisions"}],"wp:featuredmedia":[{"embeddable":true,"href":"https:\/\/www.europesays.com\/de\/wp-json\/wp\/v2\/media\/900739"}],"wp:attachment":[{"href":"https:\/\/www.europesays.com\/de\/wp-json\/wp\/v2\/media?parent=900738"}],"wp:term":[{"taxonomy":"category","embeddable":true,"href":"https:\/\/www.europesays.com\/de\/wp-json\/wp\/v2\/categories?post=900738"},{"taxonomy":"post_tag","embeddable":true,"href":"https:\/\/www.europesays.com\/de\/wp-json\/wp\/v2\/tags?post=900738"}],"curies":[{"name":"wp","href":"https:\/\/api.w.org\/{rel}","templated":true}]}}