{"id":900786,"date":"2026-03-27T12:41:15","date_gmt":"2026-03-27T12:41:15","guid":{"rendered":"https:\/\/www.europesays.com\/de\/900786\/"},"modified":"2026-03-27T12:41:15","modified_gmt":"2026-03-27T12:41:15","slug":"fc-bayern-neuer-wird-40-nur-2-torhueter-spielten-in-top-ligen-oefter-zu-null","status":"publish","type":"post","link":"https:\/\/www.europesays.com\/de\/900786\/","title":{"rendered":"FC Bayern: Neuer wird 40 \u2013 Nur 2 Torh\u00fcter spielten in Top-Ligen \u00f6fter zu null"},"content":{"rendered":"<p>Torwartlegende\u00a0<\/p>\n<p>                                    <img decoding=\"async\" src=\"https:\/\/www.europesays.com\/de\/wp-content\/uploads\/2026\/03\/manuel-neuer-fc-bayern-2025-26-1759652754-179476.jpg\" title=\"FC Bayern: Neuer wird 40 \u2013 Nur 2 Torh\u00fcter spielten in Top-Ligen \u00f6fter zu null \" alt=\"FC Bayern: Neuer wird 40 \u2013 Nur 2 Torh\u00fcter spielten in Top-Ligen \u00f6fter zu null \"\/><\/p>\n<p>\n                                       \u00a9IMAGO\n                                    <\/p>\n<p>Torwartlegende <a title=\"Manuel Neuer\" href=\"https:\/\/www.transfermarkt.de\/manuel-neuer\/profil\/spieler\/17259\" target=\"_blank\" rel=\"nofollow noopener\">Manuel Neuer<\/a> feiert heute seinen 40. Geburtstag. Der <a href=\"https:\/\/www.transfermarkt.de\/transfers\/transferrekorde\/statistik\/top\/plus\/0\/galerie\/0?saison_id=alle&amp;land_id=40&amp;ausrichtung=&amp;spielerposition_id=1&amp;altersklasse=&amp;jahrgang=0&amp;leihe=&amp;w_s=\" target=\"_blank\" rel=\"nofollow noopener\">teuerste Deutsche Torh\u00fcter der Fu\u00dfballgeschichte<\/a> hat alles gewonnen: <a title=\"Weltmeisterschaft\" href=\"https:\/\/www.transfermarkt.de\/weltmeisterschaft\/startseite\/wettbewerb\/FIWC\" target=\"_blank\" rel=\"nofollow noopener\">Weltmeister<\/a> 2014, zweimaliger <a title=\"UEFA Champions League\" href=\"https:\/\/www.transfermarkt.de\/uefa-champions-league\/startseite\/wettbewerb\/CL\" target=\"_blank\" rel=\"nofollow noopener\">Champions-League<\/a>-Sieger plus zahlreiche <a title=\"Bundesliga\" href=\"https:\/\/www.transfermarkt.de\/bundesliga\/startseite\/wettbewerb\/L1\" target=\"_blank\" rel=\"nofollow noopener\">Bundesliga<\/a>&#8211; und <a title=\"DFB-Pokal\" href=\"https:\/\/www.transfermarkt.de\/dfb-pokal\/startseite\/wettbewerb\/DFB\" target=\"_blank\" rel=\"nofollow noopener\">DFB-Pokal<\/a>-Titel. W\u00e4hrend St\u00fcrmer die Schlagzeilen bestimmen und Mittelfeldspieler das Tempo diktieren, sind es oft die Torh\u00fcter, die Siege festhalten und konstant f\u00fcr Weltklasse stehen.<\/p>\n<p><\/p>\n<p>Sie etablierten sich zu Legenden der <a title=\"Premier League\" href=\"https:\/\/www.transfermarkt.de\/premier-league\/startseite\/wettbewerb\/GB1\" target=\"_blank\" rel=\"nofollow noopener\">Premier League<\/a>, Ikonen der <a title=\"LaLiga\" href=\"https:\/\/www.transfermarkt.de\/laliga\/startseite\/wettbewerb\/ES1\" target=\"_blank\" rel=\"nofollow noopener\">LaLiga<\/a> und Bollwerken der Bundesliga, die es zur Gewohnheit gemacht haben, ihre Gegner zur Verzweiflung zu bringen. Transfermarkt blickt auf die Torh\u00fcter mit den meisten Zu-Null-Spielen in den f\u00fcnf Top-Ligen Europas seit dem Jahr 2000.<\/p>\n<p><img loading=\"lazy\" decoding=\"async\" src=\"https:\/\/www.europesays.com\/de\/wp-content\/uploads\/2026\/03\/meiste-weisse-westen-seit-2000-1774606111-193208.png\" alt=\"meiste wei\u00dfe Westen seit 2000\" width=\"503\" height=\"629\"\/><\/p>\n<p>Angef\u00fchrt wird die Liste von Italien-Legende <a title=\"Gianluigi Buffon\" href=\"https:\/\/www.transfermarkt.de\/gianluigi-buffon\/profil\/spieler\/5023\" target=\"_blank\" rel=\"nofollow noopener\">Gianluigi Buffon<\/a>. Der fr\u00fchere Keeper von <a title=\"Juventus Turin\" href=\"https:\/\/www.transfermarkt.de\/juventus-turin\/startseite\/verein\/506\" target=\"_blank\" rel=\"nofollow noopener\">Juventus<\/a> kommt auf 263 Zu-Null-Spiele in 560 Partien f\u00fcr die Alte Dame, <a title=\"Parma Calcio 1913\" href=\"https:\/\/www.transfermarkt.de\/parma-calcio-1913\/startseite\/verein\/130\" target=\"_blank\" rel=\"nofollow noopener\">Parma<\/a> und <a title=\"FC Paris Saint-Germain\" href=\"https:\/\/www.transfermarkt.de\/fc-paris-saint-germain\/startseite\/verein\/583\" target=\"_blank\" rel=\"nofollow noopener\">Paris Saint-Germain<\/a>. Auf Rang zwei folgt der Spanier <a title=\"Pepe Reina\" href=\"https:\/\/www.transfermarkt.de\/pepe-reina\/profil\/spieler\/7825\" target=\"_blank\" rel=\"nofollow noopener\">Pepe Reina<\/a> mit 255 Spielen ohne Gegentor in 665 Eins\u00e4tzen f\u00fcr den <a title=\"FC Barcelona\" href=\"https:\/\/www.transfermarkt.de\/fc-barcelona\/startseite\/verein\/131\" target=\"_blank\" rel=\"nofollow noopener\">FC Barcelona<\/a>, <a title=\"FC Villarreal\" href=\"https:\/\/www.transfermarkt.de\/fc-villarreal\/startseite\/verein\/1050\" target=\"_blank\" rel=\"nofollow noopener\">Villarreal<\/a>, <a title=\"FC Liverpool\" href=\"https:\/\/www.transfermarkt.de\/fc-liverpool\/startseite\/verein\/31\" target=\"_blank\" rel=\"nofollow noopener\">FC Liverpool<\/a>, <a title=\"SSC Neapel\" href=\"https:\/\/www.transfermarkt.de\/ssc-neapel\/startseite\/verein\/6195\" target=\"_blank\" rel=\"nofollow noopener\">SSC Neapel<\/a>, <a title=\"FC Bayern M\u00fcnchen\" href=\"https:\/\/www.transfermarkt.de\/fc-bayern-m-nchen\/startseite\/verein\/27\" target=\"_blank\" rel=\"nofollow noopener\">Bayern M\u00fcnchen<\/a>, <a title=\"AC Mailand\" href=\"https:\/\/www.transfermarkt.de\/ac-mailand\/startseite\/verein\/5\" target=\"_blank\" rel=\"nofollow noopener\">AC Mailand<\/a>, <a title=\"Aston Villa\" href=\"https:\/\/www.transfermarkt.de\/aston-villa\/startseite\/verein\/405\" target=\"_blank\" rel=\"nofollow noopener\">Aston Villa<\/a>, <a title=\"Lazio Rom\" href=\"https:\/\/www.transfermarkt.de\/lazio-rom\/startseite\/verein\/398\" target=\"_blank\" rel=\"nofollow noopener\">Lazio<\/a> und <a title=\"Como 1907\" href=\"https:\/\/www.transfermarkt.de\/como-1907\/startseite\/verein\/1047\" target=\"_blank\" rel=\"nofollow noopener\">Como<\/a> \u2013 ein klassischer Wandervogel.<\/p>\n<p><\/p>\n<p>Den dritten Platz belegt Neuer mit 245 Zu-Null-Spielen in 542 Partien. Das Schalker Eigengew\u00e4chs k\u00f6nnte die Marke in dieser und der kommenden Saison im Trikot des FC Bayern weiter ausbauen und in der Rangliste klettern.<\/p>\n<p><a title=\"Hier klicken f\u00fcr die komplette Liste der wertvollsten \u00dc40-Fu\u00dfballer!\" href=\"https:\/\/www.transfermarkt.de\/spieler-statistik\/wertvollstespieler\/marktwertetop\/plus\/0\/galerie\/0?ausrichtung=alle&amp;spielerposition_id=alle&amp;altersklasse=o40&amp;jahrgang=0&amp;land_id=0&amp;kontinent_id=0&amp;jahr=0&amp;yt0=Anzeigen\" target=\"_blank\" rel=\"nofollow noopener\"><img loading=\"lazy\" decoding=\"async\" src=\"https:\/\/www.europesays.com\/de\/wp-content\/uploads\/2026\/03\/spieler-u-40-mit-dem-hochsten-marktwert-1774606225-193210.png\" alt=\"\u00dc-40-Spieler mit dem h\u00f6chsten Marktwert\" width=\"503\" height=\"629\"\/><\/a><\/p>\n<p>Ex-<a title=\"FC Chelsea\" href=\"https:\/\/www.transfermarkt.de\/fc-chelsea\/startseite\/verein\/631\" target=\"_blank\" rel=\"nofollow noopener\">Chelsea<\/a>&#8211; und Ex-<a title=\"FC Arsenal\" href=\"https:\/\/www.transfermarkt.de\/fc-arsenal\/startseite\/verein\/11\" target=\"_blank\" rel=\"nofollow noopener\">Arsenal<\/a>-Torh\u00fcter <a title=\"Petr Cech\" href=\"https:\/\/www.transfermarkt.de\/petr-cech\/profil\/spieler\/5658\" target=\"_blank\" rel=\"nofollow noopener\">Petr \u010cech<\/a> belegt mit 231 Zu-Null-Spielen in 513 Partien Rang vier, w\u00e4hrend Sloweniens <a title=\"Samir Handanovi\u010d\" href=\"https:\/\/www.transfermarkt.de\/samir-handanovi-\/profil\/spieler\/28021\" target=\"_blank\" rel=\"nofollow noopener\">Samir Handanovi\u0107<\/a> mit 204 Spielen ohne Gegentor aus 566 Eins\u00e4tzen den f\u00fcnften Platz einnimmt. Auf Rang sechs liegt <a title=\"Hugo Lloris\" href=\"https:\/\/www.transfermarkt.de\/hugo-lloris\/profil\/spieler\/17965\" target=\"_blank\" rel=\"nofollow noopener\">Hugo Lloris<\/a> mit ebenfalls 204 Zu-Null-Spielen in 579 Partien. Dahinter folgt auf Platz sieben <a title=\"Thibaut Courtois\" href=\"https:\/\/www.transfermarkt.de\/thibaut-courtois\/profil\/spieler\/108390\" target=\"_blank\" rel=\"nofollow noopener\">Thibaut Courtois<\/a> mit 200 Spielen ohne Gegentor in 465 Eins\u00e4tzen \u2013 als zweiter Spieler dieser Liste, der aktuell noch in einer der f\u00fcnf Top-Ligen aktiv ist.<\/p>\n<p><\/p>\n","protected":false},"excerpt":{"rendered":"Torwartlegende\u00a0 \u00a9IMAGO Torwartlegende Manuel Neuer feiert heute seinen 40. Geburtstag. Der teuerste Deutsche Torh\u00fcter der Fu\u00dfballgeschichte hat alles&hellip;\n","protected":false},"author":2,"featured_media":900787,"comment_status":"","ping_status":"","sticky":false,"template":"","format":"standard","meta":{"footnotes":"","_share_on_mastodon":"0"},"categories":[136],"tags":[14697,18654,51687,299,30843,29,1264,10398,8834,458,4771,954,40508,85115,30,197902,67675,197906,26633,19172,63842,11200,197908,197901,197903,197904,957,197905,265,33101,197907,26210,17077,7109],"class_list":["post-900786","post","type-post","status-publish","format-standard","has-post-thumbnail","category-sport","tag-ac-mailand","tag-aston-villa","tag-atletico-madrid","tag-bundesliga","tag-como-1907","tag-deutschland","tag-dfb-pokal","tag-fc-arsenal","tag-fc-barcelona","tag-fc-bayern-muenchen","tag-fc-chelsea","tag-fc-liverpool","tag-fc-paris-saint-germain","tag-fc-villarreal","tag-germany","tag-gianluigi-buffon","tag-hugo-lloris","tag-jan-oblak","tag-juventus-turin","tag-laliga","tag-lazio-rom","tag-manuel-neuer","tag-mickael-landreau","tag-parma-calcio-1913","tag-pepe-reina","tag-petr-cech","tag-premier-league","tag-samir-handanovic","tag-sport","tag-ssc-neapel","tag-steve-mandanda","tag-thibaut-courtois","tag-uefa-champions-league","tag-weltmeisterschaft"],"share_on_mastodon":{"url":"","error":"Validation failed: Text character limit of 500 exceeded"},"_links":{"self":[{"href":"https:\/\/www.europesays.com\/de\/wp-json\/wp\/v2\/posts\/900786","targetHints":{"allow":["GET"]}}],"collection":[{"href":"https:\/\/www.europesays.com\/de\/wp-json\/wp\/v2\/posts"}],"about":[{"href":"https:\/\/www.europesays.com\/de\/wp-json\/wp\/v2\/types\/post"}],"author":[{"embeddable":true,"href":"https:\/\/www.europesays.com\/de\/wp-json\/wp\/v2\/users\/2"}],"replies":[{"embeddable":true,"href":"https:\/\/www.europesays.com\/de\/wp-json\/wp\/v2\/comments?post=900786"}],"version-history":[{"count":0,"href":"https:\/\/www.europesays.com\/de\/wp-json\/wp\/v2\/posts\/900786\/revisions"}],"wp:featuredmedia":[{"embeddable":true,"href":"https:\/\/www.europesays.com\/de\/wp-json\/wp\/v2\/media\/900787"}],"wp:attachment":[{"href":"https:\/\/www.europesays.com\/de\/wp-json\/wp\/v2\/media?parent=900786"}],"wp:term":[{"taxonomy":"category","embeddable":true,"href":"https:\/\/www.europesays.com\/de\/wp-json\/wp\/v2\/categories?post=900786"},{"taxonomy":"post_tag","embeddable":true,"href":"https:\/\/www.europesays.com\/de\/wp-json\/wp\/v2\/tags?post=900786"}],"curies":[{"name":"wp","href":"https:\/\/api.w.org\/{rel}","templated":true}]}}