{"id":901042,"date":"2026-03-27T15:02:17","date_gmt":"2026-03-27T15:02:17","guid":{"rendered":"https:\/\/www.europesays.com\/de\/901042\/"},"modified":"2026-03-27T15:02:17","modified_gmt":"2026-03-27T15:02:17","slug":"befuerchtetes-verkehrschaos-rund-um-cirque-du-soleil-blieb-aus","status":"publish","type":"post","link":"https:\/\/www.europesays.com\/de\/901042\/","title":{"rendered":"Bef\u00fcrchtetes Verkehrschaos rund um Cirque du Soleil blieb aus\u00a0"},"content":{"rendered":"<p class=\"text_ohne_einzug richtext text-em-55 !leading-serif mx-6 desktop:mx-0\">  Ingolf Rayermann atmete tief durch. Die Bef\u00fcrchtungen des B\u00fcrgermeisters des Stadtbezirks 7, dass es wegen der Vorstellungen des Cirques du Soleil zu einem Verkehrschaos rund um das Glasmacherviertel kommen w\u00fcrde, bewahrheiteten sich nicht. Der Premierentag wurde verkehrsm\u00e4\u00dfig v\u00f6llig entspannt abgewickelt. \u201eDer t\u00e4gliche R\u00fcckstau im Berufsverkehr ist gr\u00f6\u00dfer als der, den der Cirque du Soleil verursacht\u201c, urteilte der Einsatzleiter der Verkehrskadetten. Die Verkehrskadetten hatten zur Premiere die Zu- und Abfahrten zum Parkplatz auf dem Gel\u00e4nde der ehemaligen Gerresheimer Glash\u00fctte gesteuert und einige der Stra\u00dfensperrungen in der Umgebung \u00fcberwacht. \u201eKeiner der Verkehrskadetten hat mir von Problemen berichtet\u201c, so der Einsatzleiter.<\/p>\n","protected":false},"excerpt":{"rendered":"Ingolf Rayermann atmete tief durch. Die Bef\u00fcrchtungen des B\u00fcrgermeisters des Stadtbezirks 7, dass es wegen der Vorstellungen des&hellip;\n","protected":false},"author":2,"featured_media":901043,"comment_status":"","ping_status":"","sticky":false,"template":"","format":"standard","meta":{"footnotes":"","_share_on_mastodon":"0"},"categories":[1831],"tags":[13021,182354,3364,29,3405,588,36216,9031,30,11069,185038,78619,1209,4847,8430,197950,197949,182355,28188,155346],"class_list":["post-901042","post","type-post","status-publish","format-standard","has-post-thumbnail","category-duesseldorf","tag-13021","tag-cirque","tag-de","tag-deutschland","tag-duesseldorf","tag-einsatz","tag-einsatzleiter","tag-gelaende","tag-germany","tag-gerresheim","tag-glashuettengelaende","tag-glasmacherviertel","tag-nordrhein-westfalen","tag-parkplatz","tag-parkplaetze","tag-parkplatzsuchverkehr","tag-rayermann","tag-soleil","tag-veranstaltungsgelaende","tag-verkehrskadetten"],"share_on_mastodon":{"url":"https:\/\/pubeurope.com\/@de\/116301748397438421","error":""},"_links":{"self":[{"href":"https:\/\/www.europesays.com\/de\/wp-json\/wp\/v2\/posts\/901042","targetHints":{"allow":["GET"]}}],"collection":[{"href":"https:\/\/www.europesays.com\/de\/wp-json\/wp\/v2\/posts"}],"about":[{"href":"https:\/\/www.europesays.com\/de\/wp-json\/wp\/v2\/types\/post"}],"author":[{"embeddable":true,"href":"https:\/\/www.europesays.com\/de\/wp-json\/wp\/v2\/users\/2"}],"replies":[{"embeddable":true,"href":"https:\/\/www.europesays.com\/de\/wp-json\/wp\/v2\/comments?post=901042"}],"version-history":[{"count":0,"href":"https:\/\/www.europesays.com\/de\/wp-json\/wp\/v2\/posts\/901042\/revisions"}],"wp:featuredmedia":[{"embeddable":true,"href":"https:\/\/www.europesays.com\/de\/wp-json\/wp\/v2\/media\/901043"}],"wp:attachment":[{"href":"https:\/\/www.europesays.com\/de\/wp-json\/wp\/v2\/media?parent=901042"}],"wp:term":[{"taxonomy":"category","embeddable":true,"href":"https:\/\/www.europesays.com\/de\/wp-json\/wp\/v2\/categories?post=901042"},{"taxonomy":"post_tag","embeddable":true,"href":"https:\/\/www.europesays.com\/de\/wp-json\/wp\/v2\/tags?post=901042"}],"curies":[{"name":"wp","href":"https:\/\/api.w.org\/{rel}","templated":true}]}}