{"id":901449,"date":"2026-03-27T18:44:22","date_gmt":"2026-03-27T18:44:22","guid":{"rendered":"https:\/\/www.europesays.com\/de\/901449\/"},"modified":"2026-03-27T18:44:22","modified_gmt":"2026-03-27T18:44:22","slug":"raf-terror-bundesanwaltschaft-erhebt-anklage-gegen-daniela-klette","status":"publish","type":"post","link":"https:\/\/www.europesays.com\/de\/901449\/","title":{"rendered":"RAF-Terror: Bundesanwaltschaft erhebt Anklage gegen Daniela Klette"},"content":{"rendered":"<p class=\"paragraph article__item\"><a class=\"rtr-entity\" href=\"https:\/\/www.zeit.de\/thema\/daniela-klette\" rel=\"nofollow noopener\" target=\"_blank\">Daniela Klette<\/a> muss sich wegen zahlreicher Vorw\u00fcrfe vor Gericht verantworten. Das best\u00e4tigte die Bundesanwaltschaft in einer Pressemitteilung. Zuvor hatte es <a href=\"https:\/\/www.zeit.de\/gesellschaft\/zeitgeschehen\/2026-03\/daniela-klette-raf-bundesanwaltschaft-anklage\" target=\"_blank\" rel=\"nofollow noopener\">Medienberichte \u00fcber eine Anklage<\/a> gegeben. Die Bundesanwaltschaft wirft ihr versuchten Mord in zwei F\u00e4llen vor. Zu den weiteren Vorw\u00fcrfen geh\u00f6ren die Herbeif\u00fchrung einer Sprengstoffexplosion, erpresserischer Menschenraub und die Mitt\u00e4terschaft bei einem besonders schweren Raub.\n<\/p>\n<p class=\"paragraph article__item\">&#8222;<a href=\"https:\/\/www.zeit.de\/gesellschaft\/2025-03\/prozess-daniela-klette-raf-terroristin-aufarbeitung-robert-wolff\" target=\"_blank\" rel=\"nofollow noopener\">Daniela Klette<\/a> geh\u00f6rte der sogenannten dritten Generation der terroristischen Vereinigung Rote Armee Fraktion (RAF) an und beteiligte sich in der Zeit von Februar 1990 bis M\u00e4rz 1993 an drei Anschl\u00e4gen der RAF&#8220;, <a href=\"https:\/\/www.generalbundesanwalt.de\/SharedDocs\/Pressemitteilungen\/DE\/2026\/Pressemitteilung-vom-27-03-2026.html?nn=478184\" target=\"_blank\" rel=\"nofollow noopener\">hei\u00dft es in der Pressemitteilung<\/a>. Diese drei Anschl\u00e4ge sollen nun Gegenstand des Gerichtsverfahrens sein.\n<\/p>\n<p class=\"paragraph article__item\">Bei einem Anschlag auf die US-amerikanische Botschaft am 13.<br \/>\nFebruar 1991 in Bonn soll Klette gemeinsam mit anderen mindestens 250<br \/>\nSch\u00fcsse auf das Geb\u00e4ude abgegeben haben. Durch die Sch\u00fcsse seien mindestens 20 Personen unmittelbar gef\u00e4hrdet worden.\n<\/p>\n<p class=\"paragraph article__item\">Des Weiteren wird ihr die Beteiligung an einem Sprengstoffanschlag auf die<br \/>\nJustizvollzugsanstalt Weiterstadt am 27. M\u00e4rz 1993 vorgeworfen. Laut<br \/>\nAnklage soll sie daran mitgewirkt haben, die Sprengladungen anzubringen.<\/p>\n<p class=\"paragraph article__item\">Zudem geht es um eine gescheiterte Sprengstoffexplosion am Verwaltungsgeb\u00e4ude der Deutschen Bank in Eschborn am 25. Februar 1990. Dort soll Klette beim Einbau des Sprengstoffes in einen VW Golf mitgeholfen haben.  Im Falle einer Detonation h\u00e4tte die Druckwelle den Angaben der <a class=\"rtr-entity\" href=\"https:\/\/www.zeit.de\/thema\/bundesanwaltschaft\" rel=\"nofollow noopener\" target=\"_blank\">Bundesanwaltschaft<\/a> zufolge einen Wachraum erfasst, in dem sich zu dieser Zeit drei Sicherheitsbedienstete aufhielten.\n<\/p>\n<p>Mehr zum Thema<\/p>\n<p>                <a href=\"https:\/\/www.zeit.de\/gesellschaft\/2024-02\/dritte-generation-raf-daniela-klette-straftaten-wolfgang-kraushaar\" data-ct-label=\"Dritte Generation der RAF: &quot;Die dritte Generation der RAF ist wohl die m\u00f6rderischste gewesen&quot; \" data-uuid=\"cf1b8e6b-0e41-4df0-a287-c4dadcb0e2bf\" rel=\"nofollow noopener\" target=\"_blank\"><\/p>\n<p>        Z+ (abopflichtiger Inhalt);<\/p>\n<p>    Dritte Generation der RAF:<br \/>\n                        &#8222;Die dritte Generation der RAF ist wohl die m\u00f6rderischste gewesen&#8220; <\/p>\n<p>                <\/a><\/p>\n<p>                <a href=\"https:\/\/www.zeit.de\/2025\/07\/prozess-daniela-klette-raf-terrorismus-versuchter-mord\" data-ct-label=\"Prozess gegen Daniela Klette: F\u00fcnf Minuten auf Leben und Tod\" data-uuid=\"6c974c25-c591-4187-ab50-d4198304163f\" rel=\"nofollow noopener\" target=\"_blank\"><\/p>\n<p>                        Prozess gegen Daniela Klette:<br \/>\n                        F\u00fcnf Minuten auf Leben und Tod<\/p>\n<p>                <\/a><\/p>\n<p>                <a href=\"https:\/\/www.zeit.de\/gesellschaft\/zeitgeschehen\/2024-02\/ehemalige-raf-terroristen-festnahme-flucht-faq\" data-ct-label=\"Ehemalige RAF-Terroristen: Wo sind die untergetauchten RAF-Terroristen?\" data-uuid=\"26d0a3ae-85b7-475e-99e0-9eaf9c8dab25\" rel=\"nofollow noopener\" target=\"_blank\"><\/p>\n<p>        Z+ (abopflichtiger Inhalt);<\/p>\n<p>    Ehemalige RAF-Terroristen:<br \/>\n                        Wo sind die untergetauchten RAF-Terroristen?<\/p>\n<p>                <\/a><\/p>\n","protected":false},"excerpt":{"rendered":"Daniela Klette muss sich wegen zahlreicher Vorw\u00fcrfe vor Gericht verantworten. Das best\u00e4tigte die Bundesanwaltschaft in einer Pressemitteilung. Zuvor&hellip;\n","protected":false},"author":2,"featured_media":901450,"comment_status":"","ping_status":"","sticky":false,"template":"","format":"standard","meta":{"footnotes":"","_share_on_mastodon":"0"},"categories":[5],"tags":[331,332,18330,18294,3364,29,3185,30,1724,13,1015,14,15,18295,91788,12,9958],"class_list":["post-901449","post","type-post","status-publish","format-standard","has-post-thumbnail","category-nachrichten","tag-aktuelle-nachrichten","tag-aktuelle-news","tag-bundesanwaltschaft","tag-daniela-klette","tag-de","tag-deutschland","tag-gerichtsverfahren","tag-germany","tag-gesellschaft","tag-headlines","tag-justiz","tag-nachrichten","tag-news","tag-raf","tag-raf-terror","tag-schlagzeilen","tag-toetungsdelikt"],"share_on_mastodon":{"url":"https:\/\/pubeurope.com\/@de\/116302621293872745","error":""},"_links":{"self":[{"href":"https:\/\/www.europesays.com\/de\/wp-json\/wp\/v2\/posts\/901449","targetHints":{"allow":["GET"]}}],"collection":[{"href":"https:\/\/www.europesays.com\/de\/wp-json\/wp\/v2\/posts"}],"about":[{"href":"https:\/\/www.europesays.com\/de\/wp-json\/wp\/v2\/types\/post"}],"author":[{"embeddable":true,"href":"https:\/\/www.europesays.com\/de\/wp-json\/wp\/v2\/users\/2"}],"replies":[{"embeddable":true,"href":"https:\/\/www.europesays.com\/de\/wp-json\/wp\/v2\/comments?post=901449"}],"version-history":[{"count":0,"href":"https:\/\/www.europesays.com\/de\/wp-json\/wp\/v2\/posts\/901449\/revisions"}],"wp:featuredmedia":[{"embeddable":true,"href":"https:\/\/www.europesays.com\/de\/wp-json\/wp\/v2\/media\/901450"}],"wp:attachment":[{"href":"https:\/\/www.europesays.com\/de\/wp-json\/wp\/v2\/media?parent=901449"}],"wp:term":[{"taxonomy":"category","embeddable":true,"href":"https:\/\/www.europesays.com\/de\/wp-json\/wp\/v2\/categories?post=901449"},{"taxonomy":"post_tag","embeddable":true,"href":"https:\/\/www.europesays.com\/de\/wp-json\/wp\/v2\/tags?post=901449"}],"curies":[{"name":"wp","href":"https:\/\/api.w.org\/{rel}","templated":true}]}}