{"id":901455,"date":"2026-03-27T18:47:27","date_gmt":"2026-03-27T18:47:27","guid":{"rendered":"https:\/\/www.europesays.com\/de\/901455\/"},"modified":"2026-03-27T18:47:27","modified_gmt":"2026-03-27T18:47:27","slug":"bonn-geht-neue-wege-fuer-mehr-kita-fachkraefte","status":"publish","type":"post","link":"https:\/\/www.europesays.com\/de\/901455\/","title":{"rendered":"Bonn geht neue Wege f\u00fcr mehr Kita-Fachkr\u00e4fte"},"content":{"rendered":"<p class=\"small date article__date\">Ver\u00f6ffentlicht:\u00a0Freitag, 27.03.2026 18:25<\/p>\n<p>Fachkr\u00e4fte f\u00fcr st\u00e4dtische Kitas zu finden, ist eine Herausforderung &#8211; auch f\u00fcr die Stadt Bonn. Sie ist mit einigen Partner nun einen neuen Weg gegangen und hat im Sommer 2024 den Pilotkurs &#8222;Fr\u00fchp\u00e4dagogische Berufe&#8220; gestartet.\u00a0<\/p>\n<p><img decoding=\"async\" alt=\"\" src=\"https:\/\/www.europesays.com\/de\/wp-content\/uploads\/2026\/03\/kindergarten-g782454d31_1920.jpg&#038;crop=0x0x1920x1200&#038;resize=1280x800&#038;dt=202203080618090.jpeg\" data-size=\"1280x800\"\/>\u00a9 tolmacho \/ pixabayVerzahnung von Sprachkurs und Kita-Praxis in Bonn<\/p>\n<p>Die Teilnehmer hatten deutsch als Zweitsprache &#8211; und haben in den vergangenen Monaten nicht nur ihre Sprachkenntnisse verbessert, sondern auch ein Praktikum in einer Kindertageseinrichtung gemacht. Sie sammelten so jede Menge Erfahrungen und konnten nach Ende des Kurses als p\u00e4dagogische Fachkraft in einer st\u00e4dtischen Kita anfangen. So wurden sieben Mitarbeiterinnen gefunden.\u00a0<\/p>\n<p>Parallel dazu wurden wieder spanische Fachkr\u00e4fte f\u00fcr Bonn angeworben: vier arbeiten jetzt in st\u00e4dtischen Kitas. Der erste Mitarbeiter wird Anfang April starten. Die Stadt Bonn ist zuversichtlich, zum kommenden Kita-Jahr einen Gro\u00dfteil der offenen Fachkraftstellen zu besetzten.\u00a0<\/p>\n","protected":false},"excerpt":{"rendered":"Ver\u00f6ffentlicht:\u00a0Freitag, 27.03.2026 18:25 Fachkr\u00e4fte f\u00fcr st\u00e4dtische Kitas zu finden, ist eine Herausforderung &#8211; auch f\u00fcr die Stadt Bonn.&hellip;\n","protected":false},"author":2,"featured_media":720560,"comment_status":"","ping_status":"","sticky":false,"template":"","format":"standard","meta":{"footnotes":"","_share_on_mastodon":"0"},"categories":[1842],"tags":[70011,1741,3364,29,16781,30,8072,3491,1209],"class_list":["post-901455","post","type-post","status-publish","format-standard","has-post-thumbnail","category-bonn","tag-kindertagessttte","tag-bonn","tag-de","tag-deutschland","tag-fachkrfte","tag-germany","tag-kinderbetreuung","tag-kita","tag-nordrhein-westfalen"],"share_on_mastodon":{"url":"https:\/\/pubeurope.com\/@de\/116302633180975537","error":""},"_links":{"self":[{"href":"https:\/\/www.europesays.com\/de\/wp-json\/wp\/v2\/posts\/901455","targetHints":{"allow":["GET"]}}],"collection":[{"href":"https:\/\/www.europesays.com\/de\/wp-json\/wp\/v2\/posts"}],"about":[{"href":"https:\/\/www.europesays.com\/de\/wp-json\/wp\/v2\/types\/post"}],"author":[{"embeddable":true,"href":"https:\/\/www.europesays.com\/de\/wp-json\/wp\/v2\/users\/2"}],"replies":[{"embeddable":true,"href":"https:\/\/www.europesays.com\/de\/wp-json\/wp\/v2\/comments?post=901455"}],"version-history":[{"count":0,"href":"https:\/\/www.europesays.com\/de\/wp-json\/wp\/v2\/posts\/901455\/revisions"}],"wp:featuredmedia":[{"embeddable":true,"href":"https:\/\/www.europesays.com\/de\/wp-json\/wp\/v2\/media\/720560"}],"wp:attachment":[{"href":"https:\/\/www.europesays.com\/de\/wp-json\/wp\/v2\/media?parent=901455"}],"wp:term":[{"taxonomy":"category","embeddable":true,"href":"https:\/\/www.europesays.com\/de\/wp-json\/wp\/v2\/categories?post=901455"},{"taxonomy":"post_tag","embeddable":true,"href":"https:\/\/www.europesays.com\/de\/wp-json\/wp\/v2\/tags?post=901455"}],"curies":[{"name":"wp","href":"https:\/\/api.w.org\/{rel}","templated":true}]}}