{"id":901635,"date":"2026-03-27T20:24:25","date_gmt":"2026-03-27T20:24:25","guid":{"rendered":"https:\/\/www.europesays.com\/de\/901635\/"},"modified":"2026-03-27T20:24:25","modified_gmt":"2026-03-27T20:24:25","slug":"fussball-bundesliga-der-frauen-remis-gegen-leipzig-jena-hofft-auf-klassenverbleib","status":"publish","type":"post","link":"https:\/\/www.europesays.com\/de\/901635\/","title":{"rendered":"Fu\u00dfball-Bundesliga der Frauen: Remis gegen Leipzig: Jena hofft auf Klassenverbleib"},"content":{"rendered":"<p class=\"paragraph article__item\">Die Fu\u00dfballerinnen des FC Carl Zeiss Jena sch\u00f6pfen neue Hoffnung auf den Verbleib in der Bundesliga. Dank eines Traumtores von Joker Isabella Jaron kam der Tabellenletzte zum Auftakt des 22. Spieltages im eigenen Stadion trotz Unterzahl zu einem 1:1 (0:1) im Ost-Derby gegen <a class=\"rtr-entity\" href=\"https:\/\/www.zeit.de\/thema\/rb-leipzig\" rel=\"nofollow noopener\" target=\"_blank\">RB Leipzig<\/a>.\u00a0\n<\/p>\n<p>Aktuelles<\/p>\n<p>                <a href=\"https:\/\/www.zeit.de\/sport\/2026-03\/bundesliga-25-spieltag-samstag-leverkusen-freiburg\" data-ct-label=\"Bundesliga, 25. Spieltag \u2013 Samstag: BVB schl\u00e4gt 1. FC K\u00f6ln, chaotische Szenen nach HSV-Sieg in Wolfsburg\" data-uuid=\"6b9ec401-f471-46c1-8e7d-1f4666df543d\" rel=\"nofollow noopener\" target=\"_blank\"><\/p>\n<p>                        Bundesliga, 25. Spieltag \u2013 Samstag:<br \/>\n                        BVB schl\u00e4gt 1. FC K\u00f6ln, chaotische Szenen nach HSV-Sieg in Wolfsburg<\/p>\n<p>                <\/a><\/p>\n<p>                <a href=\"https:\/\/www.zeit.de\/sport\/2026-03\/bundesliga-werder-bremen-fsv-mainz\" data-ct-label=\"Bundesliga, 26. Spieltag \u2013 Sonntag: Stuttgart bleibt vor Leipzig, Union Berlin gewinnt in Freiburg\" data-uuid=\"c0936dc4-b865-4838-b927-80fccc98018a\" rel=\"nofollow noopener\" target=\"_blank\"><\/p>\n<p>                        Bundesliga, 26. Spieltag \u2013 Sonntag:<br \/>\n                        Stuttgart bleibt vor Leipzig, Union Berlin gewinnt in Freiburg<\/p>\n<p>                <\/a><\/p>\n<p>                <a href=\"https:\/\/www.zeit.de\/sport\/2026-03\/bundesliga-24-spieltag-sonntag-wolfsburg-vfb-stuttgart\" data-ct-label=\"Bundesliga, 24. Spieltag \u2013 Sonntag: Stuttgart gewinnt, Frankfurt besiegt Freiburg, und der HSV verliert\" data-uuid=\"7e6c3cad-cc47-441e-8d54-2fed37fc4308\" rel=\"nofollow noopener\" target=\"_blank\"><\/p>\n<p>                        Bundesliga, 24. Spieltag \u2013 Sonntag:<br \/>\n                        Stuttgart gewinnt, Frankfurt besiegt Freiburg, und der HSV verliert<\/p>\n<p>                <\/a><\/p>\n<p class=\"paragraph article__item\">Lisa Baum (22. Minute) erzielte unter dem Jubel zahlreicher mitgereister Fans das Leipziger Tor. Die zur zweiten Halbzeit eingewechselte Jaron (81.) verwandelte einen direkten Freisto\u00df schlitzohrig aus gro\u00dfer Entfernung zum Remis. Zuvor musste Jenas Felicia Str\u00e4\u00dfer in der 63. Minute mit Gelb-Rot vom Feld.\n<\/p>\n<p>                Jena zu harmlos        <\/p>\n<p class=\"paragraph article__item\">Durch das Remis haben die Jenaerinnen vier Spieltage vor Saisonende einen Punkt auf den ersten Nichtabstiegsplatz aufgeholt, der R\u00fcckstand betr\u00e4gt nun noch vier Punkte. <a class=\"rtr-entity\" href=\"https:\/\/www.zeit.de\/thema\/leipzig\" rel=\"nofollow noopener\" target=\"_blank\">Leipzig<\/a> bleibt auf dem zehnten Platz.\n<\/p>\n<p class=\"paragraph article__item\">\u00abEs ist jetzt einfach so, dass wir in jedem Spiel punkten m\u00fcssen. Am Freitagabend muss es endlich losgehen \u2013 uns bleiben nur noch f\u00fcnf Spiele\u00bb, hatte Jenas Trainer Florian K\u00e4stner vor der Partie zum Abstiegskampf gesagt. Sein Team agierte \u00fcber weite Strecken engagiert, aber vor dem Leipziger Tor oft zu harmlos &#8211; bis auf Jarons Geniestreich.\u00a0\n<\/p>\n<p>                Jaron vergibt Ausgleichschance        <\/p>\n<p class=\"paragraph article__item\">Verzichten musste K\u00e4stner, der nach seiner Sperre im letzten Heimspiel gegen den VfL Wolfsburg wieder an der Seitenlinie stand, auf Lisa Gora (Fu\u00dfverletzung), Hannah Mesch und Fiona Gai\u00dfer (Trainingsr\u00fcckstand) sowie Steffi Schmid (5. Gelbe). Dennoch gelang es den Gastgeberinnen in der zweiten Halbzeit, durch hohes Pressing den Druck zu erh\u00f6hen. Die bis zum Ausgleich beste Chance vergab ebenfalls Jaron in der 58. Minute.\n<\/p>\n<p class=\"paragraph article__item\">RB Leipzig ist durch das Unentschieden seit dem 0:3 zu Jahresbeginn bei Meister und Tabellenf\u00fchrer FC Bayern M\u00fcnchen seit sieben Spielen ungeschlagen. Gegen Jena hatte Leipzig in der Hinrunde mit 2:0 gewonnen. Beim insgesamt souver\u00e4nen Auftritt im Jenaer Ernst-Abbe-Sportfeld machte sich das Fehlen von Mittelfeldspielerin Lou-Ann Joly wegen einer Sprunggelenksverletzung kaum bemerkbar. Allerdings vergaben die RB-Spielerinnen zu viele gute Torm\u00f6glichkeiten und mussten daher mit dem Remis leben.\n<\/p>\n<p class=\"paragraph article__item\">\u00a9 dpa-infocom, dpa:260327-930-877630\/1<\/p>\n","protected":false},"excerpt":{"rendered":"Die Fu\u00dfballerinnen des FC Carl Zeiss Jena sch\u00f6pfen neue Hoffnung auf den Verbleib in der Bundesliga. Dank eines&hellip;\n","protected":false},"author":2,"featured_media":901636,"comment_status":"","ping_status":"","sticky":false,"template":"","format":"standard","meta":{"footnotes":"","_share_on_mastodon":"0"},"categories":[1832],"tags":[299,3364,29,12438,28495,485,124451,30,124455,28705,71,15,1655,859],"class_list":["post-901635","post","type-post","status-publish","format-standard","has-post-thumbnail","category-leipzig","tag-bundesliga","tag-de","tag-deutschland","tag-fc-carl-zeiss-jena","tag-florian-kaestner","tag-fussball-bundesliga","tag-fussball-bundesliga-der-frauen","tag-germany","tag-isabella-jaron","tag-klassenverbleib","tag-leipzig","tag-news","tag-rb-leipzig","tag-sachsen"],"share_on_mastodon":{"url":"https:\/\/pubeurope.com\/@de\/116303014598394066","error":""},"_links":{"self":[{"href":"https:\/\/www.europesays.com\/de\/wp-json\/wp\/v2\/posts\/901635","targetHints":{"allow":["GET"]}}],"collection":[{"href":"https:\/\/www.europesays.com\/de\/wp-json\/wp\/v2\/posts"}],"about":[{"href":"https:\/\/www.europesays.com\/de\/wp-json\/wp\/v2\/types\/post"}],"author":[{"embeddable":true,"href":"https:\/\/www.europesays.com\/de\/wp-json\/wp\/v2\/users\/2"}],"replies":[{"embeddable":true,"href":"https:\/\/www.europesays.com\/de\/wp-json\/wp\/v2\/comments?post=901635"}],"version-history":[{"count":0,"href":"https:\/\/www.europesays.com\/de\/wp-json\/wp\/v2\/posts\/901635\/revisions"}],"wp:featuredmedia":[{"embeddable":true,"href":"https:\/\/www.europesays.com\/de\/wp-json\/wp\/v2\/media\/901636"}],"wp:attachment":[{"href":"https:\/\/www.europesays.com\/de\/wp-json\/wp\/v2\/media?parent=901635"}],"wp:term":[{"taxonomy":"category","embeddable":true,"href":"https:\/\/www.europesays.com\/de\/wp-json\/wp\/v2\/categories?post=901635"},{"taxonomy":"post_tag","embeddable":true,"href":"https:\/\/www.europesays.com\/de\/wp-json\/wp\/v2\/tags?post=901635"}],"curies":[{"name":"wp","href":"https:\/\/api.w.org\/{rel}","templated":true}]}}