{"id":902063,"date":"2026-03-28T00:33:21","date_gmt":"2026-03-28T00:33:21","guid":{"rendered":"https:\/\/www.europesays.com\/de\/902063\/"},"modified":"2026-03-28T00:33:21","modified_gmt":"2026-03-28T00:33:21","slug":"westallee-in-stuttgart-beliebtes-stuttgarter-strassenfest-abgesagt-das-sind-die-gruende","status":"publish","type":"post","link":"https:\/\/www.europesays.com\/de\/902063\/","title":{"rendered":"Westallee in Stuttgart: Beliebtes Stuttgarter Stra\u00dfenfest abgesagt \u2013 das sind die Gr\u00fcnde"},"content":{"rendered":"<p>Seit Kurzem ist klar, dass die <a href=\"https:\/\/www.stuttgarter-zeitung.de\/inhalt.sommerfeste-in-stuttgart-stadt-verzichtet-auf-verschaerfte-auflagen-ein-happy-end-fuer-stadtteilfeste.d866f2c8-9f5c-44f5-8f1b-3f848bf508b8.html\" target=\"_blank\" rel=\"nofollow noopener\"> bef\u00fcrchteten, versch\u00e4rften Auflagen f\u00fcr Stadtteilfeste in Stuttgart<\/a> seitens der Stadt in der Form nicht kommen werden. Dennoch wird ein Fest im Stuttgarter Westen in diesem Jahr nicht wie geplant stattfinden k\u00f6nnen: Die <a href=\"https:\/\/www.stuttgarter-zeitung.de\/thema\/Westallee\" title=\"Westallee\" class=\"art_thema\" rel=\"nofollow noopener\" target=\"_blank\">Westallee<\/a> f\u00e4llt flach. Das gaben die Veranstalter am Freitagnachmittag bekannt. <\/p>\n<p>\u201eSchweren Herzens m\u00fcssen wir euch mitteilen, dass die Westallee in diesem Jahr leider nicht stattfinden wird\u201c, schreiben die Veranstalter Michael Benz, Christopher Warstat und Felix Klenk auf der Social Media-Plattform Instagram. \u201eDurch die insgesamt sp\u00e4te finale Planungssicherheit und den damit verbundenen verk\u00fcrzten Vorbereitungszeitraum ist eine Umsetzung auf dem gewohnten Niveau f\u00fcr uns dieses Jahr nicht realistisch.\u201c<\/p>\n<p>Lange seien sie davon ausgegangen, dass die Stadt <a href=\"https:\/\/www.stuttgarter-zeitung.de\/thema\/Stuttgart\" title=\"Stuttgart\" class=\"art_thema\" rel=\"nofollow noopener\" target=\"_blank\">Stuttgart<\/a> neue, versch\u00e4rfte Auflagen f\u00fcr Stadtteilfeste auf den Weg bringen w\u00fcrde, h\u00e4tten deshalb abgewartet und seien noch nicht in die Vorplanung gegangen \u2013 das r\u00e4che sich nun, erkl\u00e4rt Michael Benz auf Anfrage unserer Redaktion. <a href=\"https:\/\/www.stuttgarter-zeitung.de\/inhalt.sommerfeste-in-stuttgart-stadt-verzichtet-auf-verschaerfte-auflagen-ein-happy-end-fuer-stadtteilfeste.d866f2c8-9f5c-44f5-8f1b-3f848bf508b8.html\" target=\"_blank\" rel=\"nofollow noopener\">Denn die bef\u00fcrchteten neuen Auflagen wird es nun doch nicht geben<\/a> \u2013 und die Veranstalter haben Zeit verloren, die sie kaum mehr aufholen k\u00f6nnen. <\/p>\n<p>\u201eWir haben jetzt schon Ende M\u00e4rz und h\u00e4tten f\u00fcr die komplette Organisation nur noch 12 Wochen Zeit. Das ist sehr knapp\u201c, so Benz. \u201eWeil wir hauptberuflich alle auch noch anderweitig eingespannt sind, ist das f\u00fcr uns einfach ein Zeit- und Geldfaktor. Au\u00dferdem ist alles teurer geworden.\u201c Auch sei es schwierig, in der kurzen Zeit noch ausreichend Sponsoren f\u00fcr das Event zu finden. \ufeff<\/p>\n<p> Entscheidend sei auch die geringere finanzielle F\u00f6rderung von Stadtteilfesten seitens der Stadt aufgrund des <a href=\"https:\/\/www.stuttgarter-zeitung.de\/inhalt.stuttgart-muss-sparen-kultur-in-not-hilft-das-land-den-einrichtungen-in-stuttgart-wirklich.2b8333d7-6d14-4d22-bd6b-150e1c019d1c.html\" target=\"_blank\" rel=\"nofollow noopener\">Sparhaushalts<\/a>. Die Feste seien finanziell ohnehin immer schon eng kalkuliert.<\/p>\n<p>  <img decoding=\"async\" loading=\"lazy\" src=\"https:\/\/www.europesays.com\/de\/wp-content\/uploads\/2026\/03\/media.media.f6772409-dbe6-4f41-b2c7-080a5d6c3a9f.original1024.media.jpeg\"\/>     Die Veranstalter Michael Benz, Christopher Warstat und Felix Klenk bei der Westallee im Jahr 2023.    Foto: Julika Wolf    <\/p>\n<p> Veranstalter bedanken sich bei Westallee-Besucherinnen und Besuchern <\/p>\n<p>\u201eUnter diesen Umst\u00e4nden ist es uns aktuell nicht m\u00f6glich, die Westallee in der Qualit\u00e4t umzusetzen, die wir uns und euch w\u00fcnschen\u201c, so die Veranstalter in ihrem Instagram-Post.<\/p>\n<p>Auf Social Media bedanken sie sich bei den treuen Besucherinnen und Besuchern der Westallee. \u201eDiese Entscheidung f\u00e4llt uns alles andere als leicht. Die Westallee lebt von euch, der Nachbarschaft und der gemeinsamen Idee eines offenen, alternativen Stra\u00dfenfests im Stuttgarter Westen\u201c, hei\u00dft es dort. Vielen Dank f\u00fcr euer Verst\u00e4ndnis und eure Unterst\u00fctzung.\u201c<\/p>\n<p>Im Jahr 2016 hatten die drei Stuttgarter die Westallee erstmals veranstaltet. Im Lauf der Jahre hatte sich die Veranstaltung von einer kleinen Nachbarschaftsfeier zu einem Besuchermagnet entwickelt. <\/p>\n<p>\u201eWir wollen die Veranstaltung auf keinen Fall begraben\u201c, versichert Michael Benz. \u201eDenn wir h\u00e4ngen daran.\u201c Die Veranstalter sind optimistisch, dass das Fest im kommenden Jahr wieder stattfinden kann. \u201eWir setzen alles daran, im n\u00e4chsten Jahr wieder gemeinsam mit euch die Westallee feiern zu k\u00f6nnen\u201c, hei\u00dft es auf Instagram. <\/p>\n<p> Stuttgarter bedauern Absage <\/p>\n<p>Stuttgarterinnen und Stuttgarter bedauern dort die Absage des beliebten Sommerfestes. \u201eExtrem schade\u201c, schreibt eine Userin. \u201eWir werden die Westallee sehr vermissen.\u201c<\/p>\n","protected":false},"excerpt":{"rendered":"Seit Kurzem ist klar, dass die bef\u00fcrchteten, versch\u00e4rften Auflagen f\u00fcr Stadtteilfeste in Stuttgart seitens der Stadt in der&hellip;\n","protected":false},"author":2,"featured_media":902064,"comment_status":"","ping_status":"","sticky":false,"template":"","format":"standard","meta":{"footnotes":"","_share_on_mastodon":"0"},"categories":[1830],"tags":[4657,31100,1634,3364,29,30,190014,1441,188643],"class_list":["post-902063","post","type-post","status-publish","format-standard","has-post-thumbnail","category-stuttgart","tag-stadtreporter","tag-stadtteilfest","tag-baden-wuerttemberg","tag-de","tag-deutschland","tag-germany","tag-sommerfeste","tag-stuttgart","tag-westallee"],"share_on_mastodon":{"url":"https:\/\/pubeurope.com\/@de\/116303993729850833","error":""},"_links":{"self":[{"href":"https:\/\/www.europesays.com\/de\/wp-json\/wp\/v2\/posts\/902063","targetHints":{"allow":["GET"]}}],"collection":[{"href":"https:\/\/www.europesays.com\/de\/wp-json\/wp\/v2\/posts"}],"about":[{"href":"https:\/\/www.europesays.com\/de\/wp-json\/wp\/v2\/types\/post"}],"author":[{"embeddable":true,"href":"https:\/\/www.europesays.com\/de\/wp-json\/wp\/v2\/users\/2"}],"replies":[{"embeddable":true,"href":"https:\/\/www.europesays.com\/de\/wp-json\/wp\/v2\/comments?post=902063"}],"version-history":[{"count":0,"href":"https:\/\/www.europesays.com\/de\/wp-json\/wp\/v2\/posts\/902063\/revisions"}],"wp:featuredmedia":[{"embeddable":true,"href":"https:\/\/www.europesays.com\/de\/wp-json\/wp\/v2\/media\/902064"}],"wp:attachment":[{"href":"https:\/\/www.europesays.com\/de\/wp-json\/wp\/v2\/media?parent=902063"}],"wp:term":[{"taxonomy":"category","embeddable":true,"href":"https:\/\/www.europesays.com\/de\/wp-json\/wp\/v2\/categories?post=902063"},{"taxonomy":"post_tag","embeddable":true,"href":"https:\/\/www.europesays.com\/de\/wp-json\/wp\/v2\/tags?post=902063"}],"curies":[{"name":"wp","href":"https:\/\/api.w.org\/{rel}","templated":true}]}}