{"id":902090,"date":"2026-03-28T00:51:23","date_gmt":"2026-03-28T00:51:23","guid":{"rendered":"https:\/\/www.europesays.com\/de\/902090\/"},"modified":"2026-03-28T00:51:23","modified_gmt":"2026-03-28T00:51:23","slug":"collien-fernandes-spricht-bei-caren-miosga-in-der-ard","status":"publish","type":"post","link":"https:\/\/www.europesays.com\/de\/902090\/","title":{"rendered":"Collien Fernandes spricht bei &#8222;Caren Miosga&#8220; in der ARD"},"content":{"rendered":"<p>Diskussion \u00fcber digitale Gewalt <\/p>\n<p>Collien Fernandes spricht bei &#8222;Caren Miosga&#8220;<\/p>\n<p>27.03.2026 &#8211; 19:43 UhrLesedauer: 2 Min.<\/p>\n<p><a href=\"#focus-0\" class=\"transition-colors duration-200 block text-current relative\" data-sctrack=\"FocusGalleryImage.Reference\"><img fetchpriority=\"high\" data-testid=\"Opener.Image\" style=\"--lqipURL:url('https:\/\/images.t-online.de\/2026\/03\/2yoZl9oPf2YE\/0x112:2048x1152\/fit-in\/150x0\/filters:blur(25)\/schauspielerin-collien-fernandes-erhebt-schwere-vorwuerfe-archivbild.jpg')\"   loading=\"eager\" src=\"https:\/\/www.europesays.com\/de\/wp-content\/uploads\/2026\/03\/schauspielerin-collien-fernandes-erhebt-schwere-vorwuerfe-archivbild.jpg\" alt=\"Collien Fernandes\" title=\"Collien Fernandes\" width=\"2048\" height=\"1152\" class=\"bg-[url:var(--lqipURL)] bg-cover bg-center flex h-full w-full max-w-full\" decoding=\"async\"\/><img style=\"--width:32;--height:32\" loading=\"lazy\" src=\"https:\/\/www.t-online.de\/s\/paper\/_next\/static\/media\/zoom-in.f7dae02f.svg\" alt=\"Vergr\u00f6\u00dfern des Bildes\" title=\"Vergr\u00f6\u00dfern des Bildes\" class=\"block h-[calc(var(--height)_\/_16_*_1rem)] w-[calc(var(--width)_\/_16_*_1rem)] max-w-none absolute bottom-8 right-8 rounded-4 bg-snow p-8\" decoding=\"async\"\/><\/a><\/p>\n<p>Schauspielerin Collien Fernandes erhebt schwere Vorw\u00fcrfe. (Archivbild) (Quelle: Daniel Bockwoldt\/dpa\/dpa-bilder)<\/p>\n<p class=\"font-bold text-18 leading-17 user-text-lg:text-22 user-text-xl:text-24\">Eben erst trat Collien Fernandes unter Polizeischutz bei einer Demo auf. Nun folgt ihr n\u00e4chster \u00f6ffentlicher Auftritt.<\/p>\n<p class=\"text-18 leading-17 user-text-lg:text-22 user-text-xl:text-24\">Mehr als 17.000 Menschen versammelten sich am Donnerstag auf dem Hamburger Rathausmarkt bei einer Demonstration f\u00fcr die Opfer sexueller Gewalt. <a class=\"transition-colors duration-200 cursor-pointer text-inherit no-underline text-salemsfur md:hover:text-magenta md:hover:border-magenta md:focus:text-magenta border-current border-b border-solid break-words\" data-tracking=\"{&quot;action&quot;:&quot;click&quot;,&quot;category&quot;:&quot;intextLink&quot;,&quot;label&quot;:&quot;\/themen\/collien-fernandes\/&quot;}\" href=\"https:\/\/www.t-online.de\/themen\/collien-fernandes\/\" data-sctrack=\"BodyAnchor\" rel=\"nofollow noopener\" target=\"_blank\">Collien Fernandes<\/a> trat dort unter besonderen Umst\u00e4nden auf. &#8222;Ich stehe hier mit schusssicherer Weste unter Polizeischutz, weil M\u00e4nner mich killen wollen&#8220;, sagte die 44-J\u00e4hrige bei der Veranstaltung.<\/p>\n<p class=\"text-18 leading-17 user-text-lg:text-22 user-text-xl:text-24\">Wenige Tage sp\u00e4ter folgt der n\u00e4chste \u00f6ffentliche Auftritt: Collien Fernandes ist am Sonntag, dem 29. M\u00e4rz, zu Gast in der ARD-Talkshow &#8222;Caren Miosga&#8220;. Thema der Sendung ist digitale Gewalt gegen Frauen. Auch Bundesjustizministerin Stefanie Hubig wird dabei sein.<\/p>\n<p class=\"text-18 leading-17 user-text-lg:text-22 user-text-xl:text-24\">Die Vorw\u00fcrfe, die Collien Fernandes zun\u00e4chst im &#8222;Spiegel&#8220; gegen ihren Ex-Mann erhoben hatte, haben inzwischen eine politische Dimension angenommen. Forderungen wurden laut, Frauen gesetzlich besser vor sexualisierter Gewalt zu sch\u00fctzen. Die ARD-Sendung tr\u00e4gt den Titel &#8222;Digitale Gewalt \u2013 wie k\u00f6nnen Frauen besser gesch\u00fctzt werden?&#8220; und greift genau dieses Thema auf.<\/p>\n<p class=\"text-18 leading-17 user-text-lg:text-22 user-text-xl:text-24\"><a class=\"transition-colors duration-200 cursor-pointer text-inherit no-underline text-salemsfur md:hover:text-magenta md:hover:border-magenta md:focus:text-magenta border-current border-b border-solid break-words\" data-tracking=\"{&quot;action&quot;:&quot;click&quot;,&quot;category&quot;:&quot;intextLink&quot;,&quot;label&quot;:&quot;\/themen\/christian-ulmen\/&quot;}\" href=\"https:\/\/www.t-online.de\/themen\/christian-ulmen\/\" data-sctrack=\"BodyAnchor\" rel=\"nofollow noopener\" target=\"_blank\">Christian Ulmen<\/a> wird von seiner Ex-Frau Collien Fernandes vorgeworfen, \u00fcber Jahre Fake-Profile in ihrem Namen erstellt und dar\u00fcber mit zahlreichen M\u00e4nnern kommuniziert zu haben. Er soll laut Fernandes digital generierte pornografische Inhalte, die ihr \u00e4hnelten, verbreitet haben. Es gilt nach wie vor die Unschuldsvermutung.<\/p>\n<p class=\"text-18 leading-17 user-text-lg:text-22 user-text-xl:text-24\">Bundesjustizministerin Stefanie Hubig will in der Sendung einen Gesetzentwurf gegen digitale Gewalt vorstellen, mit dem bestehende Schutzl\u00fccken geschlossen werden sollen. Diskutiert werden solle dabei, wie wirksam das neue Gesetz sein k\u00f6nne, warum es ein solches nicht schon l\u00e4ngst gebe und was sich strukturell, gesellschaftlich und in der Pr\u00e4vention \u00e4ndern m\u00fcsse.<\/p>\n<p class=\"text-18 leading-17 user-text-lg:text-22 user-text-xl:text-24\">Als dritter Gast ist Ronen Steinke eingeladen, Leitender Redakteur Rechtspolitik bei der &#8222;S\u00fcddeutschen Zeitung&#8220;. Die Sendung l\u00e4uft am Sonntag, 29. M\u00e4rz, um 21.45 Uhr live im Ersten, direkt im Anschluss an den Sonntagskrimi.<\/p>\n","protected":false},"excerpt":{"rendered":"Diskussion \u00fcber digitale Gewalt Collien Fernandes spricht bei &#8222;Caren Miosga&#8220; 27.03.2026 &#8211; 19:43 UhrLesedauer: 2 Min. Schauspielerin Collien&hellip;\n","protected":false},"author":2,"featured_media":902091,"comment_status":"","ping_status":"","sticky":false,"template":"","format":"standard","meta":{"footnotes":"","_share_on_mastodon":"0"},"categories":[1776],"tags":[9010,722,522,223,1801,107877,107876,29,214,30,24764,1802,36224,215],"class_list":["post-902090","post","type-post","status-publish","format-standard","has-post-thumbnail","category-prominente","tag-caren-miosga","tag-722","tag-522","tag-ard","tag-celebrities","tag-christian-ulmen","tag-collien-fernandes","tag-deutschland","tag-entertainment","tag-germany","tag-polizeischutz","tag-prominente","tag-stefanie-hubig","tag-unterhaltung"],"share_on_mastodon":{"url":"https:\/\/pubeurope.com\/@de\/116304064479821715","error":""},"_links":{"self":[{"href":"https:\/\/www.europesays.com\/de\/wp-json\/wp\/v2\/posts\/902090","targetHints":{"allow":["GET"]}}],"collection":[{"href":"https:\/\/www.europesays.com\/de\/wp-json\/wp\/v2\/posts"}],"about":[{"href":"https:\/\/www.europesays.com\/de\/wp-json\/wp\/v2\/types\/post"}],"author":[{"embeddable":true,"href":"https:\/\/www.europesays.com\/de\/wp-json\/wp\/v2\/users\/2"}],"replies":[{"embeddable":true,"href":"https:\/\/www.europesays.com\/de\/wp-json\/wp\/v2\/comments?post=902090"}],"version-history":[{"count":0,"href":"https:\/\/www.europesays.com\/de\/wp-json\/wp\/v2\/posts\/902090\/revisions"}],"wp:featuredmedia":[{"embeddable":true,"href":"https:\/\/www.europesays.com\/de\/wp-json\/wp\/v2\/media\/902091"}],"wp:attachment":[{"href":"https:\/\/www.europesays.com\/de\/wp-json\/wp\/v2\/media?parent=902090"}],"wp:term":[{"taxonomy":"category","embeddable":true,"href":"https:\/\/www.europesays.com\/de\/wp-json\/wp\/v2\/categories?post=902090"},{"taxonomy":"post_tag","embeddable":true,"href":"https:\/\/www.europesays.com\/de\/wp-json\/wp\/v2\/tags?post=902090"}],"curies":[{"name":"wp","href":"https:\/\/api.w.org\/{rel}","templated":true}]}}