{"id":902865,"date":"2026-03-28T08:27:14","date_gmt":"2026-03-28T08:27:14","guid":{"rendered":"https:\/\/www.europesays.com\/de\/902865\/"},"modified":"2026-03-28T08:27:14","modified_gmt":"2026-03-28T08:27:14","slug":"ukraine-news-russische-hauptschlaege-bei-pokrowsk-und-saporischschja-erwartet","status":"publish","type":"post","link":"https:\/\/www.europesays.com\/de\/902865\/","title":{"rendered":"Ukraine-News: Russische Hauptschl\u00e4ge bei Pokrowsk und Saporischschja erwartet"},"content":{"rendered":"<p class=\"text\">\nDie russischen Streitkr\u00e4fte haben nach Angaben des ukrainischen Milit\u00e4ranalysten Oleksii Hetman ihre Angriffe entlang der gesamten Frontlinie verst\u00e4rkt, um die ukrainische Verteidigung zu dehnen. Damit solle verhindert werden, dass sich die ukrainischen Streitkr\u00e4fte auf Schl\u00fcsselbereiche einer potenziellen russischen Offensive konzentrieren k\u00f6nnen. Das berichtet die ukrainische Nachrichtenagentur <a href=\"https:\/\/www.ukrinform.net\/rubric-ato\/4106442-military-analyst-russians-to-focus-main-attacks-on-pokrovsk-and-zaporizhzhia-sectors.html\" title=\"Ukrinform: Hetrmann Russen-Hauptschl\u00e4ge\" data-ctrl-link=\"{&#039;id&#039;: &#039;6d6b43fa-f796-47de-a55a-68bffc1ee9ce&#039;,&#039;type&#039;:&#039;external&#039;,&#039;window&#039;:{&#039;type&#039;:&#039;blank&#039;,&#039;config&#039;:{&#039;title&#039;:&#039;Ukrinform: Hetrmann Russen-Hauptschl\u00e4ge&#039;,&#039;top&#039;:&#039;0&#039;,&#039;left&#039;:&#039;0&#039;,&#039;width&#039;:&#039;0&#039;,&#039;height&#039;:&#039;0&#039;,&#039;status&#039;:&#039;0&#039;,&#039;menubar&#039;:&#039;0&#039;,&#039;location&#039;:&#039;0&#039;,&#039;scroll&#039;:&#039;0&#039;,&#039;toolbar&#039;:&#039;0&#039;,&#039;resizable&#039;:&#039;0&#039;}}}\" rel=\"nofollow noopener\" target=\"_blank\">Ukrinform<\/a> unter Verweis auf ein Interview des Milit\u00e4ranalysten mit dem <a href=\"https:\/\/ukr.radio\/news.html?newsID=110278\" title=\"Ukrainska Radio: Interview Hetman\" data-ctrl-link=\"{&#039;id&#039;: &#039;b385087e-96c5-440d-a874-bfda3d6ca8df&#039;,&#039;type&#039;:&#039;external&#039;,&#039;window&#039;:{&#039;type&#039;:&#039;blank&#039;,&#039;config&#039;:{&#039;title&#039;:&#039;Ukrainska Radio: Interview Hetman&#039;,&#039;top&#039;:&#039;0&#039;,&#039;left&#039;:&#039;0&#039;,&#039;width&#039;:&#039;0&#039;,&#039;height&#039;:&#039;0&#039;,&#039;status&#039;:&#039;0&#039;,&#039;menubar&#039;:&#039;0&#039;,&#039;location&#039;:&#039;0&#039;,&#039;scroll&#039;:&#039;0&#039;,&#039;toolbar&#039;:&#039;0&#039;,&#039;resizable&#039;:&#039;0&#039;}}}\" rel=\"nofollow noopener\" target=\"_blank\">Ukrainischen Radio<\/a>. Hetman erwartet demnach: &#8222;Die Hauptangriffe des Feindes werden in mindestens zwei Richtungen erfolgen \u2013\u00a0Pokrowsk\u00a0und Saporischschja. Es ist durchaus m\u00f6glich, dass es eine dritte Richtung gibt \u2013 Lyman.&#8220; (Quelle: Ukrainska Prawda, Ukrainska Radio)<\/p>\n","protected":false},"excerpt":{"rendered":"Die russischen Streitkr\u00e4fte haben nach Angaben des ukrainischen Milit\u00e4ranalysten Oleksii Hetman ihre Angriffe entlang der gesamten Frontlinie verst\u00e4rkt,&hellip;\n","protected":false},"author":2,"featured_media":902866,"comment_status":"","ping_status":"","sticky":false,"template":"","format":"standard","meta":{"footnotes":"","_share_on_mastodon":"0"},"categories":[4012],"tags":[331,332,19104,13,345,4046,81,182,14,15,20200,307,859,860,12,861,113,317,64,6474,103],"class_list":["post-902865","post","type-post","status-publish","format-standard","has-post-thumbnail","category-ukraine","tag-aktuelle-nachrichten","tag-aktuelle-news","tag-g7","tag-headlines","tag-iran","tag-krieg","tag-mdr","tag-merz","tag-nachrichten","tag-news","tag-rubio","tag-russland","tag-sachsen","tag-sachsen-anhalt","tag-schlagzeilen","tag-thueringen","tag-trump","tag-ukraine","tag-usa","tag-waffenlieferungen","tag-welt"],"share_on_mastodon":{"url":"https:\/\/pubeurope.com\/@de\/116305857488869950","error":""},"_links":{"self":[{"href":"https:\/\/www.europesays.com\/de\/wp-json\/wp\/v2\/posts\/902865","targetHints":{"allow":["GET"]}}],"collection":[{"href":"https:\/\/www.europesays.com\/de\/wp-json\/wp\/v2\/posts"}],"about":[{"href":"https:\/\/www.europesays.com\/de\/wp-json\/wp\/v2\/types\/post"}],"author":[{"embeddable":true,"href":"https:\/\/www.europesays.com\/de\/wp-json\/wp\/v2\/users\/2"}],"replies":[{"embeddable":true,"href":"https:\/\/www.europesays.com\/de\/wp-json\/wp\/v2\/comments?post=902865"}],"version-history":[{"count":0,"href":"https:\/\/www.europesays.com\/de\/wp-json\/wp\/v2\/posts\/902865\/revisions"}],"wp:featuredmedia":[{"embeddable":true,"href":"https:\/\/www.europesays.com\/de\/wp-json\/wp\/v2\/media\/902866"}],"wp:attachment":[{"href":"https:\/\/www.europesays.com\/de\/wp-json\/wp\/v2\/media?parent=902865"}],"wp:term":[{"taxonomy":"category","embeddable":true,"href":"https:\/\/www.europesays.com\/de\/wp-json\/wp\/v2\/categories?post=902865"},{"taxonomy":"post_tag","embeddable":true,"href":"https:\/\/www.europesays.com\/de\/wp-json\/wp\/v2\/tags?post=902865"}],"curies":[{"name":"wp","href":"https:\/\/api.w.org\/{rel}","templated":true}]}}