{"id":903127,"date":"2026-03-28T11:02:17","date_gmt":"2026-03-28T11:02:17","guid":{"rendered":"https:\/\/www.europesays.com\/de\/903127\/"},"modified":"2026-03-28T11:02:17","modified_gmt":"2026-03-28T11:02:17","slug":"kaercherhalle-weingarten-feiert-100-jahre-jubilaeum","status":"publish","type":"post","link":"https:\/\/www.europesays.com\/de\/903127\/","title":{"rendered":"K\u00e4rcherhalle Weingarten feiert 100 Jahre Jubil\u00e4um"},"content":{"rendered":"<p class=\"mb-6 text-xs md:text-m lg:text-l font-serif group-[.font-sans]:font-sans \">\n    Schon vor 100 Jahren standen Musik, Gesang, Theater und sportliche Darbietungen im Mittelpunkt. Unternehmer\u00a0<strong class=\"font-bold\">Kai Geggus (57)<\/strong>\u00a0aus Weingarten, der das Anwesen mit\u00a0<strong class=\"font-bold\">Hotel, Gastst\u00e4tte und Tanzsaal<\/strong>\u00a0Ende 2020 gekauft und an den gleichaltrigen Gastronomen\u00a0<strong class=\"font-bold\">Oliver K\u00e4rcher<\/strong>\u00a0verpachtet hat, rollt gemeinsam mit dem Namensgeber den roten Teppich aus.\u00a0\n  <\/p>\n<p>    <img decoding=\"async\" src=\"https:\/\/www.europesays.com\/de\/wp-content\/uploads\/2026\/03\/dsc04598jpg.jpg\" alt=\"Kai Geggus (links) und Oliver K\u00e4rcher.\" title=\"Kai Geggus (links) und Oliver K\u00e4rcher.\" loading=\"lazy\" class=\"h-full w-full object-cover\"\/><\/p>\n<p>      Icon vergr\u00f6\u00dfern<\/p>\n<p>    Kai Geggus (links) und Oliver K\u00e4rcher.<br \/>\n    Foto: Hans-Joachim Of<\/p>\n<p>        Schlie\u00dfen <\/p>\n<p>      Icon Schlie\u00dfen<\/p>\n<p>        Icon vergr\u00f6\u00dfern<\/p>\n<p>        Icon verkleinern<\/p>\n<p>      Icon Pfeil bewegen<\/p>\n<p>    Kai Geggus (links) und Oliver K\u00e4rcher.<br \/>\n    Foto: Hans-Joachim Of<\/p>\n<p>            Das Jubil\u00e4um 2026: Gro\u00dfe Party zum 100. Geburtstag<\/p>\n<p class=\"mb-6 text-xs md:text-m lg:text-l font-serif group-[.font-sans]:font-sans \">\n    Punktgenau\u00a0<strong class=\"font-bold\">100 Jahre sp\u00e4ter<\/strong>, am\u00a0<strong class=\"font-bold\">Samstag, 4. April 2026<\/strong>, wird das Jubil\u00e4um\u00a0<strong class=\"font-bold\">\u201e100 Jahre K\u00e4rcherhalle Weingarten\u201c<\/strong>\u00a0ab\u00a0<strong class=\"font-bold\">19.30 Uhr<\/strong>\u00a0mit einer gro\u00dfen Party gefeiert. Vier Discjockeys sollen f\u00fcr Stimmung sorgen, dazu seien \u00dcberraschungen geplant. <strong class=\"font-bold\">Der Eintritt betr\u00e4gt sowohl im Vorverkauf als auch an der Abendkasse 15 Euro.<\/strong>\n  <\/p>\n<p class=\"mb-6 text-xs md:text-m lg:text-l font-serif group-[.font-sans]:font-sans \">\n    Mit einem \u201eBest of\u201c der gr\u00f6\u00dften Hits aller Zeiten sollen am\u00a0<strong class=\"font-bold\">4. April 2026 <\/strong>alle Freunde von\u00a0<strong class=\"font-bold\"><a href=\"https:\/\/www.suedkurier.de\/schlager\" target=\"_self\" class=\"underline \" rel=\"nofollow noopener\">Schlager<\/a>, Discofox, Freestyle, Latino<\/strong>\u00a0und\u00a0<strong class=\"font-bold\">Dance-Klassikern<\/strong>\u00a0auf ihre Kosten kommen. \u201eWir haben Platz f\u00fcr rund 800 G\u00e4ste, wobei die ersten 100 Besucher, die gerne im <strong class=\"font-bold\">Dresscode Black &amp; White<\/strong> kommen d\u00fcrfen, <strong class=\"font-bold\">ein Glas Sekt<\/strong> erhalten\u201c, sagt Oliver K\u00e4rcher. Zudem wird man mit<strong class=\"font-bold\"> Getr\u00e4nke-Special-Highlights und einer Fr\u00fchlingsbowle <\/strong>sowie Wunderkerzen am Tisch aufwarten.\n  <\/p>\n<p>            Die Anf\u00e4nge: Bahnhofsrestauration und Tanzsaal<\/p>\n<p class=\"mb-6 text-xs md:text-m lg:text-l font-serif group-[.font-sans]:font-sans \">\n    Dessen Ur-Ur-Gro\u00dfvater Ludwig K\u00e4rcher, Metzgermeister und Gastronom, war der erste Besitzer des weithin bekannten Hauses.\n  <\/p>\n<p>    <img decoding=\"async\" src=\"https:\/\/www.europesays.com\/de\/wp-content\/uploads\/2026\/03\/bahnuebergang-kurz-nach-1900.jpg\" alt=\"Bahn\u00fcbergang kurz nach 1900.\" title=\"Bahn\u00fcbergang kurz nach 1900.\" loading=\"lazy\" class=\"h-full w-full object-cover\"\/><\/p>\n<p>      Icon vergr\u00f6\u00dfern<\/p>\n<p>    Bahn\u00fcbergang kurz nach 1900.<br \/>\n    Foto: Hans-Joachim Of<\/p>\n<p>        Schlie\u00dfen <\/p>\n<p>      Icon Schlie\u00dfen<\/p>\n<p>        Icon vergr\u00f6\u00dfern<\/p>\n<p>        Icon verkleinern<\/p>\n<p>      Icon Pfeil bewegen<\/p>\n<p>    Bahn\u00fcbergang kurz nach 1900.<br \/>\n    Foto: Hans-Joachim Of<\/p>\n<p class=\"mb-6 text-xs md:text-m lg:text-l font-serif group-[.font-sans]:font-sans \">\n    Bereits\u00a0<strong class=\"font-bold\">1910<\/strong>\u00a0errichtete Ludwig K\u00e4rcher das Anwesen als\u00a0<strong class=\"font-bold\">\u201eBahnhofsrestauration\u201c<\/strong>, um Pendler, die morgens nach Karlsruhe oder Bruchsal zur Arbeit fuhren, mit einem Vesper zu versorgen.\u00a0Dies sei die Geburtsstunde des Reisens und des Pauschaltourismus gewesen, wird angemerkt. \u201eTransport und Verpflegung\u201c als Gesamtpaket.\n  <\/p>\n<p class=\"mb-6 text-xs md:text-m lg:text-l font-serif group-[.font-sans]:font-sans \">\n    Die Bahnhofswirtschaft, zu der schon damals ein\u00a0<strong class=\"font-bold\">Tanzsaal<\/strong>\u00a0geh\u00f6rte, wurde sp\u00e4ter deutlich erweitert.\u00a0\n  <\/p>\n<p>            Ausbau zur Mehrzweckhalle: Festsaal, B\u00fchne, Vereinsleben<\/p>\n<p class=\"mb-6 text-xs md:text-m lg:text-l font-serif group-[.font-sans]:font-sans \">\n    In den Jahren\u00a0<strong class=\"font-bold\">1925\/26<\/strong>\u00a0entstand der bis heute existierende\u00a0<strong class=\"font-bold\">Festsaal mit gro\u00dfer B\u00fchne<\/strong>.\n  <\/p>\n<p class=\"mb-6 text-xs md:text-m lg:text-l font-serif group-[.font-sans]:font-sans \">\n    Da es in Weingarten zu dieser Zeit keine Sporthalle gab, diente die K\u00e4rcherhalle zugleich als\u00a0<strong class=\"font-bold\">Mehrzweckhalle<\/strong>. Viele \u00f6rtliche Vereine veranstalteten dort ihre\u00a0<strong class=\"font-bold\">Faschingsb\u00e4lle. <\/strong>Legend\u00e4r sind bis heute die Feten in der f\u00fcnften Jahreszeit, wobei besonders am \u201eSchmutzigen Donnerstag\u201c die Post abgeht.\n  <\/p>\n<p>            Kultstatus ab den 60ern: Bands, Tanztempel, S\u00fcddeutschland reist an<\/p>\n<p class=\"mb-6 text-xs md:text-m lg:text-l font-serif group-[.font-sans]:font-sans \">\n    Anfang der 60er Jahre nahmen speziell Tanzveranstaltungen immer mehr Fahrt auf und namhafte Musikbands traten an den Wochenenden in der K\u00e4rcherhalle auf. Dieser Tanztempel, zu dem Menschen aus ganz S\u00fcddeutschland anreisten, erlangte so schnell \u00fcberregionalen Kult-Status.\n  <\/p>\n<p>    <img decoding=\"async\" src=\"https:\/\/www.europesays.com\/de\/wp-content\/uploads\/2026\/03\/kaercherhalle-saal-mit-wandbild-002.jpg\" alt=\"K\u00e4rcherhalle Saal mit Wandbild.\" title=\"K\u00e4rcherhalle Saal mit Wandbild.\" loading=\"lazy\" class=\"h-full w-full object-cover\"\/><\/p>\n<p>      Icon vergr\u00f6\u00dfern<\/p>\n<p>    K\u00e4rcherhalle Saal mit Wandbild.<br \/>\n    Foto: Hans-Joachim Of<\/p>\n<p>        Schlie\u00dfen <\/p>\n<p>      Icon Schlie\u00dfen<\/p>\n<p>        Icon vergr\u00f6\u00dfern<\/p>\n<p>        Icon verkleinern<\/p>\n<p>      Icon Pfeil bewegen<\/p>\n<p>    K\u00e4rcherhalle Saal mit Wandbild.<br \/>\n    Foto: Hans-Joachim Of<\/p>\n<p class=\"mb-6 text-xs md:text-m lg:text-l font-serif group-[.font-sans]:font-sans \">\n    Tatsache ist: Die K\u00e4rcherhalle kennt jeder Musikliebhaber bis heute, zumal Formationen wie die\u00a0<strong class=\"font-bold\">\u201eRocking Stars\u201c<\/strong>,\u00a0<strong class=\"font-bold\">\u201eNight Kings\u201c<\/strong>,\u00a0<strong class=\"font-bold\">\u201eTops\u201c<\/strong>\u00a0oder\u00a0<strong class=\"font-bold\">\u201eBlack Water\u201c<\/strong>\u00a0der \u00e4lteren Generation noch bestens vertraut sind. Auch die\u00a0<strong class=\"font-bold\">\u201eDancing Show Band\u201c<\/strong>\u00a0(aus der sp\u00e4ter die Flippers wurden) oder\u00a0<strong class=\"font-bold\">\u201eThe Markees\u201c<\/strong>\u00a0mit den Br\u00fcdern\u00a0<strong class=\"font-bold\">Edo und Vilko Zanki<\/strong>\u00a0traten dort regelm\u00e4\u00dfig auf.\n  <\/p>\n<p>            Vilko Zanki \u00fcber \u201egoldene Zeiten\u201c<\/p>\n<p class=\"mb-6 text-xs md:text-m lg:text-l font-serif group-[.font-sans]:font-sans \">\n    Musiker Vilko Zanki, \u00e4lterer Bruder des vor sechs Jahren verstorbenen Edo Zanki, der in Karlsdorf nach wie vor das renommierte Kangaroo-Tonstudio betreibt, erinnert sich an die \u201eGoldenen Zeiten\u201c. Er stand\u00a0mit der Band \u201eFlorett\u201c in der 60er Jahren selbst als Gitarrist auf der K\u00e4rcherhallen-B\u00fchne und war in der Folge zu den Markees gewechselt.\n  <\/p>\n<p class=\"mb-6 text-xs md:text-m lg:text-l font-serif group-[.font-sans]:font-sans \">\n    Zanki sagt: \u201eNachdem wir mit den Markees den wichtigen Kapellenwettstreit in Bruchsal gewannen, waren wir in aller Munde und spielten auch in Weingarten \u00fcber ein Dutzend Konzerte, wobei der damals erst 14-j\u00e4hrige Edo Zanki als S\u00e4nger und Keyboarder fest zur Band geh\u00f6rte, bevor er sp\u00e4ter eine Solokarriere startete.\u201c Der Song \u201eSieben Tage noch\u201c war in den 70ern ein regionaler, oft im Radio gespielter Song.\n  <\/p>\n<p>            Umbaupl\u00e4ne und Abschlussparty 2027<\/p>\n<p class=\"mb-6 text-xs md:text-m lg:text-l font-serif group-[.font-sans]:font-sans \">\n    Was bringt die Zukunft?\u00a0<strong class=\"font-bold\">Kai Geggus<\/strong>\u00a0k\u00fcndigt an, dass die K\u00e4rcherhalle\u00a0<strong class=\"font-bold\">komplett umgebaut<\/strong>\u00a0und\u00a0<strong class=\"font-bold\">von Grund auf saniert<\/strong>\u00a0werden soll. Der\u00a0<strong class=\"font-bold\">Hotelbetrieb<\/strong>\u00a0werde eingestellt, stattdessen solle ein\u00a0<strong class=\"font-bold\">Badisches Wirtshaus<\/strong>\u00a0entstehen.\n  <\/p>\n<p>    <img decoding=\"async\" src=\"https:\/\/www.europesays.com\/de\/wp-content\/uploads\/2026\/03\/dsc04607jpg.jpg\" alt=\"Kai Geggus (links) und Oliver K\u00e4rcher.\" title=\"Kai Geggus (links) und Oliver K\u00e4rcher.\" loading=\"lazy\" class=\"h-full w-full object-cover\"\/><\/p>\n<p>      Icon vergr\u00f6\u00dfern<\/p>\n<p>    Kai Geggus (links) und Oliver K\u00e4rcher.<br \/>\n    Foto: Hans-Joachim Of<\/p>\n<p>        Schlie\u00dfen <\/p>\n<p>      Icon Schlie\u00dfen<\/p>\n<p>        Icon vergr\u00f6\u00dfern<\/p>\n<p>        Icon verkleinern<\/p>\n<p>      Icon Pfeil bewegen<\/p>\n<p>    Kai Geggus (links) und Oliver K\u00e4rcher.<br \/>\n    Foto: Hans-Joachim Of<\/p>\n<p class=\"mb-6 text-xs md:text-m lg:text-l font-serif group-[.font-sans]:font-sans \">\n    Der Baubeginn ist f\u00fcr das\u00a0<strong class=\"font-bold\">Fr\u00fchjahr 2027<\/strong>\u00a0geplant. Zuvor soll es am\u00a0<strong class=\"font-bold\">13. Februar<\/strong>\u00a0noch eine gro\u00dfe\u00a0<strong class=\"font-bold\">Abschlussparty<\/strong>\u00a0geben. K\u00fcnftig, so wird berichtet, soll die neue Lokalit\u00e4t\u00a0<strong class=\"font-bold\">\u201eWengerder Turmbergbr\u00e4u mit Biergarten\u201c<\/strong>\u00a0hei\u00dfen.\n  <\/p>\n<ul data-module-id=\"DragDropModule\" class=\"flex flex-wrap justify-start group-[.no-bookmarks]:hidden\">\n<li class=\"mb-3 mr-3\">\n    Hajo Of<\/p>\n<p>      Icon Haken im Kreis gesetzt<\/p>\n<p>      Icon Plus im Kreis<\/p>\n<\/li>\n<li class=\"mb-3 mr-3\">\n    Weingarten<\/p>\n<p>      Icon Haken im Kreis gesetzt<\/p>\n<p>      Icon Plus im Kreis<\/p>\n<\/li>\n<li class=\"mb-3 mr-3\">\n    Ostern<\/p>\n<p>      Icon Haken im Kreis gesetzt<\/p>\n<p>      Icon Plus im Kreis<\/p>\n<\/li>\n<\/ul>\n","protected":false},"excerpt":{"rendered":"Schon vor 100 Jahren standen Musik, Gesang, Theater und sportliche Darbietungen im Mittelpunkt. Unternehmer\u00a0Kai Geggus (57)\u00a0aus Weingarten, der&hellip;\n","protected":false},"author":2,"featured_media":903128,"comment_status":"","ping_status":"","sticky":false,"template":"","format":"standard","meta":{"footnotes":"","_share_on_mastodon":"0"},"categories":[1844],"tags":[1634,82877,3364,29,198267,30,198264,8903,198266,198265,2454,36066,198268,52003],"class_list":["post-903127","post","type-post","status-publish","format-standard","has-post-thumbnail","category-karlsruhe","tag-baden-wuerttemberg","tag-bruchsal","tag-de","tag-deutschland","tag-edo-zanki","tag-germany","tag-kai-geggu","tag-karlsruhe","tag-ludwig-kaercher","tag-oliver-kaercher","tag-ostern","tag-uer","tag-vilko-zanki","tag-weingarten"],"share_on_mastodon":{"url":"https:\/\/pubeurope.com\/@de\/116306467372564108","error":""},"_links":{"self":[{"href":"https:\/\/www.europesays.com\/de\/wp-json\/wp\/v2\/posts\/903127","targetHints":{"allow":["GET"]}}],"collection":[{"href":"https:\/\/www.europesays.com\/de\/wp-json\/wp\/v2\/posts"}],"about":[{"href":"https:\/\/www.europesays.com\/de\/wp-json\/wp\/v2\/types\/post"}],"author":[{"embeddable":true,"href":"https:\/\/www.europesays.com\/de\/wp-json\/wp\/v2\/users\/2"}],"replies":[{"embeddable":true,"href":"https:\/\/www.europesays.com\/de\/wp-json\/wp\/v2\/comments?post=903127"}],"version-history":[{"count":0,"href":"https:\/\/www.europesays.com\/de\/wp-json\/wp\/v2\/posts\/903127\/revisions"}],"wp:featuredmedia":[{"embeddable":true,"href":"https:\/\/www.europesays.com\/de\/wp-json\/wp\/v2\/media\/903128"}],"wp:attachment":[{"href":"https:\/\/www.europesays.com\/de\/wp-json\/wp\/v2\/media?parent=903127"}],"wp:term":[{"taxonomy":"category","embeddable":true,"href":"https:\/\/www.europesays.com\/de\/wp-json\/wp\/v2\/categories?post=903127"},{"taxonomy":"post_tag","embeddable":true,"href":"https:\/\/www.europesays.com\/de\/wp-json\/wp\/v2\/tags?post=903127"}],"curies":[{"name":"wp","href":"https:\/\/api.w.org\/{rel}","templated":true}]}}