{"id":903147,"date":"2026-03-28T11:13:25","date_gmt":"2026-03-28T11:13:25","guid":{"rendered":"https:\/\/www.europesays.com\/de\/903147\/"},"modified":"2026-03-28T11:13:25","modified_gmt":"2026-03-28T11:13:25","slug":"ukraine-krieg-angriff-auf-putins-arktis-eisbrecher-drohne-trifft-purga","status":"publish","type":"post","link":"https:\/\/www.europesays.com\/de\/903147\/","title":{"rendered":"Ukraine-Krieg: Angriff auf Putins Arktis-Eisbrecher: Drohne trifft &#8222;Purga&#8220;"},"content":{"rendered":"<p class=\"text-18 leading-17 user-text-lg:text-22 user-text-xl:text-24\">Parallel zu dem Angriff auf die Werft meldeten russische Beh\u00f6rden Drohnenangriffe in mehreren Regionen. In der Hafenanlage Ust-Luga, einem wichtigen Umschlagplatz f\u00fcr \u00d6l und Gas, brach ein Feuer aus. Bereits zuvor waren Energieanlagen und Terminals in der Ostseeregion Ziel ukrainischer Angriffe gewesen.<\/p>\n<p class=\"text-18 leading-17 user-text-lg:text-22 user-text-xl:text-24\">Der ukrainische Generalstab erkl\u00e4rte, man werde weiterhin &#8222;wichtige Ziele des Gegners&#8220; angreifen \u2013 sowohl in besetzten Gebieten als auch auf russischem Staatsgebiet. Ziel sei es, die milit\u00e4rischen F\u00e4higkeiten Russlands zu schw\u00e4chen, bis die Angriffe auf die <a class=\"transition-colors duration-200 cursor-pointer text-inherit no-underline text-salemsfur md:hover:text-magenta md:hover:border-magenta md:focus:text-magenta border-current border-b border-solid break-words\" data-tracking=\"{&quot;action&quot;:&quot;click&quot;,&quot;category&quot;:&quot;intextLink&quot;,&quot;label&quot;:&quot;\/themen\/ukraine\/&quot;}\" href=\"https:\/\/www.t-online.de\/themen\/ukraine\/\" data-sctrack=\"BodyAnchor\" rel=\"nofollow noopener\" target=\"_blank\">Ukraine<\/a> endeten.<\/p>\n<p class=\"text-18 leading-17 user-text-lg:text-22 user-text-xl:text-24\">Die Attacke auf die &#8222;Purga&#8220; k\u00f6nnte den Bau eines der wenigen russischen Kampfeisbrecher deutlich verz\u00f6gern. Russland hat bislang nur eine Einheit dieses Typs in Dienst gestellt, weitere befinden sich im Bau.<\/p>\n","protected":false},"excerpt":{"rendered":"Parallel zu dem Angriff auf die Werft meldeten russische Beh\u00f6rden Drohnenangriffe in mehreren Regionen. In der Hafenanlage Ust-Luga,&hellip;\n","protected":false},"author":2,"featured_media":903148,"comment_status":"","ping_status":"","sticky":false,"template":"","format":"standard","meta":{"footnotes":"","_share_on_mastodon":"0"},"categories":[4012],"tags":[326,522,331,332,2140,1478,27489,13,5793,5020,34786,14,15,2852,91605,307,6402,12,6375,317,312,8148,198271],"class_list":["post-903147","post","type-post","status-publish","format-standard","has-post-thumbnail","category-ukraine","tag-326","tag-522","tag-aktuelle-nachrichten","tag-aktuelle-news","tag-angriff","tag-drohne","tag-fsb","tag-headlines","tag-kiew","tag-kreml","tag-leningrad","tag-nachrichten","tag-news","tag-ostsee","tag-prestigeprojekt","tag-russland","tag-schiff","tag-schlagzeilen","tag-streitkraefte","tag-ukraine","tag-ukrainekrieg","tag-werft","tag-wyborg"],"share_on_mastodon":{"url":"https:\/\/pubeurope.com\/@de\/116306510424233466","error":""},"_links":{"self":[{"href":"https:\/\/www.europesays.com\/de\/wp-json\/wp\/v2\/posts\/903147","targetHints":{"allow":["GET"]}}],"collection":[{"href":"https:\/\/www.europesays.com\/de\/wp-json\/wp\/v2\/posts"}],"about":[{"href":"https:\/\/www.europesays.com\/de\/wp-json\/wp\/v2\/types\/post"}],"author":[{"embeddable":true,"href":"https:\/\/www.europesays.com\/de\/wp-json\/wp\/v2\/users\/2"}],"replies":[{"embeddable":true,"href":"https:\/\/www.europesays.com\/de\/wp-json\/wp\/v2\/comments?post=903147"}],"version-history":[{"count":0,"href":"https:\/\/www.europesays.com\/de\/wp-json\/wp\/v2\/posts\/903147\/revisions"}],"wp:featuredmedia":[{"embeddable":true,"href":"https:\/\/www.europesays.com\/de\/wp-json\/wp\/v2\/media\/903148"}],"wp:attachment":[{"href":"https:\/\/www.europesays.com\/de\/wp-json\/wp\/v2\/media?parent=903147"}],"wp:term":[{"taxonomy":"category","embeddable":true,"href":"https:\/\/www.europesays.com\/de\/wp-json\/wp\/v2\/categories?post=903147"},{"taxonomy":"post_tag","embeddable":true,"href":"https:\/\/www.europesays.com\/de\/wp-json\/wp\/v2\/tags?post=903147"}],"curies":[{"name":"wp","href":"https:\/\/api.w.org\/{rel}","templated":true}]}}