{"id":903417,"date":"2026-03-28T13:45:25","date_gmt":"2026-03-28T13:45:25","guid":{"rendered":"https:\/\/www.europesays.com\/de\/903417\/"},"modified":"2026-03-28T13:45:25","modified_gmt":"2026-03-28T13:45:25","slug":"neckar-sehen-schenken-1200-brillen-helfen-menschen-weltweit","status":"publish","type":"post","link":"https:\/\/www.europesays.com\/de\/903417\/","title":{"rendered":"Neckar &#8211; Sehen schenken: 1200 Brillen helfen Menschen weltweit"},"content":{"rendered":"<p><img loading=\"lazy\" decoding=\"async\" src=\"https:\/\/www.europesays.com\/de\/wp-content\/uploads\/2026\/03\/GRN-Green-Team_Viola-Schoeps_Stefanie-Seierl_Johannes-Klein-v.r.n.l.jpg\" alt=\"GRN Green Team Viola Schoeps Stefanie Seierl Johannes Klein (v.r.n.l.)\" width=\"1440\" height=\"960\" class=\"aligncenter size-full wp-image-631755\"  \/><br \/>Rhein-Neckar\/Metropolregion Rhein-Neckar \u2013 Green Team der GRN Gesundheitszentren beteiligt sich an Brillensammel-Aktion<\/p>\n<p>Bereits zum zweiten Mal sind bei einer Brillensammel-Aktion 1200 Brillen zusammengekommen. Das Green Team der GRN Gesundheitszentren Rhein-Neckar kn\u00fcpft damit nahtlos an den Erfolg vom letzten Jahr an. In den letzten Monaten wurden in den GRN-Einrichtungen Sammelstationen f\u00fcr Brillen aufgebaut und aussortierte Brillen entgegengenommen, die Bed\u00fcrftigen zugutekommen sollen. Ende M\u00e4rz holte ein Mitarbeiter der Organisation \u201eBrillen weltweit\u201c die Brillen ab.<\/p>\n<p>Jede einzelne Brille kann einem Menschen zu besserem Sehen verhelfen \u2013 und damit auch oft zu mehr Selbstst\u00e4ndigkeit im Alltag. Gleichzeitig werden Ressourcen geschont, weil vorhandene Brillen weiterverwendet statt entsorgt werden. Und auch hier vor Ort wirkt die Aktion: Bei der Aufbereitung werden in Deutschland Langzeitarbeitslose eingebunden.<\/p>\n<p>\u201eWir wollten ganz konkret etwas bewirken und Menschen unterst\u00fctzen, die keinen so selbstverst\u00e4ndlichen Zugang zu medizinischer Versorgung haben wie wir\u201c, so Stefanie Seierl, Nachhaltigkeitsmanagerin der GRN Gesundheitszentren. \u201eEin kleiner Handgriff mit gro\u00dfer Wirkung: Schublade durchsehen, Brille spenden, helfen.\u201c<\/p>\n<p>In den GRN-Einrichtungen haben sich wieder Mitarbeitende, Patientinnen und Patienten, Bewohnende der Senioren- und Betreuungszentren und Angeh\u00f6rige an der Aktion beteiligt. Die Brillen werden von der Organisation \u201eBrillen weltweit\u201c gereinigt, desinfiziert, repariert, sofern das n\u00f6tig und m\u00f6glich ist, etikettiert und mit ermittelter Sehst\u00e4rke an Bed\u00fcrftige weltweit verteilt.<\/p>\n<p>Die Aktion leistet einen konkreten Beitrag zu SDG 12 \u2013 nachhaltiger Konsum und verantwortungsvolle Nutzung von Ressourcen \u2013 indem Brillen wiederverwendet statt entsorgt werden.<\/p>\n<p>F\u00fcr das GRN Green Team steht bereits fest: Die Erfolgsgeschichte wird fortgeschrieben. Auch im kommenden Jahr soll es wieder eine Brillensammel-Aktion geben.<\/p>\n<p>Ein gro\u00dfes Dankesch\u00f6n richtet Stefanie Seierl an alle, die sich beteiligt haben. Jede Brille macht einen Unterschied.<\/p>\n<p>Quelle: GRN Gesundheitszentren Rhein-Neckar gGmbH<\/p>\n<p class=\"post-modified-info\">Zuletzt aktualisiert am 28. M\u00e4rz 2026, 12:51<\/p>\n","protected":false},"excerpt":{"rendered":"Rhein-Neckar\/Metropolregion Rhein-Neckar \u2013 Green Team der GRN Gesundheitszentren beteiligt sich an Brillensammel-Aktion Bereits zum zweiten Mal sind bei&hellip;\n","protected":false},"author":2,"featured_media":903418,"comment_status":"","ping_status":"","sticky":false,"template":"","format":"standard","meta":{"footnotes":"","_share_on_mastodon":"0"},"categories":[1845],"tags":[3951,48519,1634,3364,29,548,663,3934,30,13,8230,2096,9834,25488,25489,61986,6400,14,14480,15,24564,9860,2510,5206,28951,12,6857,4051],"class_list":["post-903417","post","type-post","status-publish","format-standard","has-post-thumbnail","category-mannheim","tag-aktion","tag-angehoerige","tag-baden-wuerttemberg","tag-de","tag-deutschland","tag-eu","tag-europa","tag-europe","tag-germany","tag-headlines","tag-konsum","tag-mannheim","tag-menschen","tag-metropolregion","tag-metropolregion-rhein-neckar","tag-mitarbeitende","tag-mitarbeiter","tag-nachrichten","tag-neckar","tag-news","tag-nutzung","tag-organisation","tag-patienten","tag-rhein","tag-rhein-neckar","tag-schlagzeilen","tag-spenden","tag-team"],"share_on_mastodon":{"url":"https:\/\/pubeurope.com\/@de\/116307107925023630","error":""},"_links":{"self":[{"href":"https:\/\/www.europesays.com\/de\/wp-json\/wp\/v2\/posts\/903417","targetHints":{"allow":["GET"]}}],"collection":[{"href":"https:\/\/www.europesays.com\/de\/wp-json\/wp\/v2\/posts"}],"about":[{"href":"https:\/\/www.europesays.com\/de\/wp-json\/wp\/v2\/types\/post"}],"author":[{"embeddable":true,"href":"https:\/\/www.europesays.com\/de\/wp-json\/wp\/v2\/users\/2"}],"replies":[{"embeddable":true,"href":"https:\/\/www.europesays.com\/de\/wp-json\/wp\/v2\/comments?post=903417"}],"version-history":[{"count":0,"href":"https:\/\/www.europesays.com\/de\/wp-json\/wp\/v2\/posts\/903417\/revisions"}],"wp:featuredmedia":[{"embeddable":true,"href":"https:\/\/www.europesays.com\/de\/wp-json\/wp\/v2\/media\/903418"}],"wp:attachment":[{"href":"https:\/\/www.europesays.com\/de\/wp-json\/wp\/v2\/media?parent=903417"}],"wp:term":[{"taxonomy":"category","embeddable":true,"href":"https:\/\/www.europesays.com\/de\/wp-json\/wp\/v2\/categories?post=903417"},{"taxonomy":"post_tag","embeddable":true,"href":"https:\/\/www.europesays.com\/de\/wp-json\/wp\/v2\/tags?post=903417"}],"curies":[{"name":"wp","href":"https:\/\/api.w.org\/{rel}","templated":true}]}}