{"id":904001,"date":"2026-03-28T19:13:15","date_gmt":"2026-03-28T19:13:15","guid":{"rendered":"https:\/\/www.europesays.com\/de\/904001\/"},"modified":"2026-03-28T19:13:15","modified_gmt":"2026-03-28T19:13:15","slug":"pfalz-buergerbeauftragte-kritisiert-lange-bearbeitungszeiten","status":"publish","type":"post","link":"https:\/\/www.europesays.com\/de\/904001\/","title":{"rendered":"Pfalz &#8211; B\u00fcrgerbeauftragte kritisiert lange Bearbeitungszeiten"},"content":{"rendered":"<p><img loading=\"lazy\" decoding=\"async\" src=\"https:\/\/www.europesays.com\/de\/wp-content\/uploads\/2026\/03\/Design-ohne-Titel-8.png\" alt=\"Design ohne Titel (8)\" width=\"900\" height=\"600\" class=\"aligncenter size-full wp-image-631752\"  \/><br \/>Rheinland-Pfalz\/Metropolregion Rhein-Neckar \u2013 FREIE W\u00c4HLER: B\u00fcrokratieabbau muss zentrales Thema der Koalitionsverhandlungen werden<\/p>\n<p>Die B\u00fcrgerbeauftragte des Landes Rheinland-Pfalz hat die<br \/>langen Bearbeitungszeiten in Beh\u00f6rden deutlich kritisiert. Berichte \u00fcber monatelange<br \/>Wartezeiten bei Grundbucheintr\u00e4gen, ein Jahr ohne Wohngeld oder Einb\u00fcrgerungstermine<br \/>erst im Jahr 2027 zeigen aus Sicht der FREIEN W\u00c4HLER Rheinland-Pfalz,<br \/>wie dringend Reformen in der Verwaltung notwendig sind.<\/p>\n<p>Die Landesvorsitzende der FREIEN W\u00c4HLER Rheinland-Pfalz, Lisa-Marie Jeckel, erkl\u00e4rt dazu:<br \/>\u201eWenn selbst einfache Verwaltungsverfahren Monate oder Jahre dauern,<br \/>ist das den B\u00fcrgern nicht mehr zuzumuten. Der Staat muss f\u00fcr die Menschen da sein<br \/>\u2013 nicht umgekehrt. Dass sich die B\u00fcrgerbeauftragte inzwischen mit solchen F\u00e4llen besch\u00e4ftigen muss,<br \/>zeigt, wie ernst die Lage ist.\u201c<\/p>\n<p>Neben den Belastungen f\u00fcr die B\u00fcrger sehen die FREIEN W\u00c4HLER auch erhebliche<br \/>Auswirkungen auf die Wirtschaft. Lange Genehmigungsverfahren, verz\u00f6gerte Eintragungen,<br \/>komplizierte Antragsverfahren und langsame Beh\u00f6rden w\u00fcrden Investitionen<br \/>bremsen, Bauprojekte verz\u00f6gern und Unternehmen unn\u00f6tig Zeit und Geld kosten.<\/p>\n<p>\u201eDiese B\u00fcrokratie l\u00e4hmt nicht nur den Alltag der Menschen, sondern auch unsere Wirtschaft.<br \/>Wenn Verfahren zu lange dauern, wird nicht investiert, wird nicht gebaut und<br \/>werden Projekte nicht umgesetzt. Das kostet Wachstum, Arbeitspl\u00e4tze und Wohl-<br \/>stand\u201c, so Jeckel.<\/p>\n<p>Vor dem Hintergrund der laufenden Koalitionsverhandlungen fordern die FREIEN<br \/>W\u00c4HLER CDU und SPD auf, den B\u00fcrokratieabbau zu einem zentralen Projekt der<br \/>neuen Landesregierung zu machen.<\/p>\n<p>\u201eB\u00fcrokratieabbau darf nicht nur im Koalitionsvertrag stehen \u2013 die Menschen m\u00fcssen<br \/>ihn im Alltag sp\u00fcren. Schnellere Verfahren, erreichbare Beh\u00f6rden und weniger unn\u00f6tige Vorschriften<br \/>m\u00fcssen ein Schwerpunkt der neuen Landesregierung werden.\u201c<\/p>\n<p>Quelle: FREIE W\u00c4HLER Rheinland-Pfalz<\/p>\n<p class=\"post-modified-info\">Zuletzt aktualisiert am 28. M\u00e4rz 2026, 12:49<\/p>\n","protected":false},"excerpt":{"rendered":"Rheinland-Pfalz\/Metropolregion Rhein-Neckar \u2013 FREIE W\u00c4HLER: B\u00fcrokratieabbau muss zentrales Thema der Koalitionsverhandlungen werden Die B\u00fcrgerbeauftragte des Landes Rheinland-Pfalz hat&hellip;\n","protected":false},"author":2,"featured_media":904002,"comment_status":"","ping_status":"","sticky":false,"template":"","format":"standard","meta":{"footnotes":"","_share_on_mastodon":"0"},"categories":[1845],"tags":[3584,1634,573,12612,31,3364,29,548,663,3934,666,30,13,9951,2096,9834,25488,25489,14,14480,15,16935,2202,13883,5206,28951,2802,1756,12,62530,184,39146,173,17075,20161],"class_list":["post-904001","post","type-post","status-publish","format-standard","has-post-thumbnail","category-mannheim","tag-arbeitsplaetze","tag-baden-wuerttemberg","tag-berichte","tag-buerger","tag-cdu","tag-de","tag-deutschland","tag-eu","tag-europa","tag-europe","tag-geld","tag-germany","tag-headlines","tag-investitionen","tag-mannheim","tag-menschen","tag-metropolregion","tag-metropolregion-rhein-neckar","tag-nachrichten","tag-neckar","tag-news","tag-pfalz","tag-projekt","tag-projekte","tag-rhein","tag-rhein-neckar","tag-rheinland","tag-rheinland-pfalz","tag-schlagzeilen","tag-schwerpunkt","tag-spd","tag-thema","tag-unternehmen","tag-verwaltung","tag-wachstum"],"share_on_mastodon":{"url":"https:\/\/pubeurope.com\/@de\/116308398016520942","error":""},"_links":{"self":[{"href":"https:\/\/www.europesays.com\/de\/wp-json\/wp\/v2\/posts\/904001","targetHints":{"allow":["GET"]}}],"collection":[{"href":"https:\/\/www.europesays.com\/de\/wp-json\/wp\/v2\/posts"}],"about":[{"href":"https:\/\/www.europesays.com\/de\/wp-json\/wp\/v2\/types\/post"}],"author":[{"embeddable":true,"href":"https:\/\/www.europesays.com\/de\/wp-json\/wp\/v2\/users\/2"}],"replies":[{"embeddable":true,"href":"https:\/\/www.europesays.com\/de\/wp-json\/wp\/v2\/comments?post=904001"}],"version-history":[{"count":0,"href":"https:\/\/www.europesays.com\/de\/wp-json\/wp\/v2\/posts\/904001\/revisions"}],"wp:featuredmedia":[{"embeddable":true,"href":"https:\/\/www.europesays.com\/de\/wp-json\/wp\/v2\/media\/904002"}],"wp:attachment":[{"href":"https:\/\/www.europesays.com\/de\/wp-json\/wp\/v2\/media?parent=904001"}],"wp:term":[{"taxonomy":"category","embeddable":true,"href":"https:\/\/www.europesays.com\/de\/wp-json\/wp\/v2\/categories?post=904001"},{"taxonomy":"post_tag","embeddable":true,"href":"https:\/\/www.europesays.com\/de\/wp-json\/wp\/v2\/tags?post=904001"}],"curies":[{"name":"wp","href":"https:\/\/api.w.org\/{rel}","templated":true}]}}