{"id":904211,"date":"2026-03-28T21:19:15","date_gmt":"2026-03-28T21:19:15","guid":{"rendered":"https:\/\/www.europesays.com\/de\/904211\/"},"modified":"2026-03-28T21:19:15","modified_gmt":"2026-03-28T21:19:15","slug":"bombenentschaerfung-in-stuttgart-das-muessen-anwohner-am-sonntag-beachten","status":"publish","type":"post","link":"https:\/\/www.europesays.com\/de\/904211\/","title":{"rendered":"Bombenentsch\u00e4rfung in Stuttgart: Das m\u00fcssen Anwohner am Sonntag beachten"},"content":{"rendered":"<p>F\u00fcr rund 1000 Menschen im <a href=\"https:\/\/www.stuttgarter-zeitung.de\/inhalt.nach-zweiter-sprengung-am-fernsehturm-fliegerbombe-auf-der-waldau-erfolgreich-gesprengt.83f6567b-752f-4a3d-b243-2e9489b45f5e.html\" target=\"_blank\" rel=\"nofollow noopener\">Degerlocher Stadtteil Hoffeld<\/a> ist der Sonntag, 29. M\u00e4rz, kein gem\u00fctlicher Tag mit Ausschlafen: Um 9 Uhr sollen sie ihre Wohnungen verlassen. Der Grund ist eine Hinterlassenschaft aus dem Zweiten Weltkrieg. Im Hospitalwald schlummert eine Fliegerbombe im Boden. W\u00e4hrend der geplanten Bergung und Entsch\u00e4rfung ist ein Sicherheitsbereich von 600 Metern um die Fundstelle evakuiert. <\/p>\n<p>  <img decoding=\"async\" loading=\"lazy\" src=\"https:\/\/www.europesays.com\/de\/wp-content\/uploads\/2026\/03\/media.media.dfd68309-9f75-4eea-a129-2c38b367a008.original1024.media.jpeg\"\/>     Dieser Bereich ist betroffen.    Foto: StZN    <\/p>\n<p>Der Kampfmittelbeseitigungsdienst (KMND) hat die <a href=\"https:\/\/www.stuttgarter-zeitung.de\/thema\/Bombe\" title=\"Bombe\" class=\"art_thema\" rel=\"nofollow noopener\" target=\"_blank\">Bombe<\/a> bei Sondierungsarbeiten gefunden. Es soll sich um eine rund 250 Kilo schwere Bombe britischer Herkunft aus dem Zweiten Weltkrieg handeln. <\/p>\n<p>F\u00fcr die Bewohnerinnen und Bewohner der Seniorenwohnanlage Lothar-Christmann-Haus beginnt die Evakuierung noch fr\u00fcher. Da die Seniorinnen und Senioren eine Betreuung beim Verlassen des Hauses ben\u00f6tigen, wird hier um 8 Uhr begonnen. Die Stadt teilt mit, alle Betroffenen schriftlich \u00fcber den Einsatz und die Entsch\u00e4rfung informiert zu haben. <\/p>\n<p>  <img decoding=\"async\" loading=\"lazy\" src=\"https:\/\/www.europesays.com\/de\/wp-content\/uploads\/2026\/03\/media.media.3d94a851-060c-47f5-bcdc-8c64de4343f6.original1024.media.jpeg\"\/>     Die unsch\u00e4dlich gemachten Bomben werden im Wald bei Sindelfingen vernichtet.    Foto: STZN\/Steegm\u00fcller (Archiv)    <\/p>\n<p>Die Polizei \u00fcbernimmt es, daf\u00fcr zu sorgen, dass alle die H\u00e4uer verlassen. Auch werden die Spazierwege im Ramsbachtal vor\u00fcbergehend gesperrt. <\/p>\n<p>Die Entsch\u00e4rfung war seit gut einer Woche angek\u00fcndigt. In anderen F\u00e4llen werden Blindg\u00e4nger am gleichen Tag entsch\u00e4rft. Der Unterschied: Im aktuellen Fall liegt die Bombe im Waldboden. Sie wurde auf Luftaufnahmen entdeckt, die der KMD regelm\u00e4\u00dfig auswertet. Es ist davon auszugehen, dass sie noch so im Boden liegt, wie sie einschlug.<\/p>\n<p>Werden hingegen Bomben bei Bauarbeiten entdeckt, etwa, weil man sie mit dem Bagger freilegt, dann muss der KMBD umgehend anr\u00fccken. Denn dann besteht die Gefahr, dass sie durch die Bauarbeiten bewegt wurde \u2013 und damit auch am Z\u00fcnder etwas ver\u00e4ndert wurde. <\/p>\n<p>Was m\u00fcssen die Menschen in Hoffeld am Sonntag wissen? <\/p>\n<ul>\n<li> Die Evakuierung beginnt um 9 Uhr. Der Bereich wird dann abgesperrt. Man kann ihn dann nur noch verlassen, nicht mehr betreten. <\/li>\n<li>\u00a0Die Polizei geht von Haus zu Haus um sicherzustellen, dass in den Wohnungen niemand mehr ist. <\/li>\n<li> Die Seniorenwohnanlage Lothar-Christmann-Haus beginnt bereits um 8 Uhr damit, die Seniorinnen und Senioren in Sicherheit zu bringen. <\/li>\n<li> Der Sicherheitsradius um die Fundstelle im Hospitalwald hat einen Radius von 600 Metern. <\/li>\n<li> Wer weder einen Ausflug machen, noch bei Freunden oder Bekannten unterkommen kann, kann die Turn- und Versammlungshalle Degerloch in der Albstra\u00dfe 70 als Notunterkunft nutzen. <\/li>\n<li> Der Busverkehr der Linien 70 und 71 ist von der Sperrung nicht betroffen. Alle Haltestellen in Hoffeld k\u00f6nnen den ganzen Tag \u00fcber angefahren werden.\u00a0<\/li>\n<li> Wie lange die Entsch\u00e4rfung dauert, das h\u00e4ngt von der Bauart und der Beschaffenheit des Z\u00fcnders ab. <\/li>\n<li> Die Fachleute des KMD, die den Blindg\u00e4nger unsch\u00e4dlich machen, hei\u00dfen Feuerwerker. Ihre Aufgabe ist es, den Z\u00fcnder freizulegen und zu entfernen. <\/li>\n<li> Die genaue Dauer der Sperrung ist nicht vorhersehbar. Die Stadt informiert in den Sozialen Medien \u00fcber den Ablauf. <\/li>\n<li> Beim Weckerstellen muss man beachten: In der Nacht zum Sonntag werden die Uhren umgestellt. Die Nacht ist eine Stunde k\u00fcrzer. <\/li>\n<\/ul>\n","protected":false},"excerpt":{"rendered":"F\u00fcr rund 1000 Menschen im Degerlocher Stadtteil Hoffeld ist der Sonntag, 29. M\u00e4rz, kein gem\u00fctlicher Tag mit Ausschlafen:&hellip;\n","protected":false},"author":2,"featured_media":904212,"comment_status":"","ping_status":"","sticky":false,"template":"","format":"standard","meta":{"footnotes":"","_share_on_mastodon":"0"},"categories":[1830],"tags":[1634,10922,7667,9154,3364,29,30,1441,69350],"class_list":["post-904211","post","type-post","status-publish","format-standard","has-post-thumbnail","category-stuttgart","tag-baden-wuerttemberg","tag-blindgaenger","tag-bombe","tag-bombenentschaerfung","tag-de","tag-deutschland","tag-germany","tag-stuttgart","tag-stuttgart-degerloch"],"share_on_mastodon":{"url":"https:\/\/pubeurope.com\/@de\/116308893316715351","error":""},"_links":{"self":[{"href":"https:\/\/www.europesays.com\/de\/wp-json\/wp\/v2\/posts\/904211","targetHints":{"allow":["GET"]}}],"collection":[{"href":"https:\/\/www.europesays.com\/de\/wp-json\/wp\/v2\/posts"}],"about":[{"href":"https:\/\/www.europesays.com\/de\/wp-json\/wp\/v2\/types\/post"}],"author":[{"embeddable":true,"href":"https:\/\/www.europesays.com\/de\/wp-json\/wp\/v2\/users\/2"}],"replies":[{"embeddable":true,"href":"https:\/\/www.europesays.com\/de\/wp-json\/wp\/v2\/comments?post=904211"}],"version-history":[{"count":0,"href":"https:\/\/www.europesays.com\/de\/wp-json\/wp\/v2\/posts\/904211\/revisions"}],"wp:featuredmedia":[{"embeddable":true,"href":"https:\/\/www.europesays.com\/de\/wp-json\/wp\/v2\/media\/904212"}],"wp:attachment":[{"href":"https:\/\/www.europesays.com\/de\/wp-json\/wp\/v2\/media?parent=904211"}],"wp:term":[{"taxonomy":"category","embeddable":true,"href":"https:\/\/www.europesays.com\/de\/wp-json\/wp\/v2\/categories?post=904211"},{"taxonomy":"post_tag","embeddable":true,"href":"https:\/\/www.europesays.com\/de\/wp-json\/wp\/v2\/tags?post=904211"}],"curies":[{"name":"wp","href":"https:\/\/api.w.org\/{rel}","templated":true}]}}