{"id":904266,"date":"2026-03-28T21:50:31","date_gmt":"2026-03-28T21:50:31","guid":{"rendered":"https:\/\/www.europesays.com\/de\/904266\/"},"modified":"2026-03-28T21:50:31","modified_gmt":"2026-03-28T21:50:31","slug":"der-mehrsprachigkeit-auf-der-spur-rwth-startet-neues-projekt","status":"publish","type":"post","link":"https:\/\/www.europesays.com\/de\/904266\/","title":{"rendered":"Der Mehrsprachigkeit auf der Spur: RWTH startet neues Projekt"},"content":{"rendered":"<p>\n\tVer\u00f6ffentlicht am 27.03.2026 um 07:57  | \t<\/p>\n<p>Lesedauer: 2 min<\/p>\n<p>In der Euregio Maas-Rhein geh\u00f6rt Mehrsprachigkeit zum Alltag: Menschen wechseln m\u00fchelos zwischen Deutsch, Niederl\u00e4ndisch und Franz\u00f6sisch. Genau hier setzt eine neue Forschungsgruppe an der RWTH Aachen an. Ab dem Sommersemester 2026 untersucht sie, wie bilinguale Menschen ihre Sprachen flexibel steuern.<\/p>\n","protected":false},"excerpt":{"rendered":"Ver\u00f6ffentlicht am 27.03.2026 um 07:57 | Lesedauer: 2 min In der Euregio Maas-Rhein geh\u00f6rt Mehrsprachigkeit zum Alltag: Menschen&hellip;\n","protected":false},"author":2,"featured_media":904267,"comment_status":"","ping_status":"","sticky":false,"template":"","format":"standard","meta":{"footnotes":"","_share_on_mastodon":"0"},"categories":[1853],"tags":[1424,3364,29,548,663,3934,30,13,7554,14,2059,15,1209,2202,12,15348],"class_list":["post-904266","post","type-post","status-publish","format-standard","has-post-thumbnail","category-aachen","tag-aachen","tag-de","tag-deutschland","tag-eu","tag-europa","tag-europe","tag-germany","tag-headlines","tag-mehrsprachigkeit","tag-nachrichten","tag-neues","tag-news","tag-nordrhein-westfalen","tag-projekt","tag-schlagzeilen","tag-startet"],"share_on_mastodon":{"url":"https:\/\/pubeurope.com\/@de\/116309014932232442","error":""},"_links":{"self":[{"href":"https:\/\/www.europesays.com\/de\/wp-json\/wp\/v2\/posts\/904266","targetHints":{"allow":["GET"]}}],"collection":[{"href":"https:\/\/www.europesays.com\/de\/wp-json\/wp\/v2\/posts"}],"about":[{"href":"https:\/\/www.europesays.com\/de\/wp-json\/wp\/v2\/types\/post"}],"author":[{"embeddable":true,"href":"https:\/\/www.europesays.com\/de\/wp-json\/wp\/v2\/users\/2"}],"replies":[{"embeddable":true,"href":"https:\/\/www.europesays.com\/de\/wp-json\/wp\/v2\/comments?post=904266"}],"version-history":[{"count":0,"href":"https:\/\/www.europesays.com\/de\/wp-json\/wp\/v2\/posts\/904266\/revisions"}],"wp:featuredmedia":[{"embeddable":true,"href":"https:\/\/www.europesays.com\/de\/wp-json\/wp\/v2\/media\/904267"}],"wp:attachment":[{"href":"https:\/\/www.europesays.com\/de\/wp-json\/wp\/v2\/media?parent=904266"}],"wp:term":[{"taxonomy":"category","embeddable":true,"href":"https:\/\/www.europesays.com\/de\/wp-json\/wp\/v2\/categories?post=904266"},{"taxonomy":"post_tag","embeddable":true,"href":"https:\/\/www.europesays.com\/de\/wp-json\/wp\/v2\/tags?post=904266"}],"curies":[{"name":"wp","href":"https:\/\/api.w.org\/{rel}","templated":true}]}}