{"id":904347,"date":"2026-03-28T22:39:36","date_gmt":"2026-03-28T22:39:36","guid":{"rendered":"https:\/\/www.europesays.com\/de\/904347\/"},"modified":"2026-03-28T22:39:36","modified_gmt":"2026-03-28T22:39:36","slug":"bahn-frust-mit-einer-regio-pendlerin-unterwegs-von-leipzig-ueber-naumburg-nach-thueringen","status":"publish","type":"post","link":"https:\/\/www.europesays.com\/de\/904347\/","title":{"rendered":"Bahn-Frust: Mit einer Regio-Pendlerin unterwegs von Leipzig \u00fcber Naumburg nach Th\u00fcringen"},"content":{"rendered":"<p>Extra Regio \u00fcber Halle fahren<\/p>\n<p class=\"text\">\nMaxi-Josephine Rauch und andere Pendler weichen mittlerweile immer \u00f6fter aus. Zum Beispiel fahren sie zun\u00e4chst mit der S-Bahn nach Halle, um von dort mit der RE16 in einem &#8222;Rutsch&#8220; bis nach Weimar und Erfurt zu kommen.\n<\/p>\n<p class=\"text\">\nRauch dazu: &#8222;Ich nutze immer wieder die Strecke \u00fcber Halle, bei der ich aber planm\u00e4\u00dfig schon l\u00e4nger brauche &#8211; bis zu zwei Stunden und 20 Minuten. Ich schaue dann meist tagesaktuell, wo ich am besten fahren kann. Andere Pendler nehmen den ICE, m\u00fcssen dadurch mehr bezahlen oder einige fahren mit dem Auto.&#8220;\n<\/p>\n<blockquote>\n<p class=\"text\">Naumburg ist eigentlich kein richtig guter Umsteigebahnhof, weil es da nur eine Unterf\u00fchrung gibt am Ende des Bahnsteigs, die auch ziemlich eng ist.<\/p>\n<p>Olaf Behr<br \/>\nFahrgastverband Pro Bahn Th\u00fcringen<\/p>\n<\/blockquote>\n<p class=\"text\">\nDer Naumburger Bahnhof werde durch den neuen Umstieg regelm\u00e4\u00dfig zum Nadel\u00f6hr in den Sto\u00dfzeiten, berichtet der Vorsitzende des Fahrgastverbandes Pro Bahn Th\u00fcringen, Olaf Behr: &#8222;Naumburg ist eigentlich kein richtig guter Umsteigebahnhof, weil es da nur eine Unterf\u00fchrung gibt am Ende des Bahnsteigs und die auch ziemlich eng ist. Viele Menschen, die gleichzeitig umsteigen, f\u00fcllen diese Unterf\u00fchrung sehr gut.&#8220;\n<\/p>\n<p class=\"text\">\nDerzeit kommen die Regionalbahnen und S-Bahnen auch nicht am gleichen Bahnsteig an. Das hei\u00dft: Die Fahrg\u00e4ste m\u00fcssen von Gleis 1 auf Gleis 3 oder umgekehrt durch die Unterf\u00fchrung laufen. Das erschwert vor allem Fahrradfahrern, Eltern mit Kindern oder beeintr\u00e4chtigten Menschen den zeitlich knappen Umstieg. &#8222;Fr\u00fcher habe ich mein Fahrrad gerne mitgenommen, um vom Bahnhof zur Uni zu fahren. Aber mittlerweile reise ich ohne&#8220;, sagt Maxi-Josephine Rauch.\n<\/p>\n<p>Ab Mitte Juli Z\u00fcge am gleichen Bahnsteig<\/p>\n<p class=\"text\">\nImmerhin sollen nach Angaben des <a href=\"https:\/\/www.mdr.de\/nachrichten\/thueringen\/bahnhof-sanierung-elektrifizierung-strecke-100.html\" title=\"Nur Berlin ist schlechter: Th\u00fcringer Bahnh\u00f6fe sollen bis 2031 saniert werden\" rel=\"nofollow noopener\" target=\"_blank\">Th\u00fcringer Infrastrukturministeriums<\/a> voraussichtlich nach den Bauarbeiten zwischen Naumburg und Bad K\u00f6sen ab 11. Juli die RB20 und die S6 <br \/>am gleichen Bahnsteig ankommen und abfahren, so dass sich die Reisenden den Ganz die Treppen und den Gang durch die Unterf\u00fchrung sparen k\u00f6nnen.\n<\/p>\n<p class=\"text\">\nAndere m\u00fcssen trotzdem durch die Unterf\u00fchrung: &#8222;Die Fahrg\u00e4ste, die aus Richtung Saalfeld und Jena kommen, m\u00fcssen immer durch den Tunnel durch diese L\u00f6sung. F\u00fcr sie ist es also wieder eine leichte Verschlechterung&#8220;, sagt Olaf Behr.\n<\/p>\n<blockquote>\n<p class=\"text\">Die Fahrg\u00e4ste, die aus Richtung Saalfeld und Jena kommen, m\u00fcssen immer durch den Tunnel durch diese L\u00f6sung. F\u00fcr sie ist es also wieder eine leichte Verschlechterung.<\/p>\n<p>Olaf Behr<br \/>\nVorsitzender des Fahrgastverbandes Pro Bahn Th\u00fcringen<\/p>\n<\/blockquote>\n<p>Keine erneute Direktverbindung zum Fahrplanwechsel<\/p>\n<p class=\"text\">\nEine erneute Direktverbindung der RB20 von und nach Leipzig wird es nach Angaben des  Infrastrukturministeriums zumindest zum n\u00e4chsten Fahrplanwechsel im Dezember 2026 nicht geben. Allerdings liefen derzeit Gespr\u00e4che zwischen den &#8222;Bestellern&#8220; des Regionalzugverkehrs auf der Verbindung Eisenach-Leipzig. Das sind das Th\u00fcringer Landesamt f\u00fcr Bau und Verkehr, der Nahverkehrsservice Sachsen-Anhalt GmbH  und der Zweckverband f\u00fcr den Nahverkehrsraum Leipzig. Die laufen allerdings schon seit Wochen &#8211; zu Ergebnissen ist noch nichts bekannt,<\/p>\n","protected":false},"excerpt":{"rendered":"Extra Regio \u00fcber Halle fahren Maxi-Josephine Rauch und andere Pendler weichen mittlerweile immer \u00f6fter aus. Zum Beispiel fahren&hellip;\n","protected":false},"author":2,"featured_media":904348,"comment_status":"","ping_status":"","sticky":false,"template":"","format":"standard","meta":{"footnotes":"","_share_on_mastodon":"0"},"categories":[1832],"tags":[11226,1739,2081,3364,29,2084,30,71,81,14,49859,4125,198489,859,860,861,11556],"class_list":["post-904347","post","type-post","status-publish","format-standard","has-post-thumbnail","category-leipzig","tag-s6","tag-bahn","tag-bauarbeiten","tag-de","tag-deutschland","tag-fahrplanaenderung","tag-germany","tag-leipzig","tag-mdr","tag-nachrichten","tag-naumburg","tag-pendler","tag-rb20","tag-sachsen","tag-sachsen-anhalt","tag-thueringen","tag-weimar"],"share_on_mastodon":{"url":"https:\/\/pubeurope.com\/@de\/116309207657805310","error":""},"_links":{"self":[{"href":"https:\/\/www.europesays.com\/de\/wp-json\/wp\/v2\/posts\/904347","targetHints":{"allow":["GET"]}}],"collection":[{"href":"https:\/\/www.europesays.com\/de\/wp-json\/wp\/v2\/posts"}],"about":[{"href":"https:\/\/www.europesays.com\/de\/wp-json\/wp\/v2\/types\/post"}],"author":[{"embeddable":true,"href":"https:\/\/www.europesays.com\/de\/wp-json\/wp\/v2\/users\/2"}],"replies":[{"embeddable":true,"href":"https:\/\/www.europesays.com\/de\/wp-json\/wp\/v2\/comments?post=904347"}],"version-history":[{"count":0,"href":"https:\/\/www.europesays.com\/de\/wp-json\/wp\/v2\/posts\/904347\/revisions"}],"wp:featuredmedia":[{"embeddable":true,"href":"https:\/\/www.europesays.com\/de\/wp-json\/wp\/v2\/media\/904348"}],"wp:attachment":[{"href":"https:\/\/www.europesays.com\/de\/wp-json\/wp\/v2\/media?parent=904347"}],"wp:term":[{"taxonomy":"category","embeddable":true,"href":"https:\/\/www.europesays.com\/de\/wp-json\/wp\/v2\/categories?post=904347"},{"taxonomy":"post_tag","embeddable":true,"href":"https:\/\/www.europesays.com\/de\/wp-json\/wp\/v2\/tags?post=904347"}],"curies":[{"name":"wp","href":"https:\/\/api.w.org\/{rel}","templated":true}]}}