{"id":904740,"date":"2026-03-29T02:43:27","date_gmt":"2026-03-29T02:43:27","guid":{"rendered":"https:\/\/www.europesays.com\/de\/904740\/"},"modified":"2026-03-29T02:43:27","modified_gmt":"2026-03-29T02:43:27","slug":"protest-gegen-castor-transporte-auch-in-duisburg-2","status":"publish","type":"post","link":"https:\/\/www.europesays.com\/de\/904740\/","title":{"rendered":"Protest gegen Castor-Transporte auch in Duisburg"},"content":{"rendered":"<p>Gleich an mehreren Stellen einer m\u00f6glichen Fahrtroute f\u00fcr die Verlagerung von Atomm\u00fcll quer durch Nordrhein-Westfalen demonstrieren Gegner der anstehenden Castor-Transporte. In Duisburg haben sich am Abend an einer Auffahrt zur A42 Dutzende Menschen versammelt, wie ein dpa-Reporter berichtet. Zu der Aktion hat die Umweltorganisation BUND aufgerufen. <\/p>\n<p>Gegner der Transporte gehen davon aus, dass die A42 bei Duisburg eine m\u00f6gliche Strecke sein k\u00f6nnte. Auch in J\u00fclich und Ahaus demonstrieren Menschen gegen die Transporte. <\/p>\n<p>          &#13;<br \/>\n            <img decoding=\"async\"   src=\"https:\/\/www.europesays.com\/de\/wp-content\/uploads\/2026\/03\/-Zu-der-Aktion-hat-die-Umweltorganisation-BUND-1054198.jpg\" title=\"Protest gegen Castor-Transporte auch in Duisburg \" alt=\" Zu der Aktion hat die Umweltorganisation BUND aufgerufen.Fabian Strauch\/dpa\" class=\"img-responsive\"\/>&#13;<br \/>\n            &#13;<\/p>\n<p class=\"image-caption\"> Zu der Aktion hat die Umweltorganisation BUND aufgerufen.Fabian Strauch\/dpa <\/p>\n<p>&#13;<\/p>\n<p class=\"image-credit\">&#13;<br \/>\n\t\t\t\t\t\t\t\u00a9 Fabian Strauch\/dpa<\/p>\n<p>&#13;<br \/>\n            &#13;<\/p>\n<p>          &#13;<br \/>\n            <img decoding=\"async\"   src=\"https:\/\/www.europesays.com\/de\/wp-content\/uploads\/2026\/03\/Kerstin-Ciesla-stellvertr-Vorsitzende-des-BUND-Nordrheim-1054199.jpg\" title=\"Protest gegen Castor-Transporte auch in Duisburg \" alt=\"Kerstin Ciesla, stellvertr. Vorsitzende des BUND Nordrheim-Westfalen (M), spricht bei der Mahnwache in Duisburg. Fabian Strauch\/dpa\" class=\"img-responsive\"\/>&#13;<br \/>\n            &#13;<\/p>\n<p class=\"image-caption\">Kerstin Ciesla, stellvertr. Vorsitzende des BUND Nordrheim-Westfalen (M), spricht bei der Mahnwache in Duisburg. Fabian Strauch\/dpa <\/p>\n<p>&#13;<\/p>\n<p class=\"image-credit\">&#13;<br \/>\n\t\t\t\t\t\t\t\u00a9 Fabian Strauch\/dpa<\/p>\n<p>&#13;<br \/>\n            &#13;<\/p>\n<p>          &#13;<br \/>\n            <img decoding=\"async\"   src=\"https:\/\/www.europesays.com\/de\/wp-content\/uploads\/2026\/03\/Auch-in-Juelich-und-Ahaus-demonstrieren-Menschen-gegen-die-1054200.jpg\" title=\"Protest gegen Castor-Transporte auch in Duisburg \" alt=\"Auch in J\u00fclich und Ahaus demonstrieren Menschen gegen die Transporte.Oliver Berg\/dpa\" class=\"img-responsive\"\/>&#13;<br \/>\n            &#13;<\/p>\n<p class=\"image-caption\">Auch in J\u00fclich und Ahaus demonstrieren Menschen gegen die Transporte.Oliver Berg\/dpa <\/p>\n<p>&#13;<\/p>\n<p class=\"image-credit\">&#13;<br \/>\n\t\t\t\t\t\t\t\u00a9 Oliver Berg\/dpa<\/p>\n<p>&#13;<br \/>\n            &#13;<\/p>\n","protected":false},"excerpt":{"rendered":"Gleich an mehreren Stellen einer m\u00f6glichen Fahrtroute f\u00fcr die Verlagerung von Atomm\u00fcll quer durch Nordrhein-Westfalen demonstrieren Gegner der&hellip;\n","protected":false},"author":2,"featured_media":904741,"comment_status":"","ping_status":"","sticky":false,"template":"","format":"standard","meta":{"footnotes":"","_share_on_mastodon":"0"},"categories":[1838],"tags":[15013,6303,3364,507,29,3715,30,1209],"class_list":["post-904740","post","type-post","status-publish","format-standard","has-post-thumbnail","category-duisburg","tag-atom","tag-atomenergie","tag-de","tag-demonstration","tag-deutschland","tag-duisburg","tag-germany","tag-nordrhein-westfalen"],"share_on_mastodon":{"url":"https:\/\/pubeurope.com\/@de\/116310167343806772","error":""},"_links":{"self":[{"href":"https:\/\/www.europesays.com\/de\/wp-json\/wp\/v2\/posts\/904740","targetHints":{"allow":["GET"]}}],"collection":[{"href":"https:\/\/www.europesays.com\/de\/wp-json\/wp\/v2\/posts"}],"about":[{"href":"https:\/\/www.europesays.com\/de\/wp-json\/wp\/v2\/types\/post"}],"author":[{"embeddable":true,"href":"https:\/\/www.europesays.com\/de\/wp-json\/wp\/v2\/users\/2"}],"replies":[{"embeddable":true,"href":"https:\/\/www.europesays.com\/de\/wp-json\/wp\/v2\/comments?post=904740"}],"version-history":[{"count":0,"href":"https:\/\/www.europesays.com\/de\/wp-json\/wp\/v2\/posts\/904740\/revisions"}],"wp:featuredmedia":[{"embeddable":true,"href":"https:\/\/www.europesays.com\/de\/wp-json\/wp\/v2\/media\/904741"}],"wp:attachment":[{"href":"https:\/\/www.europesays.com\/de\/wp-json\/wp\/v2\/media?parent=904740"}],"wp:term":[{"taxonomy":"category","embeddable":true,"href":"https:\/\/www.europesays.com\/de\/wp-json\/wp\/v2\/categories?post=904740"},{"taxonomy":"post_tag","embeddable":true,"href":"https:\/\/www.europesays.com\/de\/wp-json\/wp\/v2\/tags?post=904740"}],"curies":[{"name":"wp","href":"https:\/\/api.w.org\/{rel}","templated":true}]}}