{"id":904853,"date":"2026-03-29T03:51:22","date_gmt":"2026-03-29T03:51:22","guid":{"rendered":"https:\/\/www.europesays.com\/de\/904853\/"},"modified":"2026-03-29T03:51:22","modified_gmt":"2026-03-29T03:51:22","slug":"schmuckladen-in-bielefelds-altstadt-schliesst-licht-blick-gibt-nach-fast-40-jahren-auf","status":"publish","type":"post","link":"https:\/\/www.europesays.com\/de\/904853\/","title":{"rendered":"Schmuckladen in Bielefelds Altstadt schlie\u00dft: \u201elicht blick\u201c gibt nach fast 40 Jahren auf"},"content":{"rendered":"<p id=\"absatz1\" class=\"em_text\">Bielefeld. Beinahe vier Jahrzehnte: Der kleine Schmuckladen \u201elicht blick\u201c ist aus dem Gehrenberg in der Altstadt nicht wegzudenken. Doch zum 31. Mai gibt Inhaberin Heidi Deselaers das Gesch\u00e4ft auf, bereits jetzt sind die Artikel um 30 Prozent reduziert. \u201eAus Altersgr\u00fcnden\u201c, sagt die 71-J\u00e4hrige. \u201elicht blick\u201c f\u00fchrt Ohrringe, Ketten, Uhren, Armb\u00e4nder und Ringe \u2013 und, das ist Deselaers wichtig: \u201eKeine Massenware.\u201c Alle seien sorgf\u00e4ltig ausgew\u00e4hlte St\u00fccke, ein wenig alternativ im Stil.<\/p>\n<p id=\"absatz2\" class=\"em_text\">\u201eWichtig war uns immer die Vielfalt des Angebots: Modeschmuck und Hochwertiges, sodass f\u00fcr jeden etwas dabei ist.\u201c 1987 hatte sie das Gesch\u00e4ft mit ihrer Freundin Antje Baumann er\u00f6ffnet. Der Vormieter habe Gartenm\u00f6bel verkauft. Von ihm stammt noch das markante Podest aus Pflastersteinen und der Mauervorsprung im Raum. Das habe perfekt zu ihrem Konzept gepasst.<\/p>\n<p id=\"absatz3\" class=\"em_text\">Und der erste Verkaufsschlager? Sie erinnert sich: \u201eDer absolute Renner damals, das waren Gummib\u00e4rchen-Ketten.\u201c Modeschmuck mit bunten Steinen, der originalen Haribo-S\u00fc\u00dfigkeit nachempfunden. Und auch heute gibt es noch St\u00fccke, die Kunden sonst vergeblich suchten. So wie den Bielefeld-Ring mit Silhouette der Stadt oder einen Siegelring mit Sparrenburg-Motiv. \u201eDie gibt es nur hier\u201c, sagt sie.<\/p>\n<p>\n        \u00d7\n    <\/p>\n<p>\n            Sie erhalten in wenigen Minuten eine E-Mail zur Best\u00e4tigung Ihrer Anmeldung.\n        <\/p>\n<p>Erst danach ist diese abgeschlossen.<\/p>\n<p>Bitte pr\u00fcfen Sie auch den Spam-Ordner.<\/p>\n<p>\n        \u00d7\n    <\/p>\n<p>\n            Sie haben bisher Ihre E-Mail-Adresse noch nicht best\u00e4tigt.\n        <\/p>\n<p>Erst danach ist diese abgeschlossen.<\/p>\n<p>Bitte pr\u00fcfen Sie auch den Spam-Ordner.<\/p>\n<p>\n        \u00d7\n    <\/p>\n<p>\n            Es ist einen Fehler aufgetreten\n        <\/p>\n<p>Bei Fragen hilft unser Newsletter-Support<\/p>\n<p> Newsletter<\/p>\n<p> Essen &amp; Erleben<\/p>\n<p>Die besten Restaurants, Events und Trends aus Bielefeld.<\/p>\n<p>                Jetzt anmelden<\/p>\n<p>Heiligabend allj\u00e4hrlich \u201eein richtiger Highlight-Tag\u201c<\/p>\n<p>        <a href=\"https:\/\/www.nw.de\/_em_daten\/_cache\/image\/1xRDhlVms3Mk03Y3o2VzVYUUVVNzVjVTdlYVR3eGpjaFpyNWhpYTR3K2t1TEViaUdpWXpKYTQvbHBnSmhBcyticFBnYUVwMTBRNm00UDNRWUt6QUNKVzMwS3RjYXV6OGVJY3VhQmdudlRFUUU9\/260327-0949-881255579.jpg\" class=\"nw-article-image\" title=\"Gesch\u00e4ftsaufgabe nach 39 Jahren: Der Schmuckladen \u0084licht blick\u0093 in Bielefelds Altstadt schlie\u00dft seine T\u00fcren.\" data-glightbox=\"type: image; description: Gesch\u00e4ftsaufgabe nach 39 Jahren: Der Schmuckladen \u0084licht blick\u0093 in Bielefelds Altstadt schlie\u00dft seine T\u00fcren.  | \u00a9 Sarah Jonek \" rel=\"nofollow noopener\" target=\"_blank\"><br \/>\n            <img decoding=\"async\" src=\"https:\/\/www.europesays.com\/de\/wp-content\/uploads\/2026\/03\/260327-0949-881255579.jpg\" class=\"nw-img-fluid nw-w-full nw-lazy nw-rounded-t-md\" alt=\"Gesch\u00e4ftsaufgabe nach 39 Jahren: Der Schmuckladen \u0084licht blick\u0093 in Bielefelds Altstadt schlie\u00dft seine T\u00fcren. - \u00a9 Sarah Jonek\" data-format=\"16:9\"\/><br \/>\n        <\/a><\/p>\n<p>                Gesch\u00e4ftsaufgabe nach 39 Jahren: Der Schmuckladen \u0084licht blick\u0093 in Bielefelds Altstadt schlie\u00dft seine T\u00fcren.<br \/>\n                                    | \u00a9 Sarah Jonek<\/p>\n<p id=\"absatz5\" class=\"em_text\">Die sch\u00f6nste Zeit sei f\u00fcr sie allj\u00e4hrlich der Heiligabend gewesen, \u201eein richtiger Highlight-Tag\u201c. Da seien die Unentschlossenen und Kurzfristigen gekommen. \u201eImmer gut drauf und sehr offen\u201c seien die gewesen. F\u00fcr einen Stammkunden h\u00e4tten sie jedes Jahr schon im Vorhinein einen Artikel ausgesucht, weil sie ihn zu Heiligabend erwartet h\u00e4tten.<\/p>\n<p id=\"absatz6\" class=\"em_text\">An einem Heiligabend habe aber auch das erste Mal ein Einbrecher die Fensterscheibe eingeworfen. Da habe die Polizei sie aus dem Bett geklingelt. Bis nach der Jahrtausendwende, erinnert sich Deselaers, habe es jedes Jahr mindestens einen Einbruch gegeben. \u201eSogar zweimal in einer Nacht\u201c sei es in einem Jahr passiert.<\/p>\n<p id=\"absatz7\" class=\"em_text\">Nach dem ersten Anruf der Polizei habe sie einen Glaser bestellt, der ihr versichert habe, die notd\u00fcrftige Reparatur w\u00e4re ausreichend. Kurz danach weckte die Polizei sie ein zweites Mal. Meist h\u00e4tten es die T\u00e4ter auf die Uhren abgesehen, die seien leicht zu verkaufen.<\/p>\n<p id=\"absatz8\"><b class=\"bold\">\ud83d\udc56Lesen Sie auch:<\/b> <a href=\"https:\/\/www.nw.de\/lokal\/bielefeld\/mitte\/24201125_In-der-Bielefelder-City-Kult-Geschaeft-schliesst-nach-fast-50-Jahren-v2.html\" rel=\"nofollow noopener\" target=\"_blank\">In der Bielefelder City: Kult-Gesch\u00e4ft schlie\u00dft nach fast 50 Jahren<\/a><\/p>\n<p>Die beste Freundin als Gesch\u00e4ftspartnerin<\/p>\n<p id=\"absatz9\" class=\"em_text\">\u201eOhne Antje w\u00e4re der \u2019licht blick\u2019 nie das geworden, was er ist\u201c, sagt Deselaers. Antje Baumann sei f\u00fcr sie nicht nur Gesch\u00e4ftspartnerin gewesen, sondern ihre beste Freundin. Sie wohnten in einer Hausgemeinschaft mit den Ehem\u00e4nnern, zogen gemeinsam sowohl Deselaers S\u00f6hne als auch Baumanns Tochter gro\u00df.<\/p>\n<p id=\"absatz10\" class=\"em_text\">Kennengelernt haben sich die beiden im Lehramtsstudium in Aachen, beide hatten Geografie als Nebenfach, Deselaers dazu Mathematik und Baumann Germanistik. Das scheint sich in der Aufgabenverteilung widergespiegelt zu haben: Deselaers habe die B\u00fccher gef\u00fchrt, Baumann dekoriert. Den Einkauf machten sie zusammen \u2013 bis Baumann 2011 starb. Den Schmerz \u00fcber den Verlust ihrer besten Freundin sp\u00fcre Deselaers heute noch.<\/p>\n<p id=\"absatz11\" class=\"em_text\">Weniger trauert sie indes um die Nachfolge. \u201eEs schmerzt mich nicht, dass meine Kinder es nicht \u00fcbernehmen\u201c, sagt sie entschieden. Auch, welcher Laden wohl nach dem 31. Mai im Gehrenberg 12 firmieren wird, dar\u00fcber mache sie sich keine Gedanken. Um einen Nachmieter k\u00fcmmern m\u00fcsse sie sich nicht. Die Entscheidung zur Schlie\u00dfung sei \u00fcber zwei Jahre gereift, sagt sie. Und doch: \u201eEin bisschen Wehmut ist dabei, ist klar. Ich habe das hier sehr geliebt.\u201c<\/p>\n<p id=\"absatz12\"><b class=\"bold notion-enable-hover\">\ud83d\udcf1News direkt aufs Smartphone: <\/b><a data-token-index=\"1\" href=\"https:\/\/whatsapp.com\/channel\/0029VaeYHJ40Qeam4DWyn109\" rel=\"noopener noreferrer nofollow\" target=\"_blank\">Hier finden Sie den kostenlosen Whatsapp-Kanal der NW-Bielefeld<\/a><\/p>\n","protected":false},"excerpt":{"rendered":"Bielefeld. Beinahe vier Jahrzehnte: Der kleine Schmuckladen \u201elicht blick\u201c ist aus dem Gehrenberg in der Altstadt nicht wegzudenken.&hellip;\n","protected":false},"author":2,"featured_media":904854,"comment_status":"","ping_status":"","sticky":false,"template":"","format":"standard","meta":{"footnotes":"","_share_on_mastodon":"0"},"categories":[1841],"tags":[198608,1605,3364,29,198605,30,53430,198609,5527,1610,1611,4280,1609,1608,2378,198610,736,164252,22425,1613,1209,198606,121,2399,198607,7647],"class_list":["post-904853","post","type-post","status-publish","format-standard","has-post-thumbnail","category-bielefeld","tag-antje-baumann","tag-bielefeld","tag-de","tag-deutschland","tag-gehrenberg","tag-germany","tag-haribo","tag-heidi-deselaer","tag-heiligabend","tag-label_gastro-shopping","tag-label_informiere-mich","tag-label_l-120","tag-label_plus-ok","tag-label_top-news","tag-label_umfrage","tag-meta_artikelklasse_debatte","tag-meta_copyrights_nw","tag-meta_eo_zusammenfassung","tag-meta_themen_gastro_kochen_shopping","tag-meta_userneeds_informieremich","tag-nordrhein-westfalen","tag-ohrring","tag-polizei","tag-schmuck","tag-schmuckladen","tag-uhren"],"share_on_mastodon":{"url":"","error":"Validation failed: Text character limit of 500 exceeded"},"_links":{"self":[{"href":"https:\/\/www.europesays.com\/de\/wp-json\/wp\/v2\/posts\/904853","targetHints":{"allow":["GET"]}}],"collection":[{"href":"https:\/\/www.europesays.com\/de\/wp-json\/wp\/v2\/posts"}],"about":[{"href":"https:\/\/www.europesays.com\/de\/wp-json\/wp\/v2\/types\/post"}],"author":[{"embeddable":true,"href":"https:\/\/www.europesays.com\/de\/wp-json\/wp\/v2\/users\/2"}],"replies":[{"embeddable":true,"href":"https:\/\/www.europesays.com\/de\/wp-json\/wp\/v2\/comments?post=904853"}],"version-history":[{"count":0,"href":"https:\/\/www.europesays.com\/de\/wp-json\/wp\/v2\/posts\/904853\/revisions"}],"wp:featuredmedia":[{"embeddable":true,"href":"https:\/\/www.europesays.com\/de\/wp-json\/wp\/v2\/media\/904854"}],"wp:attachment":[{"href":"https:\/\/www.europesays.com\/de\/wp-json\/wp\/v2\/media?parent=904853"}],"wp:term":[{"taxonomy":"category","embeddable":true,"href":"https:\/\/www.europesays.com\/de\/wp-json\/wp\/v2\/categories?post=904853"},{"taxonomy":"post_tag","embeddable":true,"href":"https:\/\/www.europesays.com\/de\/wp-json\/wp\/v2\/tags?post=904853"}],"curies":[{"name":"wp","href":"https:\/\/api.w.org\/{rel}","templated":true}]}}