{"id":904915,"date":"2026-03-29T04:29:21","date_gmt":"2026-03-29T04:29:21","guid":{"rendered":"https:\/\/www.europesays.com\/de\/904915\/"},"modified":"2026-03-29T04:29:21","modified_gmt":"2026-03-29T04:29:21","slug":"kirsten-raspels-leitet-second-hand-laden-stilaustausch-in-grimlinghausen","status":"publish","type":"post","link":"https:\/\/www.europesays.com\/de\/904915\/","title":{"rendered":"Kirsten Raspels leitet Second Hand Laden Stilaustausch in Grimlinghausen"},"content":{"rendered":"<p class=\"text_ohne_einzug richtext text-em-55 !leading-serif mx-6 desktop:mx-0\"> Die Geschichte \u00fcber die Erf\u00fcllung eines lang gehegten Traums beginnt in einem Jahr voller Schmerzen. Es ist Januar und der dunkle Schatten des <a href=\"https:\/\/rp-online.de\/thema\/coronavirus\/\" rel=\"nofollow noopener\" target=\"_blank\">Coronavirus<\/a> liegt \u00fcber der Welt. Zwei Wochen, nachdem Kirsten Raspels die erste Booster-Impfung erh\u00e4lt, beginnt f\u00fcr sie eine lange Leidenszeit. \u201eMein Immunsystem war platt\u201c, erinnert sich die 56-J\u00e4hrige. In jenem Jahr jagt ein grippaler Effekt den n\u00e4chsten. Fieber, Gliederschmerzen, Niedergeschlagenheit \u2013 rund ein halbes Dutzend mal muss die Neusserin das 2022 durchmachen. \u201eIn den Jahren zuvor hatte ich \u2013 au\u00dfer durch eine Pollenallergie \u2013 nie Schnupfen\u201c, versichert Kirsten Raspels.<\/p>\n","protected":false},"excerpt":{"rendered":"Die Geschichte \u00fcber die Erf\u00fcllung eines lang gehegten Traums beginnt in einem Jahr voller Schmerzen. Es ist Januar&hellip;\n","protected":false},"author":2,"featured_media":904916,"comment_status":"","ping_status":"","sticky":false,"template":"","format":"standard","meta":{"footnotes":"","_share_on_mastodon":"0"},"categories":[1831],"tags":[13677,590,22083,198625,198626,3364,29,3405,198624,30,156712,23934,13895,15033,76247,1209,198623],"class_list":["post-904915","post","type-post","status-publish","format-standard","has-post-thumbnail","category-duesseldorf","tag-13677","tag-aktuell","tag-alltag","tag-alltagshilfe","tag-bekleidungstechnikerin","tag-de","tag-deutschland","tag-duesseldorf","tag-gehegten","tag-germany","tag-grimlinghausen","tag-kirsten","tag-kleidung","tag-laden","tag-nebel","tag-nordrhein-westfalen","tag-raspels"],"share_on_mastodon":{"url":"https:\/\/pubeurope.com\/@de\/116310583725833530","error":""},"_links":{"self":[{"href":"https:\/\/www.europesays.com\/de\/wp-json\/wp\/v2\/posts\/904915","targetHints":{"allow":["GET"]}}],"collection":[{"href":"https:\/\/www.europesays.com\/de\/wp-json\/wp\/v2\/posts"}],"about":[{"href":"https:\/\/www.europesays.com\/de\/wp-json\/wp\/v2\/types\/post"}],"author":[{"embeddable":true,"href":"https:\/\/www.europesays.com\/de\/wp-json\/wp\/v2\/users\/2"}],"replies":[{"embeddable":true,"href":"https:\/\/www.europesays.com\/de\/wp-json\/wp\/v2\/comments?post=904915"}],"version-history":[{"count":0,"href":"https:\/\/www.europesays.com\/de\/wp-json\/wp\/v2\/posts\/904915\/revisions"}],"wp:featuredmedia":[{"embeddable":true,"href":"https:\/\/www.europesays.com\/de\/wp-json\/wp\/v2\/media\/904916"}],"wp:attachment":[{"href":"https:\/\/www.europesays.com\/de\/wp-json\/wp\/v2\/media?parent=904915"}],"wp:term":[{"taxonomy":"category","embeddable":true,"href":"https:\/\/www.europesays.com\/de\/wp-json\/wp\/v2\/categories?post=904915"},{"taxonomy":"post_tag","embeddable":true,"href":"https:\/\/www.europesays.com\/de\/wp-json\/wp\/v2\/tags?post=904915"}],"curies":[{"name":"wp","href":"https:\/\/api.w.org\/{rel}","templated":true}]}}