{"id":905049,"date":"2026-03-29T05:55:14","date_gmt":"2026-03-29T05:55:14","guid":{"rendered":"https:\/\/www.europesays.com\/de\/905049\/"},"modified":"2026-03-29T05:55:14","modified_gmt":"2026-03-29T05:55:14","slug":"oster-andrang-am-flughafen-leipzig-das-muessen-reisende-wissen","status":"publish","type":"post","link":"https:\/\/www.europesays.com\/de\/905049\/","title":{"rendered":"Oster-Andrang am Flughafen Leipzig! Das m\u00fcssen Reisende wissen"},"content":{"rendered":"<p>Das Osterfest und die Ferien stehen kurz bevor. Die freien Tage nutzen viele, um in den Urlaub zu fliegen \u2013 auch vom Flughafen Leipzig aus. Kein Wunder, schlie\u00dflich ist man mit dem Zug oder dem Auto von Erfurt aus in unter zwei Stunden dort.<\/p>\n<p>Aber wie voll wird es eigentlich in diesem Jahr am Flughafen Leipzig? M\u00fcssen Reisende sich auf Urlaubs-Chaos zu Ostern einstellen? Th\u00fcringen24 hat bei dem Airport mal nachgefragt. <\/p>\n<p> Flughafen Leipzig: Oster-Andrang?  <\/p>\n<p>Wie der Flughafen Th\u00fcringen24 auf Anfrage hin mitteilt, erwartet Leipzig zu den diesj\u00e4hrigen Osterferien ein \u00e4hnliches Passagieraufkommen wie letztes Jahr. Damit bleibt die Situation f\u00fcr Reisende voraussichtlich vergleichbar mit 2025.<\/p>\n<p class=\"has-light-gray-background-color has-background\"><strong>Auch spannend:<\/strong> <a href=\"https:\/\/www.thueringen24.de\/umland\/article300626473\/flughafen-leipzig-sommer-flugplan-ziele-news.html\" rel=\"nofollow noopener\" target=\"_blank\">Neuer Sommer-Flugplan am Flughafen Leipzig mit einer \u00dcberraschung \u2013 und einer Mini-Entt\u00e4uschung<\/a><\/p>\n<p>Besonders viel Betrieb wird es laut einem Sprecher des Leipziger Flughafens vor allem zu Beginn der Ferien geben. Hintergrund: Viele Familien starten direkt mit dem Startschuss der Ferien in den Urlaub. \u201e\u201eImmer die ersten Ferientage werden durch die Reisenden mit schulpflichtigen Kindern genutzt, um m\u00f6glichst viele Tage in der Sonne verbringen zu k\u00f6nnen\u201c, so der Airport-Sprecher.<\/p>\n<p>Mehr News: <\/p>\n<p>Bei den Urlaubszielen, die der Flughafen Leipzig anfliegt, zeichnet sich ein klares Bild ab. Bei Reisenden besonders beliebt seien Mallorca (Spanien), Hurghada (\u00c4gypten) und Antalya (T\u00fcrkei). Damit bleiben klassische Sonnenziele weiterhin ganz vorne.<\/p>\n<p>Mit dem Start des Sommerflugplans wurde das Angebot deutlich ausgeweitet. Im Vergleich zum Winter gibt es wieder mehr Verbindungen zu beliebten Urlaubszielen rund ums Mittelmeer (&gt;&gt;&gt; <a href=\"https:\/\/www.thueringen24.de\/umland\/article300626473\/flughafen-leipzig-sommer-flugplan-ziele-news.html\" rel=\"nofollow noopener\" target=\"_blank\">HIER<\/a> &lt;&lt;&lt; mehr dazu). Neu ist au\u00dferdem ein spezielles Angebot: ein AIDA-Charterflug nach Mallorca, der seit Ende M\u00e4rz angeboten wird und \u00fcber die gesamte Sommersaison verf\u00fcgbar ist.<\/p>\n","protected":false},"excerpt":{"rendered":"Das Osterfest und die Ferien stehen kurz bevor. Die freien Tage nutzen viele, um in den Urlaub zu&hellip;\n","protected":false},"author":2,"featured_media":905050,"comment_status":"","ping_status":"","sticky":false,"template":"","format":"standard","meta":{"footnotes":"","_share_on_mastodon":"0"},"categories":[1832],"tags":[3364,29,6712,30,71,859],"class_list":["post-905049","post","type-post","status-publish","format-standard","has-post-thumbnail","category-leipzig","tag-de","tag-deutschland","tag-flughafen-leipzig","tag-germany","tag-leipzig","tag-sachsen"],"share_on_mastodon":{"url":"https:\/\/pubeurope.com\/@de\/116310921943211675","error":""},"_links":{"self":[{"href":"https:\/\/www.europesays.com\/de\/wp-json\/wp\/v2\/posts\/905049","targetHints":{"allow":["GET"]}}],"collection":[{"href":"https:\/\/www.europesays.com\/de\/wp-json\/wp\/v2\/posts"}],"about":[{"href":"https:\/\/www.europesays.com\/de\/wp-json\/wp\/v2\/types\/post"}],"author":[{"embeddable":true,"href":"https:\/\/www.europesays.com\/de\/wp-json\/wp\/v2\/users\/2"}],"replies":[{"embeddable":true,"href":"https:\/\/www.europesays.com\/de\/wp-json\/wp\/v2\/comments?post=905049"}],"version-history":[{"count":0,"href":"https:\/\/www.europesays.com\/de\/wp-json\/wp\/v2\/posts\/905049\/revisions"}],"wp:featuredmedia":[{"embeddable":true,"href":"https:\/\/www.europesays.com\/de\/wp-json\/wp\/v2\/media\/905050"}],"wp:attachment":[{"href":"https:\/\/www.europesays.com\/de\/wp-json\/wp\/v2\/media?parent=905049"}],"wp:term":[{"taxonomy":"category","embeddable":true,"href":"https:\/\/www.europesays.com\/de\/wp-json\/wp\/v2\/categories?post=905049"},{"taxonomy":"post_tag","embeddable":true,"href":"https:\/\/www.europesays.com\/de\/wp-json\/wp\/v2\/tags?post=905049"}],"curies":[{"name":"wp","href":"https:\/\/api.w.org\/{rel}","templated":true}]}}