{"id":905053,"date":"2026-03-29T05:57:27","date_gmt":"2026-03-29T05:57:27","guid":{"rendered":"https:\/\/www.europesays.com\/de\/905053\/"},"modified":"2026-03-29T05:57:27","modified_gmt":"2026-03-29T05:57:27","slug":"duesseldorf-radfahrerin-unter-strassenbahn-eingeklemmt","status":"publish","type":"post","link":"https:\/\/www.europesays.com\/de\/905053\/","title":{"rendered":"D\u00fcsseldorf: Radfahrerin unter Stra\u00dfenbahn eingeklemmt"},"content":{"rendered":"<p class=\"text_ohne_einzug richtext text-em-55 !leading-serif mx-6 desktop:mx-0\">An der Aachener Stra\u00dfe in Flehe ist in der Nacht zu Samstag eine Radfahrerin unter einer Stra\u00dfenbahn eingeklemmt und dabei schwer verletzt worden. Die <a href=\"https:\/\/rp-online.de\/thema\/feuerwehr\/\" rel=\"nofollow noopener\" target=\"_blank\">Feuerwehr<\/a> konnte die 53-j\u00e4hrige Frau befreien. Daf\u00fcr musste sie allerdings das Fahrzeug anheben.<\/p>\n<p class=\"richtext text-em-55 !leading-serif mx-6 desktop:mx-0\">Der Unfall ereignete sich um kurz nach Mitternacht \u2013 Einsatzkr\u00e4fte der Feuerwehr und des Rettungsdienstes wurden daraufhin entsandt. Vor Ort stellten sie fest, dass es zu einem Zusammensto\u00df zwischen einer Stra\u00dfenbahn und der Radfahrerin gekommen war. Die Frau war gest\u00fcrzt und unter der Bahn eingeklemmt worden. Der Fahrer der Tram hatte zuvor noch eine Vollbremsung eingelegt, wie ein Sprecher der <a href=\"https:\/\/rp-online.de\/thema\/polizei\/\" rel=\"nofollow noopener\" target=\"_blank\">Polizei<\/a> auf Nachfrage unserer Redaktion erkl\u00e4rte.<\/p>\n<p class=\"richtext text-em-55 !leading-serif mx-6 desktop:mx-0\">Um eine Versorgung der Patientin zu gew\u00e4hrleisten, sei mit hydraulischem Ger\u00e4t die Stra\u00dfenbahn angehoben worden, teilte die Feuerwehr am Samstagvormittag mit. Die schwerstverletzte Frau sei befreit und in ein Krankenhaus gebracht worden. Nach Angaben der Polizei bestand keine Lebensgefahr.<\/p>\n<p class=\"richtext text-em-55 !leading-serif mx-6 desktop:mx-0\">Nach rund einer Stunde konnten die etwa 31 eingesetzten Kr\u00e4fte vom Unfallort abr\u00fccken, wie die Feuerwehr weiter erkl\u00e4rte.<\/p>\n","protected":false},"excerpt":{"rendered":"An der Aachener Stra\u00dfe in Flehe ist in der Nacht zu Samstag eine Radfahrerin unter einer Stra\u00dfenbahn eingeklemmt&hellip;\n","protected":false},"author":2,"featured_media":905054,"comment_status":"","ping_status":"","sticky":false,"template":"","format":"standard","meta":{"footnotes":"","_share_on_mastodon":"0"},"categories":[1831],"tags":[110241,3364,29,3405,17323,985,30,1209,8846,524,4900,1284,26288],"class_list":["post-905053","post","type-post","status-publish","format-standard","has-post-thumbnail","category-duesseldorf","tag-befreien","tag-de","tag-deutschland","tag-duesseldorf","tag-eingeklemmt","tag-feuerwehr","tag-germany","tag-nordrhein-westfalen","tag-radfahrerin","tag-strasse","tag-strassenbahn","tag-unfall","tag-unfallort"],"share_on_mastodon":{"url":"https:\/\/pubeurope.com\/@de\/116310929866001543","error":""},"_links":{"self":[{"href":"https:\/\/www.europesays.com\/de\/wp-json\/wp\/v2\/posts\/905053","targetHints":{"allow":["GET"]}}],"collection":[{"href":"https:\/\/www.europesays.com\/de\/wp-json\/wp\/v2\/posts"}],"about":[{"href":"https:\/\/www.europesays.com\/de\/wp-json\/wp\/v2\/types\/post"}],"author":[{"embeddable":true,"href":"https:\/\/www.europesays.com\/de\/wp-json\/wp\/v2\/users\/2"}],"replies":[{"embeddable":true,"href":"https:\/\/www.europesays.com\/de\/wp-json\/wp\/v2\/comments?post=905053"}],"version-history":[{"count":0,"href":"https:\/\/www.europesays.com\/de\/wp-json\/wp\/v2\/posts\/905053\/revisions"}],"wp:featuredmedia":[{"embeddable":true,"href":"https:\/\/www.europesays.com\/de\/wp-json\/wp\/v2\/media\/905054"}],"wp:attachment":[{"href":"https:\/\/www.europesays.com\/de\/wp-json\/wp\/v2\/media?parent=905053"}],"wp:term":[{"taxonomy":"category","embeddable":true,"href":"https:\/\/www.europesays.com\/de\/wp-json\/wp\/v2\/categories?post=905053"},{"taxonomy":"post_tag","embeddable":true,"href":"https:\/\/www.europesays.com\/de\/wp-json\/wp\/v2\/tags?post=905053"}],"curies":[{"name":"wp","href":"https:\/\/api.w.org\/{rel}","templated":true}]}}