{"id":905180,"date":"2026-03-29T07:20:14","date_gmt":"2026-03-29T07:20:14","guid":{"rendered":"https:\/\/www.europesays.com\/de\/905180\/"},"modified":"2026-03-29T07:20:14","modified_gmt":"2026-03-29T07:20:14","slug":"der-urbanite-kino-ticker-april-2026","status":"publish","type":"post","link":"https:\/\/www.europesays.com\/de\/905180\/","title":{"rendered":"Der urbanite Kino-Ticker: April 2026"},"content":{"rendered":"<p>Der April macht, was er will \u2013 und wir machen es uns im Kinosessel gem\u00fctlich! W\u00e4hrend drau\u00dfen das Wetter Achterbahn f\u00e4hrt, liefert uns die Leinwand im April 2026 die volle Ladung Emotionen. Von intimen Musik-Dokus \u00fcber hochkar\u00e4tige Hollywood-Dramen bis hin zu mutigem Independent-Kino: Diesen Monat ist alles dabei, was das Cineasten-Herz h\u00f6herschlagen l\u00e4sst.<\/p>\n<p>IT\u2019S NEVER OVER, JEFF BUCKLEY<\/p>\n<p><img fetchpriority=\"high\" decoding=\"async\" width=\"573\" height=\"849\" src=\"https:\/\/www.europesays.com\/de\/wp-content\/uploads\/2026\/03\/1774768814_861_image003-1.jpg\" alt=\"It's never over\" class=\"wp-image-367998\"  \/><\/p>\n<p>\u00a9 It&#8217;s never over<\/p>\n<p>It\u2019s never over<\/p>\n<p><strong>Genre:<\/strong> Dokumentarfilm, Musik<\/p>\n<p><strong>Regie:<\/strong> Amy Berg<\/p>\n<p><strong>Besetzung:<\/strong> Mary Guibert, Rebecca Moore, Joan Wasser, Michael Tighe, Parker Kindred, Ben Harper, Aimee Mann<\/p>\n<p>Fast drei\u00dfig Jahre nach seinem fr\u00fchen Tod gilt Jeff Buckley immer noch als einer der besten Musiker seiner Generation. Der Dokumentarfilm der Oscar\u00ae-nominierten Filmemacherin Amy Berg zeichnet ein intimes Portr\u00e4t des erstaunlichen K\u00fcnstlers, der nur ein Album brauchte, um als Musiklegende unsterblich zu werden. Anhand von nie zuvor gezeigtem Filmmaterial aus Buckleys Archiven und intimen Berichten seiner Mutter Mary Guibert, seiner ehemaligen Partnerinnen und Weggef\u00e4hrten beleuchtet der Film das Leben und den mysteri\u00f6sen Tod einer der einflussreichsten Figuren der modernen Musikgeschichte. Ein bewegendes Denkmal f\u00fcr einen K\u00fcnstler, dessen Stimme die 90er Jahre in Aufruhr versetzte.<\/p>\n<p><strong>Tipp:<\/strong> Wer Jeff Buckleys Musik liebt, sollte diesen Film unbedingt im Original mit Untertiteln (OmU) schauen, um die G\u00e4nsehaut-Stimme in voller Pracht zu erleben. Perfekt f\u00fcr einen nostalgischen Abend in den <strong>Passage Kinos<\/strong> oder im <strong>Luru Kino<\/strong> in der Spinnerei.<\/p>\n<p>DAS DRAMA <\/p>\n<p class=\"brlbs-cmpnt-cb-description\">Sie sehen gerade einen Platzhalterinhalt von <strong>Standard<\/strong>. Um auf den eigentlichen Inhalt zuzugreifen, klicken Sie auf den Button unten. Bitte beachten Sie, dass dabei Daten an Drittanbieter weitergegeben werden.<\/p>\n<p>  <a class=\"brlbs-cmpnt-cb-provider-toggle\" href=\"#\" data-borlabs-cookie-show-provider-information=\"\" role=\"button\">Weitere Informationen<\/a> <\/p>\n<p><strong>Genre:<\/strong> Liebesfilm, Drama, Kom\u00f6die<\/p>\n<p><strong>Regie:<\/strong> Kristoffer Borgli<\/p>\n<p><strong>Besetzung:<\/strong> Zendaya, Robert Pattinson, Alana Haim, Mamoudou Athie, Zoe Winters, Hailey Gates<\/p>\n<p>Kurz vor ihrer Hochzeit geraten Emma Harwood (Zendaya) und Charlie Thompson (Robert Pattinson) in einen Strudel aus Zweifeln und verletzendem Misstrauen. Was als romantisches Finale ihrer Beziehung gedacht war, kippt schlagartig, als Emma verst\u00f6rende Geheimnisse \u00fcber ihren Verlobten entdeckt. Zwischen London und den Orten ihrer gemeinsamen Vergangenheit versuchen beide, ihre Zukunft zu retten \u2013 doch je mehr ans Licht kommt, desto st\u00e4rker br\u00f6ckelt das Bild der perfekten Liebe. Regisseur Kristoffer Borgli (Dream Scenario) liefert hier eine psychologisch vielschichtige Dram\u00f6die ab, die zeigt, dass nicht jedes L\u00e4cheln auf den Hochzeitsfotos echt ist.<\/p>\n<p><strong>Tipp:<\/strong> Ein absolutes Muss f\u00fcr alle A24-Fans! Schnapp dir dein Date und schau dir das Power-Duo Zendaya und Pattinson am besten im <strong>CineStar Leipzig<\/strong> oder im <strong>Regina Palast<\/strong> an. Wer es lieber Programm-kino-m\u00e4\u00dfig mag, h\u00e4lt Ausschau nach OmU-Vorstellungen in den <strong>Passage Kinos<\/strong>.<\/p>\n<p>ALPHA<\/p>\n<p class=\"brlbs-cmpnt-cb-description\">Sie sehen gerade einen Platzhalterinhalt von <strong>Standard<\/strong>. Um auf den eigentlichen Inhalt zuzugreifen, klicken Sie auf den Button unten. Bitte beachten Sie, dass dabei Daten an Drittanbieter weitergegeben werden.<\/p>\n<p>  <a class=\"brlbs-cmpnt-cb-provider-toggle\" href=\"#\" data-borlabs-cookie-show-provider-information=\"\" role=\"button\">Weitere Informationen<\/a> <\/p>\n<p><strong>Genre:<\/strong> Drama, Horror, Science-Fiction<\/p>\n<p><strong>Regie:<\/strong> Julia Ducournau<\/p>\n<p><strong>Besetzung:<\/strong> M\u00e9lissa Boros, Tahar Rahim, Golshifteh Farahani, Emma Mackey, Finnegan Oldfield<\/p>\n<p>Frankreich in den 1980er-Jahren: Das Leben der jungen Alpha (M\u00e9lissa Boros) in der Hafenstadt Le Havre ger\u00e4t v\u00f6llig aus den Fugen, als sie sich ein Tattoo stechen l\u00e4sst. An ihrer Schule verbreitet sich das Ger\u00fccht wie ein Lauffeuer: Alpha soll an einer gef\u00e4hrlichen, neuartigen Krankheit leiden. Regisseurin Julia Ducournau, die schon mit Raw und dem Cannes-Gewinner Titane f\u00fcr offene M\u00fcnder sorgte, liefert mit Alpha ihren bisher pers\u00f6nlichsten Film ab. Erwarte einen bildgewaltigen und verst\u00f6renden Genre-Mix, der die Grenzen des Body-Horrors neu auslotet und unter die Haut geht \u2013 im wahrsten Sinne des Wortes.<\/p>\n<p><strong>Tipp:<\/strong> Nichts f\u00fcr schwache Nerven! Wer auf anspruchsvolles Genre-Kino und krasse Visuals steht, sollte sich diesen Schocker im <strong>Luru Kino<\/strong> in der Spinnerei oder in den <strong>Passage Kinos<\/strong> g\u00f6nnen. FSK 16 ist hier Programm.<\/p>\n<p>ALLEGRO PASTELL<\/p>\n<p class=\"brlbs-cmpnt-cb-description\">Sie sehen gerade einen Platzhalterinhalt von <strong>Standard<\/strong>. Um auf den eigentlichen Inhalt zuzugreifen, klicken Sie auf den Button unten. Bitte beachten Sie, dass dabei Daten an Drittanbieter weitergegeben werden.<\/p>\n<p>  <a class=\"brlbs-cmpnt-cb-provider-toggle\" href=\"#\" data-borlabs-cookie-show-provider-information=\"\" role=\"button\">Weitere Informationen<\/a> <\/p>\n<p><strong>Genre:<\/strong> Drama, Liebesfilm<\/p>\n<p><strong>Regie:<\/strong> Anna Roller<\/p>\n<p><strong>Besetzung:<\/strong> Sylvaine Faligant, Jannis Niew\u00f6hner, Luna Wedler, Martina Gedeck, Wolfram Koch<\/p>\n<p>Tanja (Sylvaine Faligant) und Jerome (Jannis Niew\u00f6hner) f\u00fchren die perfekte, digital-optimierte Fernbeziehung zwischen Berliner Club-Hedonismus und hessischer Achtsamkeit im Eltern-Bungalow. Sie schreiben sich kluge Nachrichten, schicken sich Fotos und reflektieren jedes Gef\u00fchl bis ins kleinste Detail. Doch als Tanja 30 wird, br\u00f6ckelt die pastellfarbene Fassade: Pl\u00f6tzlich stehen Fragen nach echter N\u00e4he, Zukunft und der Angst vor der Banalit\u00e4t im Raum. Regisseurin Anna Roller verfilmt hier den gefeierten Kult-Roman von Leif Randt und f\u00e4ngt das Lebensgef\u00fchl einer Generation ein, die alles kuratieren will \u2013 au\u00dfer das echte Chaos der Liebe.<\/p>\n<p><strong>Tipp:<\/strong> Ein Muss f\u00fcr alle, die moderne Beziehungsdynamiken und \u00e4sthetische Bilder lieben. Am besten schaust du dir dieses Portr\u00e4t der \u201eGeneration Maybe\u201c im <strong><strong>CineStar<\/strong> Leipzig<\/strong> oder ganz stilecht in den <strong>Passage Kinos<\/strong> an. Danach bietet sich ein Drink in der <strong>Luise<\/strong> an, um \u00fcber die eigenen WhatsApp-Verl\u00e4ufe zu philosophieren.<\/p>\n<p>ALS W\u00c4RE ES LEICHT<\/p>\n<p class=\"brlbs-cmpnt-cb-description\">Sie sehen gerade einen Platzhalterinhalt von <strong>Standard<\/strong>. Um auf den eigentlichen Inhalt zuzugreifen, klicken Sie auf den Button unten. Bitte beachten Sie, dass dabei Daten an Drittanbieter weitergegeben werden.<\/p>\n<p>  <a class=\"brlbs-cmpnt-cb-provider-toggle\" href=\"#\" data-borlabs-cookie-show-provider-information=\"\" role=\"button\">Weitere Informationen<\/a> <\/p>\n<p><strong>Genre:<\/strong> Drama, Romanze<\/p>\n<p><strong>Regie:<\/strong> Milan Skrobanek<\/p>\n<p><strong>Besetzung:<\/strong> Cindy Klink, David Knors, Athena Lange, Marion Kracht, Joachim Raaf<\/p>\n<p>Kati (Cindy Klink) ist geh\u00f6rlos und sieht die Welt durch ihre Kamera. Florian (David Knors) ist blind und arbeitet als Stadionkommentator bei St. Pauli \u2013 seine Welt besteht aus Ger\u00e4uschen. Als sich die beiden im Hamburger Dialoghaus begegnen, beginnt eine Liebesgeschichte, die ohne klassische Lautsprache auskommt. Gegen die Skepsis ihrer Familien und Freunde entwickeln sie eine ganz eigene Form der Verst\u00e4ndigung. Regisseur Milan Skrobanek setzt in seinem Deb\u00fct konsequent auf Inklusion: Die Hauptrollen sind authentisch mit einer geh\u00f6rlosen und einem blinden Darsteller besetzt, was den Film zu einem herzergreifenden Erlebnis macht, das Barrieren im Kopf einrei\u00dft.<\/p>\n<p><strong>Tipp:<\/strong> Ein echtes Herzensprojekt, das zeigt, wie Liebe jenseits von Worten funktioniert. Der Film l\u00e4uft barrierefrei mit Untertiteln und Audiodeskription (via Greta App). Schau ihn dir am besten in den <strong>Passage Kinos<\/strong> oder in der <strong>Schaub\u00fchne Lindenfels<\/strong> an \u2013 perfekt, um danach noch bei einem Spaziergang am Kanal \u00fcber die Sinne zu philosophieren.<\/p>\n","protected":false},"excerpt":{"rendered":"Der April macht, was er will \u2013 und wir machen es uns im Kinosessel gem\u00fctlich! W\u00e4hrend drau\u00dfen das&hellip;\n","protected":false},"author":2,"featured_media":905181,"comment_status":"","ping_status":"","sticky":false,"template":"","format":"standard","meta":{"footnotes":"","_share_on_mastodon":"0"},"categories":[1832],"tags":[3364,29,30,71,198198,859,198204,198205,198206],"class_list":["post-905180","post","type-post","status-publish","format-standard","has-post-thumbnail","category-leipzig","tag-de","tag-deutschland","tag-germany","tag-leipzig","tag-leipziger-stadtmagazin","tag-sachsen","tag-urbanite-leipzig","tag-urbanite-magazin","tag-urbanite-stadtmagazin"],"share_on_mastodon":{"url":"https:\/\/pubeurope.com\/@de\/116311256337096812","error":""},"_links":{"self":[{"href":"https:\/\/www.europesays.com\/de\/wp-json\/wp\/v2\/posts\/905180","targetHints":{"allow":["GET"]}}],"collection":[{"href":"https:\/\/www.europesays.com\/de\/wp-json\/wp\/v2\/posts"}],"about":[{"href":"https:\/\/www.europesays.com\/de\/wp-json\/wp\/v2\/types\/post"}],"author":[{"embeddable":true,"href":"https:\/\/www.europesays.com\/de\/wp-json\/wp\/v2\/users\/2"}],"replies":[{"embeddable":true,"href":"https:\/\/www.europesays.com\/de\/wp-json\/wp\/v2\/comments?post=905180"}],"version-history":[{"count":0,"href":"https:\/\/www.europesays.com\/de\/wp-json\/wp\/v2\/posts\/905180\/revisions"}],"wp:featuredmedia":[{"embeddable":true,"href":"https:\/\/www.europesays.com\/de\/wp-json\/wp\/v2\/media\/905181"}],"wp:attachment":[{"href":"https:\/\/www.europesays.com\/de\/wp-json\/wp\/v2\/media?parent=905180"}],"wp:term":[{"taxonomy":"category","embeddable":true,"href":"https:\/\/www.europesays.com\/de\/wp-json\/wp\/v2\/categories?post=905180"},{"taxonomy":"post_tag","embeddable":true,"href":"https:\/\/www.europesays.com\/de\/wp-json\/wp\/v2\/tags?post=905180"}],"curies":[{"name":"wp","href":"https:\/\/api.w.org\/{rel}","templated":true}]}}