{"id":905395,"date":"2026-03-29T09:26:13","date_gmt":"2026-03-29T09:26:13","guid":{"rendered":"https:\/\/www.europesays.com\/de\/905395\/"},"modified":"2026-03-29T09:26:13","modified_gmt":"2026-03-29T09:26:13","slug":"arbeit-fuer-1-700-beschaeftigte-der-stadt-gladbeck","status":"publish","type":"post","link":"https:\/\/www.europesays.com\/de\/905395\/","title":{"rendered":"Arbeit f\u00fcr 1.700 Besch\u00e4ftigte der Stadt Gladbeck"},"content":{"rendered":"<p><a title=\"Wohnh\u00e4user am Bahnhof-West\" href=\"https:\/\/neue-gladbecker-zeitung.de\/zwickmuehle-arbeit-fuer-1-700-beschaeftigte-der-stadt-gladbeck\/wohnhaeuser-am-bahnhof-west_ergebnis\/\" rel=\"nofollow noopener\" target=\"_blank\"><img fetchpriority=\"high\" width=\"678\" height=\"381\" src=\"https:\/\/www.europesays.com\/de\/wp-content\/uploads\/2026\/03\/Wohnhaeuser-am-Bahnhof-West_ergebnis.webp.webp\" class=\"attachment-mh-magazine-content size-mh-magazine-content wp-post-image\" alt=\"Zwickm\u00fchle: Arbeit f\u00fcr 1.700 Besch\u00e4ftigte schaffen\" title=\"Wohnh\u00e4user am Bahnhof-West\" loading=\"eager\" decoding=\"async\"  \/><\/a><br \/>\nDiese Wohnh\u00e4user der GWG am Bahnhof-West sollen abgerissen und durch hochpreisige Neubauten ersetzt werden. Foto: Neue Gladbecker Zeitung<\/p>\n<p>Die Gigantomanie in Gladbeck ist kaum noch aufzuhalten<\/p>\n<p><strong>Gladbeck \u2013 29.03.2026 \u2013 Zwickm\u00fchle<\/strong>\u00a0\u2013\u00a0Der Wahnsinn hat in <strong><a style=\"color: #ff0000;\" href=\"https:\/\/www.gladbeck.de\" target=\"_blank\" rel=\"noopener nofollow\">Gladbeck<\/a><\/strong> Methode. Mit gigantischen Projekten im Wochentakt trumpfen Stadtverwaltung und Lokalpolitiker immer wieder auf. Erst vor kurzem wurde die F\u00fcnf-Fach-Sporthalle in Rentfort-Nord vorgestellt. Sie soll 53 Mio. Euro kosten \u2013 nach derzeitiger Berechnung.<\/p>\n<p>In der letzten Woche stellte die B\u00fcrgermeisterin mit ihre Crew nun den Neubau des Bahnhofs-West und die Umgestaltung des weitr\u00e4umigen Umfelds vor. Abriss ganzer Wohnbl\u00f6cke (mit g\u00fcnstigen Mietwohnungen, siehe Foto oben), als \u201eErsatz\u201c Neubau hochpreisiger Wohnungen. Ein Hotel (seit zwanzig Jahren mehrfach im Gespr\u00e4ch und immer wieder verworfen) soll dort gebaut werden. Geht es vielleicht eine Nummer kleiner?<\/p>\n<p>Nach Einsch\u00e4tzungen parteiunabh\u00e4ngiger Analysten plant die Stadt immer wieder solche gigantische Projekte weil sie ihre mittlerweile 1.700 MitarbeiterInnen besch\u00e4ftigen muss.<\/p>\n<p>Die NGZ-News aus Gladbeck immer sofort auf das Handy?<br \/>Dann abonniere kostenlos den <a style=\"color: #ff0000;\" href=\"https:\/\/whatsapp.com\/channel\/0029VaAJZdH8F2pIH21PF72X\" target=\"_blank\" rel=\"noopener nofollow\">WhatsApp-Kanal<\/a><br \/>\nDie Gladbecker Zusammenfassung des Tages der NGZ?<br \/>Dann abonniere den kostenlosen <a href=\"https:\/\/neue-gladbecker-zeitung.de\/newsletter-2\/\" target=\"_blank\" rel=\"noopener nofollow\"><strong>Newsletter<\/strong><\/a><br \/>\nFolgen Sie uns auf Facebook: <strong><a style=\"color: #ff0000;\" href=\"https:\/\/www.facebook.com\/NeueGladbeckerZeitung\/\" target=\"_blank\" rel=\"noopener nofollow\">NeueGladbeckerZeitung<\/a><\/strong><\/p>\n<p>Die Stadt Gladbeck ist in der Zwickm\u00fchle<\/p>\n<p>Auf rund f\u00fcnf Hektar Fl\u00e4che soll am Bahnhof-West \u201eperspektivisch ein modernes, gemischt genutztes Quartier entstehen\u201c, hei\u00dft es. Vorgesehen sind unter anderem neue Wohnungen, erg\u00e4nzende Gewerbe- und Dienstleistungsangebote sowie ein neues Bahnhofsgeb\u00e4ude. Auch eine moderne <strong><a style=\"color: #ff0000;\" href=\"https:\/\/rebeq.de\/radstation\/gladbeck\/\" target=\"_blank\" rel=\"noopener nofollow\">Radstation<\/a><\/strong>, eine leistungsf\u00e4hige Parkand-Ride-Anlage und ein neugestalteter Bahnhofsvorplatz sind Teil der Planungen.<\/p>\n<p>Diese wurden am 5. M\u00e4rz im Ausschuss f\u00fcr Stadtplanung, Verkehr und Bauen vorgestellt. Die Politik erteilte der Verwaltung anschlie\u00dfend einstimmig den Auftrag, das Projekt weiter zu verfolgen. Eigentlich kann man sich da nur noch \u201eam Kopp packen\u201c (wie der Ruhri sagen w\u00fcrde). Auch diese Verkn\u00fcfung sinnvoller Ziele mit v\u00f6lligem Unsinn hat Methode. Denn wer gegen das Gesamtpaket ist, der stimmt gegen ein neues Bahnhofsgeb\u00e4ude, gegen mehr Parkraum und gegen eine neue Radstation.<\/p>\n<p>Viele teuere Projekte (K\u00fcr), aber Vernachl\u00e4ssigung wichtiger Ma\u00dfnahmen (Pflicht)<\/p>\n<p>Immer wieder sind es Projekte, die sich im zweistelligen Mio.-Bereich bewegen. Die Verlegung des Bahnhofes-Ost (sinnvoll), wird verkn\u00fcpft mit einer gigantischen Gro\u00dfbaustelle am Oberhof. Der Bau der F\u00fcnf-Fach-Sporthalle (sinnvoll), aber nicht am Rande einer der dichtesten Wohnbebauung Gladbecks, in der es schon jetzt einen immensen Parkdruck gibt. Der Abriss der Steinhalde am Festplatz (f\u00fcr \u00fcber 20 Mio. Euro aus Eigenmitteln), verkn\u00fcpft mit dem anschlie\u00dfend dort geplanten Gewerbegebiet. Die vorbereitenden Ma\u00dfnahmen zum Ausbau der B224 zur A52 durch Ankauf von Grundst\u00fccken (rund 20 Mio. Euro) l\u00e4ngs der Trasse und der Besch\u00e4ftigung von acht! Stadtplanern f\u00fcr dieses Projekt.<\/p>\n<p>Ablenkungsman\u00f6ver<\/p>\n<p>Derweil wird den B\u00fcrgern weiterhin Sand in die Augen gestreut. Der katastrophalen Schlaglochsituation, auf Gladbecks Stra\u00dfen, will man mit dem angeblich innavativen Kaltasphalt begegnen. Den gibt es allerdings schon seit 70 Jahren. Zwei Fahrbahnen der Europabr\u00fccke sind seit einem Jahr gesperrt. Die Br\u00fcckenpr\u00fcfung ist angeblich noch nicht abgeschlossen \u2013 da kommt etwas auf uns zu. Eine Handvoll Br\u00fccken sind in den n\u00e4chsten Jahren neu zu bauen: Europabr\u00fccke, Buersche Stra\u00dfe, am Scheideweg, an der Winkelstra\u00dfe, an der Vo\u00dfstra\u00dfe, an der B\u00fclser Stra\u00dfe, an der Schultenstra\u00dfe etc. Die Stadt steckt hier wirklich in einer Zwickm\u00fchle!<\/p>\n<p>Die Stadt stellt immer mehr Leute ein. Der <strong><a style=\"color: #ff0000;\" href=\"https:\/\/www.gladbeck.de\/rathaus_politik\/rathaus\/buergerservice.asp?seite=angebot&amp;id=19280\" target=\"_blank\" rel=\"noopener nofollow\">KOD<\/a><\/strong> erreicht irgendwann Kompaniest\u00e4rke und kann dann alle 50 Meter Radfahrer in der Fu\u00dfg\u00e4ngerzone abgreifen. Im Jugend- und Sozialamt geht es drunter und dr\u00fcber. Die Stadt muss sich schon externen Rat holen. Die \u00d6ffentlichkeitsarbeit ist k\u00fcnstlich aufgebl\u00e4ht und verschlingt Unsummen.<\/p>\n<p>Wie lange geht diese Strategie noch gut. Wann wachen die B\u00fcrger in Gladbeck und vor allem die Kommunalpolitiker endlich auf?<\/p>\n<p><a style=\"color: #ff0000;\" href=\"https:\/\/neue-gladbecker-zeitung.de\" rel=\"nofollow noopener\" target=\"_blank\">Zur Startseite<\/a><\/p>\n","protected":false},"excerpt":{"rendered":"Diese Wohnh\u00e4user der GWG am Bahnhof-West sollen abgerissen und durch hochpreisige Neubauten ersetzt werden. Foto: Neue Gladbecker Zeitung&hellip;\n","protected":false},"author":2,"featured_media":905396,"comment_status":"","ping_status":"","sticky":false,"template":"","format":"standard","meta":{"footnotes":"","_share_on_mastodon":"0"},"categories":[1848],"tags":[45138,3364,29,548,663,3934,3658,30,198705,17275,13,14,15,1209,12,26294],"class_list":["post-905395","post","type-post","status-publish","format-standard","has-post-thumbnail","category-gelsenkirchen","tag-bauprojekte","tag-de","tag-deutschland","tag-eu","tag-europa","tag-europe","tag-gelsenkirchen","tag-germany","tag-gigantomanie","tag-gladbeck","tag-headlines","tag-nachrichten","tag-news","tag-nordrhein-westfalen","tag-schlagzeilen","tag-zwickmuehle"],"share_on_mastodon":{"url":"https:\/\/pubeurope.com\/@de\/116311751856495080","error":""},"_links":{"self":[{"href":"https:\/\/www.europesays.com\/de\/wp-json\/wp\/v2\/posts\/905395","targetHints":{"allow":["GET"]}}],"collection":[{"href":"https:\/\/www.europesays.com\/de\/wp-json\/wp\/v2\/posts"}],"about":[{"href":"https:\/\/www.europesays.com\/de\/wp-json\/wp\/v2\/types\/post"}],"author":[{"embeddable":true,"href":"https:\/\/www.europesays.com\/de\/wp-json\/wp\/v2\/users\/2"}],"replies":[{"embeddable":true,"href":"https:\/\/www.europesays.com\/de\/wp-json\/wp\/v2\/comments?post=905395"}],"version-history":[{"count":0,"href":"https:\/\/www.europesays.com\/de\/wp-json\/wp\/v2\/posts\/905395\/revisions"}],"wp:featuredmedia":[{"embeddable":true,"href":"https:\/\/www.europesays.com\/de\/wp-json\/wp\/v2\/media\/905396"}],"wp:attachment":[{"href":"https:\/\/www.europesays.com\/de\/wp-json\/wp\/v2\/media?parent=905395"}],"wp:term":[{"taxonomy":"category","embeddable":true,"href":"https:\/\/www.europesays.com\/de\/wp-json\/wp\/v2\/categories?post=905395"},{"taxonomy":"post_tag","embeddable":true,"href":"https:\/\/www.europesays.com\/de\/wp-json\/wp\/v2\/tags?post=905395"}],"curies":[{"name":"wp","href":"https:\/\/api.w.org\/{rel}","templated":true}]}}