{"id":905552,"date":"2026-03-29T11:00:13","date_gmt":"2026-03-29T11:00:13","guid":{"rendered":"https:\/\/www.europesays.com\/de\/905552\/"},"modified":"2026-03-29T11:00:13","modified_gmt":"2026-03-29T11:00:13","slug":"tusa-06-ohne-chance-gegen-usc-muenster-ii-nur-im-dritten-satz-wird-es-eng","status":"publish","type":"post","link":"https:\/\/www.europesays.com\/de\/905552\/","title":{"rendered":"Tusa 06 ohne Chance gegen USC M\u00fcnster II \u2013 nur im dritten Satz wird es eng."},"content":{"rendered":"<p class=\"text_ohne_einzug richtext text-em-55 !leading-serif mx-6 desktop:mx-0\">Die Volleyballerinnen von Tusa 06 haben sich gegen eines der Topteams der Liga wie erwartet geschlagen geben m\u00fcssen, dabei aber vor allem im dritten Satz ihre Qualit\u00e4ten gezeigt. Gegen die Bundesligareserve des USC M\u00fcnster setzte es eine 0:3-Niederlage (18:25, 17:25, 24:26), die den Spielverlauf insgesamt widerspiegelt \u2013 und dennoch einen vers\u00f6hnlichen Ansatz bot.<\/p>\n","protected":false},"excerpt":{"rendered":"Die Volleyballerinnen von Tusa 06 haben sich gegen eines der Topteams der Liga wie erwartet geschlagen geben m\u00fcssen,&hellip;\n","protected":false},"author":2,"featured_media":905553,"comment_status":"","ping_status":"","sticky":false,"template":"","format":"standard","meta":{"footnotes":"","_share_on_mastodon":"0"},"categories":[1843],"tags":[45845,138585,3364,29,22690,588,198731,30,68674,8970,1209,28327,32028,55232,154938,18818,41670],"class_list":["post-905552","post","type-post","status-publish","format-standard","has-post-thumbnail","category-muenster","tag-45845","tag-ansatz","tag-de","tag-deutschland","tag-dritten","tag-einsatz","tag-emlichheim","tag-germany","tag-moral","tag-muenster","tag-nordrhein-westfalen","tag-osterpause","tag-satz","tag-saetzen","tag-satzgewinn","tag-schulz","tag-tusa"],"share_on_mastodon":{"url":"https:\/\/pubeurope.com\/@de\/116312121380968558","error":""},"_links":{"self":[{"href":"https:\/\/www.europesays.com\/de\/wp-json\/wp\/v2\/posts\/905552","targetHints":{"allow":["GET"]}}],"collection":[{"href":"https:\/\/www.europesays.com\/de\/wp-json\/wp\/v2\/posts"}],"about":[{"href":"https:\/\/www.europesays.com\/de\/wp-json\/wp\/v2\/types\/post"}],"author":[{"embeddable":true,"href":"https:\/\/www.europesays.com\/de\/wp-json\/wp\/v2\/users\/2"}],"replies":[{"embeddable":true,"href":"https:\/\/www.europesays.com\/de\/wp-json\/wp\/v2\/comments?post=905552"}],"version-history":[{"count":0,"href":"https:\/\/www.europesays.com\/de\/wp-json\/wp\/v2\/posts\/905552\/revisions"}],"wp:featuredmedia":[{"embeddable":true,"href":"https:\/\/www.europesays.com\/de\/wp-json\/wp\/v2\/media\/905553"}],"wp:attachment":[{"href":"https:\/\/www.europesays.com\/de\/wp-json\/wp\/v2\/media?parent=905552"}],"wp:term":[{"taxonomy":"category","embeddable":true,"href":"https:\/\/www.europesays.com\/de\/wp-json\/wp\/v2\/categories?post=905552"},{"taxonomy":"post_tag","embeddable":true,"href":"https:\/\/www.europesays.com\/de\/wp-json\/wp\/v2\/tags?post=905552"}],"curies":[{"name":"wp","href":"https:\/\/api.w.org\/{rel}","templated":true}]}}