{"id":905641,"date":"2026-03-29T11:54:15","date_gmt":"2026-03-29T11:54:15","guid":{"rendered":"https:\/\/www.europesays.com\/de\/905641\/"},"modified":"2026-03-29T11:54:15","modified_gmt":"2026-03-29T11:54:15","slug":"schuetzen-feuern-aus-auto-auf-lokal-in-neukoelln","status":"publish","type":"post","link":"https:\/\/www.europesays.com\/de\/905641\/","title":{"rendered":"Sch\u00fctzen feuern aus Auto auf Lokal in Neuk\u00f6lln"},"content":{"rendered":"<p>Attacke in Neuk\u00f6lln <\/p>\n<p>Unbekannte feuern aus Auto auf Berliner Lokal<\/p>\n<p>Aktualisiert am 29.03.2026 &#8211; 11:55 UhrLesedauer: 2 Min.<\/p>\n<p><a href=\"#focus-0\" class=\"transition-colors duration-200 block text-current relative\" data-sctrack=\"FocusGalleryImage.Reference\"><img fetchpriority=\"high\" data-testid=\"Opener.Image\" style=\"--lqipURL:url('https:\/\/images.t-online.de\/2026\/03\/PUjKPFSYwIT0\/0x182:3500x1969\/fit-in\/150x0\/filters:blur(25)\/image.jpg')\"   loading=\"eager\" src=\"https:\/\/www.europesays.com\/de\/wp-content\/uploads\/2026\/03\/1774785255_963_image.jpg\" alt=\"SCHUESSENEUKOELLN\" title=\"SCHUESSENEUKOELLN\" width=\"3500\" height=\"1969\" class=\"bg-[url:var(--lqipURL)] bg-cover bg-center flex h-full w-full max-w-full\" decoding=\"async\"\/><img style=\"--width:32;--height:32\" loading=\"lazy\" src=\"https:\/\/www.t-online.de\/s\/paper\/_next\/static\/media\/zoom-in.f7dae02f.svg\" alt=\"Vergr\u00f6\u00dfern des Bildes\" title=\"Vergr\u00f6\u00dfern des Bildes\" class=\"block h-[calc(var(--height)_\/_16_*_1rem)] w-[calc(var(--width)_\/_16_*_1rem)] max-w-none absolute bottom-8 right-8 rounded-4 bg-snow p-8\" decoding=\"async\"\/><\/a><\/p>\n<p>Polizisten sichern Spuren am Tatort in der Hermannstra\u00dfe in Berlin. (Quelle: 7aktuell.de | 7aktuell)<\/p>\n<p class=\"font-bold text-18 leading-17 user-text-lg:text-22 user-text-xl:text-24\">Um 4 Uhr morgens f\u00e4hrt ein Auto vor einem Berliner Caf\u00e9 vor. Dann fallen Sch\u00fcsse und das Auto braust davon.<\/p>\n<p class=\"text-18 leading-17 user-text-lg:text-22 user-text-xl:text-24\">In Berlin-Neuk\u00f6lln ist aus einem Fahrzeug auf ein Caf\u00e9 geschossen worden. Zwei Projektile trafen am fr\u00fchen Sonntagmorgen die Scheiben des Lokals in der Hermannstra\u00dfe und durchschlugen sie, wie die Polizei mitteilte. Zu dem Tatzeitpunkt befanden sich mehrere Personen in dem Lokal. Verletzt wurde aber niemand.<\/p>\n<p class=\"text-18 leading-17 user-text-lg:text-22 user-text-xl:text-24\">Die Sch\u00fctzen fuhren davon. Die Polizei sicherte am Morgen noch Spuren vor dem Caf\u00e9.<\/p>\n<p class=\"text-18 leading-17 user-text-lg:text-22 user-text-xl:text-24\">In den vergangenen Monaten gab es vermehrt Sch\u00fcsse auf den Stra\u00dfen Berlins. Erst vergangenes Wochenende wurde ein Mann in Sch\u00f6neberg angeschossen und im Unterk\u00f6rper getroffen.<\/p>\n<p class=\"text-18 leading-17 user-text-lg:text-22 user-text-xl:text-24\">Nach den Sch\u00fcssen auf den 38-j\u00e4hrigen Mann nahm die Polizei in Darmstadt drei tatverd\u00e4chtige M\u00e4nner im Alter von 19, 20 und 21 Jahren fest. Die Beschuldigten stehen im Verdacht, am Tattag von Hessen nach <a class=\"transition-colors duration-200 cursor-pointer text-inherit no-underline text-salemsfur md:hover:text-magenta md:hover:border-magenta md:focus:text-magenta border-current border-b border-solid break-words\" data-tracking=\"{&quot;action&quot;:&quot;click&quot;,&quot;category&quot;:&quot;intextLink&quot;,&quot;label&quot;:&quot;https:\/\/berlin.t-online.de\/region\/berlin\/&quot;}\" href=\"https:\/\/berlin.t-online.de\/region\/berlin\/\" data-sctrack=\"BodyAnchor\" rel=\"nofollow noopener\" target=\"_blank\">Berlin<\/a> gefahren zu sein, den 38-J\u00e4hrigen aus dessen Wohnung gelockt und dann auf ihn geschossen zu haben, teilte die Berliner Polizei am vergangenen Samstag in einer Pressemitteilung mit.<\/p>\n<p class=\"text-18 leading-17 user-text-lg:text-22 user-text-xl:text-24\">Am vergangenen Montag r\u00fcckte die Polizei zudem mit einem gr\u00f6\u00dferen Aufgebot im Volkspark Hasenheide an, nachdem Zeugen von Sch\u00fcssen berichtet hatten.<\/p>\n<p class=\"text-18 leading-17 user-text-lg:text-22 user-text-xl:text-24\">Die F\u00e4lle reihen sich in zahlreiche \u00e4hnliche Taten mit Sch\u00fcssen auf Menschen im kriminellen Milieu ein. Oft handelt es sich laut Polizei um Erpressungen von Gesch\u00e4ftsleuten sowie Revierk\u00e4mpfe und Auseinandersetzungen in der organisierten Kriminalit\u00e4t.<\/p>\n<p class=\"text-18 leading-17 user-text-lg:text-22 user-text-xl:text-24\">Wegen der Entwicklung wurde bei der Polizei die Sondereinheit des Landeskriminalamtes (LKA) &#8222;Ferrum&#8220; (lateinisch, \u00fcbersetzt: &#8222;Eisen&#8220;) eingerichtet. Die Berliner Staatsanwaltschaft zog mit der neuen Ermittlungsgruppe &#8222;Telum&#8220; (Speer) nach. Durch Razzien in Bars und an Treffpunkten soll die organisierte Kriminalit\u00e4t unter Druck gesetzt werden. Ob die Sondereinheit nach den Sch\u00fcssen in <a class=\"transition-colors duration-200 cursor-pointer text-inherit no-underline text-salemsfur md:hover:text-magenta md:hover:border-magenta md:focus:text-magenta border-current border-b border-solid break-words\" data-tracking=\"{&quot;action&quot;:&quot;click&quot;,&quot;category&quot;:&quot;intextLink&quot;,&quot;label&quot;:&quot;\/themen\/neukoelln\/&quot;}\" href=\"https:\/\/www.t-online.de\/themen\/neukoelln\/\" data-sctrack=\"BodyAnchor\" rel=\"nofollow noopener\" target=\"_blank\">Neuk\u00f6lln<\/a> wie bei denen in Sch\u00f6neberg ermitteln wird, war zun\u00e4chst nicht klar.<\/p>\n","protected":false},"excerpt":{"rendered":"Attacke in Neuk\u00f6lln Unbekannte feuern aus Auto auf Berliner Lokal Aktualisiert am 29.03.2026 &#8211; 11:55 UhrLesedauer: 2 Min.&hellip;\n","protected":false},"author":2,"featured_media":905642,"comment_status":"","ping_status":"","sticky":false,"template":"","format":"standard","meta":{"footnotes":"","_share_on_mastodon":"0"},"categories":[1825],"tags":[1434,3110,513,296,2299,6762,29,514,30,26790,526,121,17644,218],"class_list":["post-905641","post","type-post","status-publish","format-standard","has-post-thumbnail","category-berlin","tag-1434","tag-attacke","tag-auto","tag-berlin","tag-berlin-neukoelln","tag-cafe","tag-deutschland","tag-fahrzeug","tag-germany","tag-hermannstrasse","tag-neukoelln","tag-polizei","tag-schoeneberg","tag-tatort"],"share_on_mastodon":{"url":"https:\/\/pubeurope.com\/@de\/116312334085311246","error":""},"_links":{"self":[{"href":"https:\/\/www.europesays.com\/de\/wp-json\/wp\/v2\/posts\/905641","targetHints":{"allow":["GET"]}}],"collection":[{"href":"https:\/\/www.europesays.com\/de\/wp-json\/wp\/v2\/posts"}],"about":[{"href":"https:\/\/www.europesays.com\/de\/wp-json\/wp\/v2\/types\/post"}],"author":[{"embeddable":true,"href":"https:\/\/www.europesays.com\/de\/wp-json\/wp\/v2\/users\/2"}],"replies":[{"embeddable":true,"href":"https:\/\/www.europesays.com\/de\/wp-json\/wp\/v2\/comments?post=905641"}],"version-history":[{"count":0,"href":"https:\/\/www.europesays.com\/de\/wp-json\/wp\/v2\/posts\/905641\/revisions"}],"wp:featuredmedia":[{"embeddable":true,"href":"https:\/\/www.europesays.com\/de\/wp-json\/wp\/v2\/media\/905642"}],"wp:attachment":[{"href":"https:\/\/www.europesays.com\/de\/wp-json\/wp\/v2\/media?parent=905641"}],"wp:term":[{"taxonomy":"category","embeddable":true,"href":"https:\/\/www.europesays.com\/de\/wp-json\/wp\/v2\/categories?post=905641"},{"taxonomy":"post_tag","embeddable":true,"href":"https:\/\/www.europesays.com\/de\/wp-json\/wp\/v2\/tags?post=905641"}],"curies":[{"name":"wp","href":"https:\/\/api.w.org\/{rel}","templated":true}]}}