{"id":905741,"date":"2026-03-29T12:53:14","date_gmt":"2026-03-29T12:53:14","guid":{"rendered":"https:\/\/www.europesays.com\/de\/905741\/"},"modified":"2026-03-29T12:53:14","modified_gmt":"2026-03-29T12:53:14","slug":"werder-bremen-juwel-debuetiert-em-statt-wm-fuer-coulibaly-sport","status":"publish","type":"post","link":"https:\/\/www.europesays.com\/de\/905741\/","title":{"rendered":"Werder Bremen: Juwel deb\u00fctiert \u2013 EM statt WM f\u00fcr Coulibaly? | Sport"},"content":{"rendered":"<p><a class=\"skip-content skip-content--link\" href=\"#in-content-skip-link-target-v-0-0\">TTS-Player \u00fcberspringen\u21b5<\/a><a id=\"in-content-skip-link-target-v-0-0\" class=\"skip-content--target-link-hidden skip-content skip-content--target-link\" href=\"#in-content-skip-link-target-v-0-0\">Artikel weiterlesen<\/a><\/p>\n<p><b>Wichtiger Schritt f\u00fcr Karim Coulibaly (18)! Werders Abwehr-Juwel trug beim 3:0 gegen Nordirland in der EM-Quali erstmals das Trikot der DFB-U21. \u201eEs war ein unvergesslicher Tag. Das ist ein Traum, der f\u00fcr mich in Erf\u00fcllung geht. Ich habe darauf hingearbeitet und bin sehr dankbar, dass ich die Chance bekommen habe\u201c, sagte Coulibaly nach dem Spiel. Der Innenverteidiger war von Bundestrainer Antonio di Salvo nach 62 Minuten f\u00fcr Stuttgarts Finn Jeltsch eingewechselt worden. <\/b><\/p>\n<p>Packt Deutschland (aktuell Gruppenzweiter) die Quali f\u00fcr die EM 2027 in Albanien und Serbien, hat der Bremer gute Karten auf eine Nominierung. Wenn er denn will&#8230;<\/p>\n<p>Werder-Juwel deb\u00fctiert: EM statt WM f\u00fcr Coulibaly?<\/p>\n<p>Denn bislang darf sich Bremens wertvollster Profi (22 Mio. Euro Marktwert) auch Hoffnungen auf eine WM-Nominierung f\u00fcr die Elfenbeink\u00fcste, das Heimatland seiner Eltern, machen. Gleichzeitig w\u00e4re die aktuelle L\u00e4nderspiel-Periode der letzte logische Zeitpunkt f\u00fcr einen Verbandswechsel zu Deutschlands Vorrunden-Gegner gewesen. Denn die Weltmeisterschaft (ab 11.6.) naht&#8230;<\/p>\n<p>Mehr zum Thema<\/p>\n<p>Aktuell spricht also mehr f\u00fcr einen Verbleib beim DFB und damit eine m\u00f6gliche EM-Teilnahme. F\u00fcr die direkte Quali muss Deutschland in den verbleibenden vier Partien noch den n\u00e4chsten Gegner Griechenland (Di., 18.30 Uhr) an der Tabellenspitze abl\u00f6sen oder als Bester der neuen Gruppenzweiten ins Ziel. Die acht \u00fcbrigen Zweiten spielen in Play-offs (9.-17.11.) vier weitere Teilnehmer aus. Neben <a href=\"https:\/\/www.bild.de\/sport\/fussball\/werder-bremen-top-klubs-warten-das-millionen-zocken-um-coulibaly-69c4f4398f5761671715fc95\" class=\"text-link\" rel=\"nofollow noopener\" target=\"_blank\">Coulibaly<\/a> hat auch Werder-Stammkeeper <a href=\"https:\/\/www.bild.de\/sport\/fussball\/werder-bremen-held-backhaus-bedeuten-seine-paraden-die-rettung-69bfdaa8af187d606b80eeaa\" class=\"text-link\" rel=\"nofollow noopener\" target=\"_blank\">Mio Backhaus<\/a> ein Erfolgserlebnis gesammelt. Sein Auftritt gegen Nordirland war das vierte Zu-null-Spiel im vierten Einsatz f\u00fcr die DFB-U21.<\/p>\n<p>Rechtsverteidiger Yukinari Sugawara stand beim 1:0 Japans im Test gegen Schottland 62 Minuten auf dem Platz, wurde gegen Frankfurts Ritsu Doan ausgewechselt. Patrice Covic war bei Kroatiens U19 gegen Norwegen 90 Minuten auf dem Gras, Mick Schmetgens half beim 1:0 der DFB-U19 gegen Griechenland (beides EM-Quali) ebenfalls \u00fcber die gesamte Spielzeit mit.<\/p>\n","protected":false},"excerpt":{"rendered":"TTS-Player \u00fcberspringen\u21b5Artikel weiterlesen Wichtiger Schritt f\u00fcr Karim Coulibaly (18)! Werders Abwehr-Juwel trug beim 3:0 gegen Nordirland in der&hellip;\n","protected":false},"author":2,"featured_media":905742,"comment_status":"","ping_status":"","sticky":false,"template":"","format":"standard","meta":{"footnotes":"","_share_on_mastodon":"0"},"categories":[1824],"tags":[2420,126291,3364,29,481,538,30,542,45,22156,43734,43735,537],"class_list":["post-905741","post","type-post","status-publish","format-standard","has-post-thumbnail","category-bremen","tag-bremen","tag-coulibaly-karim","tag-de","tag-deutschland","tag-dfb","tag-erste-bundesliga","tag-germany","tag-sport-leuchtturm-hamburg","tag-texttospeech","tag-u21","tag-u21-nationalmannschaft-deutschland","tag-u21-em","tag-werder-bremen"],"share_on_mastodon":{"url":"https:\/\/pubeurope.com\/@de\/116312565703328198","error":""},"_links":{"self":[{"href":"https:\/\/www.europesays.com\/de\/wp-json\/wp\/v2\/posts\/905741","targetHints":{"allow":["GET"]}}],"collection":[{"href":"https:\/\/www.europesays.com\/de\/wp-json\/wp\/v2\/posts"}],"about":[{"href":"https:\/\/www.europesays.com\/de\/wp-json\/wp\/v2\/types\/post"}],"author":[{"embeddable":true,"href":"https:\/\/www.europesays.com\/de\/wp-json\/wp\/v2\/users\/2"}],"replies":[{"embeddable":true,"href":"https:\/\/www.europesays.com\/de\/wp-json\/wp\/v2\/comments?post=905741"}],"version-history":[{"count":0,"href":"https:\/\/www.europesays.com\/de\/wp-json\/wp\/v2\/posts\/905741\/revisions"}],"wp:featuredmedia":[{"embeddable":true,"href":"https:\/\/www.europesays.com\/de\/wp-json\/wp\/v2\/media\/905742"}],"wp:attachment":[{"href":"https:\/\/www.europesays.com\/de\/wp-json\/wp\/v2\/media?parent=905741"}],"wp:term":[{"taxonomy":"category","embeddable":true,"href":"https:\/\/www.europesays.com\/de\/wp-json\/wp\/v2\/categories?post=905741"},{"taxonomy":"post_tag","embeddable":true,"href":"https:\/\/www.europesays.com\/de\/wp-json\/wp\/v2\/tags?post=905741"}],"curies":[{"name":"wp","href":"https:\/\/api.w.org\/{rel}","templated":true}]}}