{"id":905809,"date":"2026-03-29T13:32:17","date_gmt":"2026-03-29T13:32:17","guid":{"rendered":"https:\/\/www.europesays.com\/de\/905809\/"},"modified":"2026-03-29T13:32:17","modified_gmt":"2026-03-29T13:32:17","slug":"nationalmannschaft-tendenz-geht-wieder-gegen-deniz-undav-sport","status":"publish","type":"post","link":"https:\/\/www.europesays.com\/de\/905809\/","title":{"rendered":"Nationalmannschaft: Tendenz geht wieder gegen Deniz Undav! | Sport"},"content":{"rendered":"<p><a class=\"skip-content skip-content--link\" href=\"#in-content-skip-link-target-v-0-0\">TTS-Player \u00fcberspringen\u21b5<\/a><a id=\"in-content-skip-link-target-v-0-0\" class=\"skip-content--target-link-hidden skip-content skip-content--target-link\" href=\"#in-content-skip-link-target-v-0-0\">Artikel weiterlesen<\/a><\/p>\n<p>Stuttgart &#8211; <b>Bekommt Deniz Undav (29) am Montag sein ganz pers\u00f6nliches Heimspiel? Beim 4:3-Sieg der <\/b><a href=\"https:\/\/www.bild.de\/sport\/fussball\/nationalmannschaft\/home-15770882.bild.html\" class=\"text-link\" rel=\"nofollow noopener\" target=\"_blank\"><b>deutschen Nationalmannschaft<\/b><\/a><b> gegen die Schweiz sa\u00df der St\u00fcrmer 90 Minuten lang auf der Bank. Und das, obwohl Undav mit 23 Toren und 13 Vorlagen der formst\u00e4rkste deutsche St\u00fcrmer in der laufenden Saison ist. Spielt der Torj\u00e4ger des VfB jetzt ausgerechnet in Stuttgart gegen Ghana?<\/b><\/p>\n<p>In Basel jedenfalls setzte Julian Nagelsmann (38) im Sturmzentrum lieber auf Kai Havertz (26), brachte in der 63. Minute dann Nick Woltemade (24) statt Undav. Nach der Partie erkl\u00e4rte der Bundestrainer: \u201eJetzt habe ich eben die Wahl, einem Topst\u00fcrmer, der gut drauf ist, noch weiter Selbstvertrauen zu geben, oder einen Topst\u00fcrmer, der gerade nicht ganz so gut drauf ist, fallen zu lassen.\u201c <\/p>\n<p>Woltemade hat die Nase vorn <\/p>\n<p>Was Nagelsmann meint: W\u00e4hrend Undav sich beim VfB Stuttgart seit Monaten in starker Verfassung pr\u00e4sentiert, lief es f\u00fcr Woltemade in Newcastle zuletzt eher durchwachsen. In den vergangenen 13 Premier-League-Spielen erzielte der Ex-Stuttgarter kein einziges Tor. Das Vertrauen des Bundestrainers hat er aber weiterhin. <\/p>\n<p><img decoding=\"async\" width=\"992\" height=\"558\" alt=\"Beim 4:3 in der Schweiz wechselte Nagelsmann Woltemade in der 63. Minute ein\" src=\"https:\/\/www.europesays.com\/de\/wp-content\/uploads\/2026\/03\/4c9cc36bb21ecd3b8048f58ef64ac51f,70ca5596.jpeg\"   class=\"landscape\" loading=\"lazy\"\/><\/p>\n<p class=\"fig__caption__text\">Beim 4:3 in der Schweiz wechselte Nagelsmann Woltemade in der 63. Minute ein <\/p>\n<p>Foto: ddp\/Sven Simon<\/p>\n<p>Wie BILD erfuhr, zeichnete sich in den \u00dcbungseinheiten der vergangenen Tage die Tendenz ab, dass Woltemade gegen Ghana starten k\u00f6nnte &#8211; und nicht Undav. Damit hat Woltemade die Nase aktuell vorn. Havertz, den in dieser Saison schon mehrere Verletzungen \u00fcber Monate au\u00dfer Gefecht setzten, k\u00f6nnte gegen Ghana eine Verschnaufpause bekommen. <\/p>\n<p>Deshalb gilt es als wahrscheinlich, dass Nagelsmann Undav in seinem Stuttgarter \u201eHeimspiel\u201c zumindest einwechseln wird. Hoffnung auf Spielzeit in der heimischen MHPArena machen sich auch Undavs Mannschaftskollegen Angelo Stiller (24), Chris F\u00fchrich (28) und Josha Vagnoman (25). Zumal der Bundestrainer aufgrund einer neuen Testspiel-Regel bei L\u00e4nderspielen bis zu elfmal wechseln darf. <\/p>\n<p>Mehr zum Thema<\/p>\n<p>Einer, der nach BILD-Informationen zum Einsatz kommen soll, ist Alexander N\u00fcbel (29). Der Keeper des VfB Stuttgart soll vor heimischem Publikum f\u00fcr Oliver Baumann (35) im Tor stehen. Sein bislang letztes L\u00e4nderspiel absolvierte N\u00fcbel im November 2024 beim 1:1 gegen Ungarn in Budapest. <\/p>\n","protected":false},"excerpt":{"rendered":"TTS-Player \u00fcberspringen\u21b5Artikel weiterlesen Stuttgart &#8211; Bekommt Deniz Undav (29) am Montag sein ganz pers\u00f6nliches Heimspiel? Beim 4:3-Sieg der&hellip;\n","protected":false},"author":2,"featured_media":905810,"comment_status":"","ping_status":"","sticky":false,"template":"","format":"standard","meta":{"footnotes":"","_share_on_mastodon":"0"},"categories":[5],"tags":[36390,1263,299,481,347,138263,13,13328,14,24705,15,22811,12,293,55680,1576,45,10,8,9,11,25168,198781,2915,11404,14709],"class_list":["post-905809","post","type-post","status-publish","format-standard","has-post-thumbnail","category-nachrichten","tag-ghana","tag-aufmacher-bereich","tag-bundesliga","tag-dfb","tag-fussball","tag-havertz-kai","tag-headlines","tag-laenderspiel","tag-nachrichten","tag-nagelsmann-julian","tag-news","tag-nuebel-alexander","tag-schlagzeilen","tag-schweiz","tag-stiller-angelo","tag-super-a-teaser","tag-texttospeech","tag-top-news","tag-top-meldungen","tag-topmeldungen","tag-topnews","tag-undav-deniz","tag-vagnoman-josha","tag-vfb-stuttgart","tag-wm","tag-woltemade-nick"],"share_on_mastodon":{"url":"https:\/\/pubeurope.com\/@de\/116312719339064018","error":""},"_links":{"self":[{"href":"https:\/\/www.europesays.com\/de\/wp-json\/wp\/v2\/posts\/905809","targetHints":{"allow":["GET"]}}],"collection":[{"href":"https:\/\/www.europesays.com\/de\/wp-json\/wp\/v2\/posts"}],"about":[{"href":"https:\/\/www.europesays.com\/de\/wp-json\/wp\/v2\/types\/post"}],"author":[{"embeddable":true,"href":"https:\/\/www.europesays.com\/de\/wp-json\/wp\/v2\/users\/2"}],"replies":[{"embeddable":true,"href":"https:\/\/www.europesays.com\/de\/wp-json\/wp\/v2\/comments?post=905809"}],"version-history":[{"count":0,"href":"https:\/\/www.europesays.com\/de\/wp-json\/wp\/v2\/posts\/905809\/revisions"}],"wp:featuredmedia":[{"embeddable":true,"href":"https:\/\/www.europesays.com\/de\/wp-json\/wp\/v2\/media\/905810"}],"wp:attachment":[{"href":"https:\/\/www.europesays.com\/de\/wp-json\/wp\/v2\/media?parent=905809"}],"wp:term":[{"taxonomy":"category","embeddable":true,"href":"https:\/\/www.europesays.com\/de\/wp-json\/wp\/v2\/categories?post=905809"},{"taxonomy":"post_tag","embeddable":true,"href":"https:\/\/www.europesays.com\/de\/wp-json\/wp\/v2\/tags?post=905809"}],"curies":[{"name":"wp","href":"https:\/\/api.w.org\/{rel}","templated":true}]}}