{"id":905828,"date":"2026-03-29T13:43:46","date_gmt":"2026-03-29T13:43:46","guid":{"rendered":"https:\/\/www.europesays.com\/de\/905828\/"},"modified":"2026-03-29T13:43:46","modified_gmt":"2026-03-29T13:43:46","slug":"durlach-im-zeichen-der-mode-die-erfolgsgeschichte-geht-weiter","status":"publish","type":"post","link":"https:\/\/www.europesays.com\/de\/905828\/","title":{"rendered":"Durlach im Zeichen der Mode \u2013 die Erfolgsgeschichte geht weiter"},"content":{"rendered":"<p class=\"news-img-caption\">\n\t\tAm 17. April findet \u201eDie Durlacher Nacht der Mode\u201c statt. Grafik: pm\n\t<\/p>\n<p>Ein Format, das auf gro\u00dfe Begeisterung und Resonanz st\u00f6\u00dft, geht in die dritte Runde: \u201eDie Durlacher Nacht der Mode\u201c. Am Freitag, 17. April 2026, ab 18 Uhr, verwandelt sich die Karlsburg erneut in eine B\u00fchne f\u00fcr Stil, Kreativit\u00e4t und Gemeinschaft.<\/p>\n<p>Initiiert von Ortsvorsteherin Alexandra Ries hat sich das Event als fester Bestandteil des Durlacher Veranstaltungskalenders etabliert. Auch 2026 vereint die Veranstaltung die lokale Modewelt und st\u00e4rkt den Zusammenhalt der Durlacher Unternehmerinnen und Unternehmer \u2013 weit \u00fcber Branchen- und Gesch\u00e4ftsgrenzen hinaus.<\/p>\n<p>Exklusive Modenschau mit lokalen Highlights<\/p>\n<p>Das Herzst\u00fcck des Abends bildet eine hochkar\u00e4tige Modenschau, bei der die neuesten Trends f\u00fcr Damen und Herren pr\u00e4sentiert werden: von Kleidung \u00fcber Brillen bis hin zu Taschen und Accessoires. Pers\u00f6nlichkeiten aus Durlach stehen selbst als Models auf dem Laufsteg und pr\u00e4sentieren die Vielfalt der teilnehmenden Gesch\u00e4fte. F\u00fcr das perfekte Styling sorgt erneut Friseursalon Diffilipp aus Durlach-Aue.<\/p>\n<p>Genuss, Shopping und After-Work-Party<\/p>\n<p>Neben Mode erwartet die Besucherinnen und Besucher ein stimmiges Gesamtpaket:<\/p>\n<ul>\n<li>Kulinarische Highlights und Getr\u00e4nke durch das Hotel \u201eDer Blaue Reiter\u201c und die Curtain-Bar<\/li>\n<li>10 % Rabatt bei teilnehmenden Gesch\u00e4ften<\/li>\n<li>Eine stimmungsvolle After-Work-Party mit DJ, die den Abend perfekt abrundet.<\/li>\n<\/ul>\n<p>Mode trifft Engagement \u2013 Eintritt f\u00fcr den guten Zweck<\/p>\n<p>Die Veranstaltung verbindet Genuss mit sozialem Engagement.\u00a0Der Erl\u00f6s des Abends kommt erneut dem Verein Durlacher Selbst e.V. zugute.<\/p>\n","protected":false},"excerpt":{"rendered":"Am 17. April findet \u201eDie Durlacher Nacht der Mode\u201c statt. Grafik: pm Ein Format, das auf gro\u00dfe Begeisterung&hellip;\n","protected":false},"author":2,"featured_media":905829,"comment_status":"","ping_status":"","sticky":false,"template":"","format":"standard","meta":{"footnotes":"","_share_on_mastodon":"0"},"categories":[1844],"tags":[1634,3364,29,198785,197798,30,16510,8903],"class_list":["post-905828","post","type-post","status-publish","format-standard","has-post-thumbnail","category-karlsruhe","tag-baden-wuerttemberg","tag-de","tag-deutschland","tag-durlacher-nacht-der-mode","tag-durlacher-selbst-e-v","tag-germany","tag-karlsburg","tag-karlsruhe"],"share_on_mastodon":{"url":"https:\/\/pubeurope.com\/@de\/116312762369950121","error":""},"_links":{"self":[{"href":"https:\/\/www.europesays.com\/de\/wp-json\/wp\/v2\/posts\/905828","targetHints":{"allow":["GET"]}}],"collection":[{"href":"https:\/\/www.europesays.com\/de\/wp-json\/wp\/v2\/posts"}],"about":[{"href":"https:\/\/www.europesays.com\/de\/wp-json\/wp\/v2\/types\/post"}],"author":[{"embeddable":true,"href":"https:\/\/www.europesays.com\/de\/wp-json\/wp\/v2\/users\/2"}],"replies":[{"embeddable":true,"href":"https:\/\/www.europesays.com\/de\/wp-json\/wp\/v2\/comments?post=905828"}],"version-history":[{"count":0,"href":"https:\/\/www.europesays.com\/de\/wp-json\/wp\/v2\/posts\/905828\/revisions"}],"wp:featuredmedia":[{"embeddable":true,"href":"https:\/\/www.europesays.com\/de\/wp-json\/wp\/v2\/media\/905829"}],"wp:attachment":[{"href":"https:\/\/www.europesays.com\/de\/wp-json\/wp\/v2\/media?parent=905828"}],"wp:term":[{"taxonomy":"category","embeddable":true,"href":"https:\/\/www.europesays.com\/de\/wp-json\/wp\/v2\/categories?post=905828"},{"taxonomy":"post_tag","embeddable":true,"href":"https:\/\/www.europesays.com\/de\/wp-json\/wp\/v2\/tags?post=905828"}],"curies":[{"name":"wp","href":"https:\/\/api.w.org\/{rel}","templated":true}]}}