{"id":906050,"date":"2026-03-29T15:51:27","date_gmt":"2026-03-29T15:51:27","guid":{"rendered":"https:\/\/www.europesays.com\/de\/906050\/"},"modified":"2026-03-29T15:51:27","modified_gmt":"2026-03-29T15:51:27","slug":"palantir-kauf-erklaert-polizeipraesident-berger-begruendet-entscheidung","status":"publish","type":"post","link":"https:\/\/www.europesays.com\/de\/906050\/","title":{"rendered":"Palantir-Kauf erkl\u00e4rt: Polizeipr\u00e4sident Berger begr\u00fcndet Entscheidung"},"content":{"rendered":"<p class=\"mb-6 text-xs md:text-m lg:text-l font-serif group-[.font-sans]:font-sans \">\n    <strong class=\"font-bold\">Herr Berger, Sie haben im vergangenen M\u00e4rz den Vertrag Baden-W\u00fcrttembergs mit Palantir unterschrieben und damit f\u00fcr Auseinandersetzungen in der Regierung gesorgt, weil die Gr\u00fcnen selbst mit ihrer Entscheidung f\u00fcr die US-Polizeisoftware rangen und das eigentlich ben\u00f6tigte Gesetz noch nicht beschlossen war. Warum haben Sie damals einfach unterschrieben?<\/strong><\/p>\n<p class=\"mb-6 text-xs md:text-m lg:text-l font-serif group-[.font-sans]:font-sans \">\n    <strong class=\"font-bold font-sans\">THOMAS BERGER:<\/strong> Weil es notwendig war und die Beschlusslage auch klar war.\u00a0Das Kabinett hatte ein Sicherheitspaket beschlossen und damit den Weg bereitet\u00a0und auch der Gesetzgeber hatte die Haushaltsmittel daf\u00fcr bereits eingestellt. Hinzu kam: Die g\u00fcnstigen Konditionen aus dem bayerischen Rahmenvertrag galten nicht endlos, sie endeten\u00a0am 31. M\u00e4rz. Danach h\u00e4tten sich die Kosten f\u00fcr die Beschaffung verdoppelt \u2013 von 25 auf 50 Millionen Euro. Deshalb habe ich Verantwortung \u00fcbernommen und unterschrieben. Das mache ich als Polizeipr\u00e4sident \u00fcbrigens ziemlich oft und ist auch nicht ungew\u00f6hnlich.\u00a0\n  <\/p>\n<p class=\"mb-6 text-xs md:text-m lg:text-l font-serif group-[.font-sans]:font-sans \">\n    <strong class=\"font-bold\">Nun bereitet die Landespolizei die Inbetriebnahme Palantirs bereits vor. Wann soll der Einsatz beginnen?<\/strong><\/p>\n<p class=\"mb-6 text-xs md:text-m lg:text-l font-serif group-[.font-sans]:font-sans \">\n    <strong class=\"font-bold font-sans\">BERGER:<\/strong> Wir arbeiten auf Hochtouren daran, die Software so schnell als m\u00f6glich auch zum Einsatz zu bringen.\n  <\/p>\n<ul data-module-id=\"DragDropModule\" class=\"flex flex-wrap justify-start group-[.no-bookmarks]:hidden\">\n<li class=\"mb-3 mr-3\">\n    Jann-Luca K\u00fcn\u00dfberg<\/p>\n<p>      Icon Haken im Kreis gesetzt<\/p>\n<p>      Icon Plus im Kreis<\/p>\n<\/li>\n<li class=\"mb-3 mr-3\">\n    Polizei<\/p>\n<p>      Icon Haken im Kreis gesetzt<\/p>\n<p>      Icon Plus im Kreis<\/p>\n<\/li>\n<li class=\"mb-3 mr-3\">\n    Thomas Berger<\/p>\n<p>      Icon Haken im Kreis gesetzt<\/p>\n<p>      Icon Plus im Kreis<\/p>\n<\/li>\n<\/ul>\n","protected":false},"excerpt":{"rendered":"Herr Berger, Sie haben im vergangenen M\u00e4rz den Vertrag Baden-W\u00fcrttembergs mit Palantir unterschrieben und damit f\u00fcr Auseinandersetzungen in&hellip;\n","protected":false},"author":2,"featured_media":906051,"comment_status":"","ping_status":"","sticky":false,"template":"","format":"standard","meta":{"footnotes":"","_share_on_mastodon":"0"},"categories":[1830],"tags":[976,1634,3364,29,30,7539,2776,121,198836,4585,184,1441,5251,198835],"class_list":["post-906050","post","type-post","status-publish","format-standard","has-post-thumbnail","category-stuttgart","tag-albstadt","tag-baden-wuerttemberg","tag-de","tag-deutschland","tag-germany","tag-innenministerium","tag-logistik","tag-polizei","tag-reinhold-gall","tag-software","tag-spd","tag-stuttgart","tag-stuttgart-bad-cannstatt","tag-thomas-berger"],"share_on_mastodon":{"url":"https:\/\/pubeurope.com\/@de\/116313265741079410","error":""},"_links":{"self":[{"href":"https:\/\/www.europesays.com\/de\/wp-json\/wp\/v2\/posts\/906050","targetHints":{"allow":["GET"]}}],"collection":[{"href":"https:\/\/www.europesays.com\/de\/wp-json\/wp\/v2\/posts"}],"about":[{"href":"https:\/\/www.europesays.com\/de\/wp-json\/wp\/v2\/types\/post"}],"author":[{"embeddable":true,"href":"https:\/\/www.europesays.com\/de\/wp-json\/wp\/v2\/users\/2"}],"replies":[{"embeddable":true,"href":"https:\/\/www.europesays.com\/de\/wp-json\/wp\/v2\/comments?post=906050"}],"version-history":[{"count":0,"href":"https:\/\/www.europesays.com\/de\/wp-json\/wp\/v2\/posts\/906050\/revisions"}],"wp:featuredmedia":[{"embeddable":true,"href":"https:\/\/www.europesays.com\/de\/wp-json\/wp\/v2\/media\/906051"}],"wp:attachment":[{"href":"https:\/\/www.europesays.com\/de\/wp-json\/wp\/v2\/media?parent=906050"}],"wp:term":[{"taxonomy":"category","embeddable":true,"href":"https:\/\/www.europesays.com\/de\/wp-json\/wp\/v2\/categories?post=906050"},{"taxonomy":"post_tag","embeddable":true,"href":"https:\/\/www.europesays.com\/de\/wp-json\/wp\/v2\/tags?post=906050"}],"curies":[{"name":"wp","href":"https:\/\/api.w.org\/{rel}","templated":true}]}}