{"id":906144,"date":"2026-03-29T16:47:23","date_gmt":"2026-03-29T16:47:23","guid":{"rendered":"https:\/\/www.europesays.com\/de\/906144\/"},"modified":"2026-03-29T16:47:23","modified_gmt":"2026-03-29T16:47:23","slug":"bedrohter-wein-in-frankreich-buesser-an-palmensonntag-und-buerostuhlrennen-im-kreis","status":"publish","type":"post","link":"https:\/\/www.europesays.com\/de\/906144\/","title":{"rendered":"Bedrohter Wein in Frankreich, B\u00fc\u00dfer an Palmensonntag und B\u00fcrostuhlrennen im Kreis"},"content":{"rendered":"<p><img decoding=\"async\" src=\"https:\/\/www.europesays.com\/de\/wp-content\/uploads\/2026\/03\/topshot-palestinian-israel-conflict-gaza-religion-christianity-p.jpeg\"   alt=\"TOPSHOT - An altar server stands with a crucifix adorned with olive branches during the Palm Sunday service at the Roman Catholic Church of the Holy Family in Gaza City on March 29, 2026. (Photo by Omar AL-QATTAA \/ AFP)\" aria-labelledby=\"caption-15412291\" width=\"440\" height=\"330\" loading=\"lazy\" class=\"tspBKk6\"\/> Ein Ministrant steht mit einem mit Olivenzweigen geschm\u00fcckten Kruzifix w\u00e4hrend des Palmsonntagsgottesdienstes in der r\u00f6misch-katholischen Kirche der Heiligen Familie in Gaza-Stadt. <\/p>\n<p class=\"tspABfl\"> \u00a9 AFP\/OMAR AL-QATTAA <\/p>\n<p><img decoding=\"async\" src=\"https:\/\/www.europesays.com\/de\/wp-content\/uploads\/2026\/03\/topshot-japan-sport-office-chair.jpeg\"   alt=\"TOPSHOT - A child (front) plays in the sandbox as racers riding on office chairs compete in the ISU-1 Grand Prix in Kyotanabe, Kyoto prefecture on March 29, 2026. The ISU-1 Grand Prix is an endurance race supervised by the Japan Office Chair Racing Association (JORA), in which participants compete to see how many laps they can complete on office chairs over two hours. The event originated in 2010 in the Kirara shopping district of Kyotanabe, Kyoto Prefecture, and is now held at more than 20 locations across Japan. (Photo by Yuichi YAMAZAKI \/ AFP)\" aria-labelledby=\"caption-15412293\" width=\"440\" height=\"330\" loading=\"lazy\" class=\"tspBKk6\"\/> Ein Kind spielt im Sandkasten, w\u00e4hrend Rennfahrer auf B\u00fcrost\u00fchlen beim ISU-1 Grand Prix in der Pr\u00e4fektur Kyoto gegeneinander antreten. Dabei handelt es sich um ein Langstreckenrennen, das vom Japanischen B\u00fcrostuhl-Rennverband (JORA) organisiert wird. Die Teilnehmer wetteifern darum, innerhalb von zwei Stunden so viele Runden wie m\u00f6glich auf B\u00fcrost\u00fchlen zu absolvieren.  <\/p>\n<p class=\"tspABfl\"> \u00a9 AFP\/YUICHI YAMAZAKI <\/p>\n<p><img decoding=\"async\" src=\"https:\/\/www.europesays.com\/de\/wp-content\/uploads\/2026\/03\/france-agriculture-weather-vineyard.jpeg\"   alt=\"Water is sprayed in the Chablis vineyard near Chablis, on March 27, 2026 as temperatures fall below zero degrees celsius during the night. The technique of sprinkling vine rows with low-flow water has proven effective, allowing the bud to be covered with a pocket of ice that protects it. (Photo by ARNAUD FINISTRE \/ AFP)\" aria-labelledby=\"caption-15412319\" width=\"440\" height=\"330\" loading=\"lazy\" class=\"tspBKk6\"\/> An einem Weinberg nahe Chablis wird Wasser verspr\u00fcht, nachdem Frost f\u00fcr die Nacht angek\u00fcndigt wurde. Die Technik, die Rebzeilen mit Wasser zu bespr\u00fchen, hat sich als wirksam erwiesen. Die Knospen werden so von einer Eisschicht umh\u00fcllt und gesch\u00fctzt. <\/p>\n<p class=\"tspABfl\"> \u00a9 AFP\/ARNAUD FINISTRE <\/p>\n<p><img decoding=\"async\" src=\"https:\/\/www.europesays.com\/de\/wp-content\/uploads\/2026\/03\/topshot-macau-china-lifestyle.jpeg\"   alt=\"TOPSHOT - Chinese performer dances during the Macau International Parade in Macau on March 29, 2026. (Photo by Eduardo Leal \/ AFP)\" aria-labelledby=\"caption-15412322\" width=\"440\" height=\"330\" loading=\"lazy\" class=\"tspBKk6\"\/> Eine chinesische K\u00fcnstlerin tanzt bei der Internationalen Parade in Macau, einer 50 Kilometer westlich von Hongkong gelegenen Sonderverwaltungsregion der Volksrepublik China. <\/p>\n<p class=\"tspABfl\"> \u00a9 AFP\/EDUARDO LEAL <\/p>\n<p><img decoding=\"async\" src=\"https:\/\/www.europesays.com\/de\/wp-content\/uploads\/2026\/03\/spanien-karwoche-palmsonntag.jpeg\"   alt=\"29.03.2026, Spanien, Cabra: B\u00fc\u00dfer der Bruderschaft &quot;Pollinita&quot; nehmen an einer Prozession am Palmsonntag als Teil der Karwoche in Cabra, S\u00fcdspanien, teil. Foto: Manu Fernandez\/AP\/dpa +++ dpa-Bildfunk +++\" aria-labelledby=\"caption-15412324\" width=\"440\" height=\"330\" loading=\"lazy\" class=\"tspBKk6\"\/> B\u00fc\u00dfer der Bruderschaft \u201ePollinita\u201c nehmen an einer Prozession am Palmsonntag als Teil der Karwoche in Cabra, S\u00fcdspanien, teil. <\/p>\n<p class=\"tspABfl\"> \u00a9 dpa\/Manu Fernandez <\/p>\n<p><img decoding=\"async\" src=\"https:\/\/www.europesays.com\/de\/wp-content\/uploads\/2026\/03\/dogs-parade-dressed-up-for-a-contest-in-la-paz.jpeg\"   alt=\"A police officer holds their dog while participating in a contest organized by Bolivia's police to promote responsible pet care, in La Paz, Bolivia, March 28, 2026. REUTERS\/Claudia Morales\" aria-labelledby=\"caption-15412428\" width=\"440\" height=\"330\" loading=\"lazy\" class=\"tspBKk6\"\/> Ein Polizist h\u00e4lt seinen Hund in einem Helm, w\u00e4hrend er an einem von der bolivianischen Polizei organisierten Wettbewerb zur F\u00f6rderung verantwortungsvoller Haustierhaltung teilnimmt. <\/p>\n<p class=\"tspABfl\"> \u00a9 REUTERS\/Claudia Morales <\/p>\n<p><img decoding=\"async\" src=\"https:\/\/www.europesays.com\/de\/wp-content\/uploads\/2026\/03\/uci-worldtour-brugge.jpeg\"   alt=\"dpatopbilder - 25.03.2026, Belgien, Br\u00fcgge: Radsport: UCI WorldTour, (202,90 km), M\u00e4nner.  Das Peloton in Aktion bei der \u00abRonde van Brugge\u00bb Foto: Maarten Straetemans\/Belga\/dpa +++ dpa-Bildfunk +++\" aria-labelledby=\"caption-15412329\" width=\"440\" height=\"330\" loading=\"lazy\" class=\"tspBKk6\"\/> Das Peloton in Aktion beim Eintagesrennen \u201eRonde van Brugge\u201c \u00fcber knapp 203 Kilometer in Belgien. <\/p>\n<p class=\"tspABfl\"> \u00a9 dpa\/Maarten Straetemans <\/p>\n<p><img decoding=\"async\" src=\"https:\/\/www.europesays.com\/de\/wp-content\/uploads\/2026\/03\/topshot-lebanon-israel-iran-us-war.jpeg\"   alt=\"TOPSHOT - A couple sits at Beirut\u2019s seafront area on March 22, 2026. The Israeli military said it launched a wave of strikes on Beirut targeting the Iran-backed militant group Hezbollah, after urging residents of several areas to evacuate. Lebanon was pulled into the Middle East war when Hezbollah began firing rockets into Israel on March 2, to avenge the killing of Iran's supreme leader in US-Israeli strikes on February 28. Lebanon's health ministry says the latest war has killed more than 1,000 people in Lebanon and displaced more than one million more. (Photo by Dimitar DILKOFF \/ AFP)\" aria-labelledby=\"caption-15412327\" width=\"440\" height=\"330\" loading=\"lazy\" class=\"tspBKk6\"\/> Ein Paar sitzt an der Uferpromenade von Beirut, Libanon. Das israelische Milit\u00e4r gab bekannt, eine Angriffswelle auf Beirut gestartet zu haben, die sich gegen die vom Iran unterst\u00fctzte Hisbollah richte. <\/p>\n<p class=\"tspABfl\"> \u00a9 AFP\/Dimitar Dilkoff <\/p>\n<p><img decoding=\"async\" src=\"https:\/\/www.europesays.com\/de\/wp-content\/uploads\/2026\/03\/aftermath-of-a-russian-drone-strike-in-lviv.jpeg\"   alt=\"Boys on bicycles stand at the site of an apartment building hit by a Russian drone strike, amid Russia's attack on Ukraine, in central Lviv, Ukraine, March 24, 2026. REUTERS\/Anastasiia Smolienko     TPX IMAGES OF THE DAY     \" aria-labelledby=\"caption-15412331\" width=\"440\" height=\"330\" loading=\"lazy\" class=\"tspBKk6\"\/> Jungen auf Fahrr\u00e4dern vor einem Wohnhaus im Zentrum von Lwiw, Ukraine, das von einem russischen Drohnenangriff getroffen wurde.  <\/p>\n<p class=\"tspABfl\"> \u00a9 REUTERS\/Anastasiia Smolienko <\/p>\n<p><img decoding=\"async\" src=\"https:\/\/www.europesays.com\/de\/wp-content\/uploads\/2026\/03\/no-kings-protest-in-new-york.jpeg\"   alt=\"A dressed-up demonstrator, with the words &quot;Uncle Scam&quot; on their costume, on the day of &quot;No Kings&quot; protest against U.S. President Donald Trump's administration policies, in New York City, New York, U.S., March 28, 2026. REUTERS\/Jeenah Moon     TPX IMAGES OF THE DAY     \" aria-labelledby=\"caption-15412468\" width=\"440\" height=\"330\" loading=\"lazy\" class=\"tspBKk6\"\/> Eine verkleidete Demonstrantin mit der Aufschrift \u201eOnkel Betrug\u201c auf ihrem Kost\u00fcm am Tag der \u201eNo Kings\u201c-Proteste gegen die Politik der Regierung von US-Pr\u00e4sident Donald Trump in New York City. <\/p>\n<p class=\"tspABfl\"> \u00a9 REUTERS\/JEENAH MOON <\/p>\n","protected":false},"excerpt":{"rendered":"Ein Ministrant steht mit einem mit Olivenzweigen geschm\u00fcckten Kruzifix w\u00e4hrend des Palmsonntagsgottesdienstes in der r\u00f6misch-katholischen Kirche der Heiligen&hellip;\n","protected":false},"author":2,"featured_media":906145,"comment_status":"","ping_status":"","sticky":false,"template":"","format":"standard","meta":{"footnotes":"","_share_on_mastodon":"0"},"categories":[3974],"tags":[331,332,548,663,3934,3980,156,13,14,15,12,17158],"class_list":["post-906144","post","type-post","status-publish","format-standard","has-post-thumbnail","category-frankreich","tag-aktuelle-nachrichten","tag-aktuelle-news","tag-eu","tag-europa","tag-europe","tag-france","tag-frankreich","tag-headlines","tag-nachrichten","tag-news","tag-schlagzeilen","tag-visual-department"],"share_on_mastodon":{"url":"https:\/\/pubeurope.com\/@de\/116313486611219588","error":""},"_links":{"self":[{"href":"https:\/\/www.europesays.com\/de\/wp-json\/wp\/v2\/posts\/906144","targetHints":{"allow":["GET"]}}],"collection":[{"href":"https:\/\/www.europesays.com\/de\/wp-json\/wp\/v2\/posts"}],"about":[{"href":"https:\/\/www.europesays.com\/de\/wp-json\/wp\/v2\/types\/post"}],"author":[{"embeddable":true,"href":"https:\/\/www.europesays.com\/de\/wp-json\/wp\/v2\/users\/2"}],"replies":[{"embeddable":true,"href":"https:\/\/www.europesays.com\/de\/wp-json\/wp\/v2\/comments?post=906144"}],"version-history":[{"count":0,"href":"https:\/\/www.europesays.com\/de\/wp-json\/wp\/v2\/posts\/906144\/revisions"}],"wp:featuredmedia":[{"embeddable":true,"href":"https:\/\/www.europesays.com\/de\/wp-json\/wp\/v2\/media\/906145"}],"wp:attachment":[{"href":"https:\/\/www.europesays.com\/de\/wp-json\/wp\/v2\/media?parent=906144"}],"wp:term":[{"taxonomy":"category","embeddable":true,"href":"https:\/\/www.europesays.com\/de\/wp-json\/wp\/v2\/categories?post=906144"},{"taxonomy":"post_tag","embeddable":true,"href":"https:\/\/www.europesays.com\/de\/wp-json\/wp\/v2\/tags?post=906144"}],"curies":[{"name":"wp","href":"https:\/\/api.w.org\/{rel}","templated":true}]}}