{"id":906334,"date":"2026-03-29T18:39:12","date_gmt":"2026-03-29T18:39:12","guid":{"rendered":"https:\/\/www.europesays.com\/de\/906334\/"},"modified":"2026-03-29T18:39:12","modified_gmt":"2026-03-29T18:39:12","slug":"rubin-show-starker-auftritt-des-tvb-stuttgart-aber-nur-ein-punkt-gegen-lemgo-tvb-stuttgart-news-aus-der-handball-bundesliga","status":"publish","type":"post","link":"https:\/\/www.europesays.com\/de\/906334\/","title":{"rendered":"Rubin-Show, starker Auftritt des TVB Stuttgart \u2013 aber nur ein Punkt gegen Lemgo &#8211; TVB Stuttgart: News aus der Handball-Bundesliga"},"content":{"rendered":"<p><strong>Stuttgart. <\/strong> Wenn der Zw\u00f6lfte der 1. Handball-Bundesliga gegen den Sechsten einen Punkt holt, dann m\u00fcsste er damit gut leben k\u00f6nnen. Der TVB Stuttgart indes muss sich nach dem 32:32 (16:14) gegen den TBV Lemgo Lippe in den Hintern bei\u00dfen: Vor 6212 Zuschauern in der zum zweiten Mal in Folge ausverkauften Porsche-Arena f\u00fchrte das Team von Trainer Misha Kaufmann am Sonntagabend nach einer starken Vorstellung drei Minuten vor dem Ende mit 32:29. Gro\u00dfen Anteil daran hatte der<\/p>\n","protected":false},"excerpt":{"rendered":"Stuttgart. Wenn der Zw\u00f6lfte der 1. Handball-Bundesliga gegen den Sechsten einen Punkt holt, dann m\u00fcsste er damit gut&hellip;\n","protected":false},"author":2,"featured_media":906335,"comment_status":"","ping_status":"","sticky":false,"template":"","format":"standard","meta":{"footnotes":"","_share_on_mastodon":"0"},"categories":[1830],"tags":[4808,1634,3364,29,30,1391,51891,120540,74607,1441,7401],"class_list":["post-906334","post","type-post","status-publish","format-standard","has-post-thumbnail","category-stuttgart","tag-1-bundesliga","tag-baden-wuerttemberg","tag-de","tag-deutschland","tag-germany","tag-handball","tag-misha-kaufmann","tag-rems-murr-handball","tag-rems-murr-sport","tag-stuttgart","tag-tvb-stuttgart"],"share_on_mastodon":{"url":"https:\/\/pubeurope.com\/@de\/116313926274570038","error":""},"_links":{"self":[{"href":"https:\/\/www.europesays.com\/de\/wp-json\/wp\/v2\/posts\/906334","targetHints":{"allow":["GET"]}}],"collection":[{"href":"https:\/\/www.europesays.com\/de\/wp-json\/wp\/v2\/posts"}],"about":[{"href":"https:\/\/www.europesays.com\/de\/wp-json\/wp\/v2\/types\/post"}],"author":[{"embeddable":true,"href":"https:\/\/www.europesays.com\/de\/wp-json\/wp\/v2\/users\/2"}],"replies":[{"embeddable":true,"href":"https:\/\/www.europesays.com\/de\/wp-json\/wp\/v2\/comments?post=906334"}],"version-history":[{"count":0,"href":"https:\/\/www.europesays.com\/de\/wp-json\/wp\/v2\/posts\/906334\/revisions"}],"wp:featuredmedia":[{"embeddable":true,"href":"https:\/\/www.europesays.com\/de\/wp-json\/wp\/v2\/media\/906335"}],"wp:attachment":[{"href":"https:\/\/www.europesays.com\/de\/wp-json\/wp\/v2\/media?parent=906334"}],"wp:term":[{"taxonomy":"category","embeddable":true,"href":"https:\/\/www.europesays.com\/de\/wp-json\/wp\/v2\/categories?post=906334"},{"taxonomy":"post_tag","embeddable":true,"href":"https:\/\/www.europesays.com\/de\/wp-json\/wp\/v2\/tags?post=906334"}],"curies":[{"name":"wp","href":"https:\/\/api.w.org\/{rel}","templated":true}]}}