{"id":907398,"date":"2026-03-30T05:52:18","date_gmt":"2026-03-30T05:52:18","guid":{"rendered":"https:\/\/www.europesays.com\/de\/907398\/"},"modified":"2026-03-30T05:52:18","modified_gmt":"2026-03-30T05:52:18","slug":"ukraine-krieg-selenskyj-kritisiert-heimische-ruestungsindustrie","status":"publish","type":"post","link":"https:\/\/www.europesays.com\/de\/907398\/","title":{"rendered":"Ukraine-Krieg: Selenskyj kritisiert heimische R\u00fcstungsindustrie"},"content":{"rendered":"<p>Newsblog zum Krieg in der Ukraine <\/p>\n<p>&#8222;Sie werden verlieren&#8220;: Selenskyj kritisiert heimische Waffenfirmen<\/p>\n<p>30.03.2026 &#8211; 07:46 UhrLesedauer: 3 Min.<\/p>\n<p><a href=\"#focus-0\" class=\"transition-colors duration-200 block text-current relative\" data-sctrack=\"FocusGalleryImage.Reference\"><img fetchpriority=\"high\" data-testid=\"Opener.Image\" style=\"--lqipURL:url('https:\/\/images.t-online.de\/2026\/03\/TjRQd9h4l0zT\/0x209:4000x2250\/fit-in\/150x0\/filters:blur(25)\/wolodymyr-selenskyj-zu-besuch-im-elysee-palast-bei-praesident-macron.jpg')\"   loading=\"eager\" src=\"https:\/\/www.europesays.com\/de\/wp-content\/uploads\/2026\/03\/1774849937_669_wolodymyr-selenskyj-zu-besuch-im-elysee-palast-bei-praesident-macron.jpg\" alt=\"Wolodymyr Selenskyj zu Besuch im Elys\u00e9e-Palast bei Pr\u00e4sident Macron.\" title=\"Wolodymyr Selenskyj zu Besuch im Elys\u00e9e-Palast bei Pr\u00e4sident Macron.\" width=\"4000\" height=\"2250\" class=\"bg-[url:var(--lqipURL)] bg-cover bg-center flex h-full w-full max-w-full\" decoding=\"async\"\/><img style=\"--width:32;--height:32\" loading=\"lazy\" src=\"https:\/\/www.t-online.de\/s\/paper\/_next\/static\/media\/zoom-in.f7dae02f.svg\" alt=\"Vergr\u00f6\u00dfern des Bildes\" title=\"Vergr\u00f6\u00dfern des Bildes\" class=\"block h-[calc(var(--height)_\/_16_*_1rem)] w-[calc(var(--width)_\/_16_*_1rem)] max-w-none absolute bottom-8 right-8 rounded-4 bg-snow p-8\" decoding=\"async\"\/><\/a><\/p>\n<p>Wolodymyr Selenskyj (Archivbild): &#8222;Um ehrlich zu sein, kenne ich etwa zehn Anlagen, die weltweit hinter dem R\u00fccken des Staates gebaut wurden.&#8220; (Quelle: IMAGO\/Le Parisien \/ Arnaud Journois\/imago)<\/p>\n<p class=\"font-bold text-18 leading-17 user-text-lg:text-22 user-text-xl:text-24\">Selenskyj zeigt sich entt\u00e4uscht von ukrainischen R\u00fcstungsherstellern. Eine russische Drohne trifft laut Kiew einen Kinderspielplatz. Alle Entwicklungen im Newsblog.<\/p>\n<p class=\"text-18 leading-17 user-text-lg:text-22 user-text-xl:text-24\">Der ukrainische Pr\u00e4sident <a class=\"transition-colors duration-200 cursor-pointer text-inherit no-underline text-salemsfur md:hover:text-magenta md:hover:border-magenta md:focus:text-magenta border-current border-b border-solid break-words\" data-tracking=\"{&quot;action&quot;:&quot;click&quot;,&quot;category&quot;:&quot;intextLink&quot;,&quot;label&quot;:&quot;\/themen\/wolodymyr-selenskyj\/&quot;}\" href=\"https:\/\/www.t-online.de\/themen\/wolodymyr-selenskyj\/\" data-sctrack=\"BodyAnchor\" rel=\"nofollow noopener\" target=\"_blank\">Wolodymyr Selenskyj<\/a> hat sich offenbar kritisch zu ukrainischen Herstellern von Abfangraketen ge\u00e4u\u00dfert. In einer Videokonferenz mit Journalisten habe er am Samstag gesagt, ihm seien etwa zehn Produktionsanlagen f\u00fcr Abfangraketen bekannt, die die Firmen in verschiedenen Teilen der Welt ohne Wissen des Staates errichten w\u00fcrden. Das berichtet die Nachrichtenagentur Interfax-Ukraine.<\/p>\n<p class=\"text-18 leading-17 user-text-lg:text-22 user-text-xl:text-24\">Genauer habe Selenskyj gesagt: &#8222;Um ehrlich zu sein, kenne ich etwa zehn Anlagen, die weltweit hinter dem R\u00fccken des Staates gebaut wurden, angeblich damit \u2013 Gott bewahre \u2013 nichts verloren ginge. Ich glaube, sie werden verlieren.&#8220; Der ukrainische Pr\u00e4sident meint damit wohl insbesondere finanzielle Verluste. Derzeit ist Selenskyj mit mehreren Golfstaaten zwecks potenzieller Sicherheitspartnerschaften im Gespr\u00e4ch.<\/p>\n<p class=\"text-18 leading-17 user-text-lg:text-22 user-text-xl:text-24\">Bei einem russischen Luftangriff auf die Stadt Kramatorsk im Osten der <a class=\"transition-colors duration-200 cursor-pointer text-inherit no-underline text-salemsfur md:hover:text-magenta md:hover:border-magenta md:focus:text-magenta border-current border-b border-solid break-words\" data-tracking=\"{&quot;action&quot;:&quot;click&quot;,&quot;category&quot;:&quot;intextLink&quot;,&quot;label&quot;:&quot;\/themen\/ukraine\/&quot;}\" href=\"https:\/\/www.t-online.de\/themen\/ukraine\/\" data-sctrack=\"BodyAnchor\" rel=\"nofollow noopener\" target=\"_blank\">Ukraine<\/a> sind nach offiziellen Angaben drei Menschen ums Leben gekommen. Unter den Toten war ein 13-j\u00e4hriger Junge, teilte der regionale Milit\u00e4rverwalter Wadim Filaschkin auf Telegram mit. Weitere sieben Bewohner im Alter zwischen 20 und 85 Jahren seien verletzt worden. Durch die Explosion der Fliegerbombe seien mehrere Wohngeb\u00e4ude besch\u00e4digt worden.<\/p>\n<p class=\"text-18 leading-17 user-text-lg:text-22 user-text-xl:text-24\">M\u00f6glicherweise gebe es unter den Tr\u00fcmmern weitere Opfer. &#8222;Alle zust\u00e4ndigen Rettungskr\u00e4fte sind vor Ort im Einsatz&#8220;, schrieb Filaschkin.<\/p>\n<p class=\"text-18 leading-17 user-text-lg:text-22 user-text-xl:text-24\">Nach einem Bericht der Agentur Unian wurden bei einem russischen Drohnenangriff auf einen Kinderspielplatz in der Region Mykolajiw im S\u00fcden der Ukraine zehn Menschen verletzt, unter ihnen acht Kinder. Ein 13-j\u00e4hriges M\u00e4dchen sei wenig sp\u00e4ter im Krankenhaus an ihren schweren Verletzungen gestorben, teilten die Ermittlungsbeh\u00f6rden mit.<\/p>\n<p class=\"text-18 leading-17 user-text-lg:text-22 user-text-xl:text-24\"><a class=\"transition-colors duration-200 cursor-pointer text-inherit no-underline text-salemsfur md:hover:text-magenta md:hover:border-magenta md:focus:text-magenta border-current border-b border-solid break-words\" data-tracking=\"{&quot;action&quot;:&quot;click&quot;,&quot;category&quot;:&quot;intextLink&quot;,&quot;label&quot;:&quot;\/themen\/russland\/&quot;}\" href=\"https:\/\/www.t-online.de\/themen\/russland\/\" data-sctrack=\"BodyAnchor\" rel=\"nofollow noopener\" target=\"_blank\">Russland<\/a> hat die USA zu Druck auf die Ukraine aufgerufen, sich auf Moskaus Bedingungen f\u00fcr ein Kriegsende einzulassen. Die Amerikaner h\u00e4tten die Hebel, tats\u00e4chlich Druck und Einfluss auf Kiew auszu\u00fcben, sagte der au\u00dfenpolitische Berater von Kremlchef <a class=\"transition-colors duration-200 cursor-pointer text-inherit no-underline text-salemsfur md:hover:text-magenta md:hover:border-magenta md:focus:text-magenta border-current border-b border-solid break-words\" data-tracking=\"{&quot;action&quot;:&quot;click&quot;,&quot;category&quot;:&quot;intextLink&quot;,&quot;label&quot;:&quot;\/themen\/wladimir-putin\/&quot;}\" href=\"https:\/\/www.t-online.de\/themen\/wladimir-putin\/\" data-sctrack=\"BodyAnchor\" rel=\"nofollow noopener\" target=\"_blank\">Wladimir Putin<\/a>, Juri Uschakow, dem russischen Staatsfernsehen. &#8222;Genau dazu rufen wir unsere amerikanischen Kollegen auf. Das ist es, was jetzt notwendig ist&#8220;, sagte Uschakow.<\/p>\n<p class=\"text-18 leading-17 user-text-lg:text-22 user-text-xl:text-24\">Wie genau <a class=\"transition-colors duration-200 cursor-pointer text-inherit no-underline text-salemsfur md:hover:text-magenta md:hover:border-magenta md:focus:text-magenta border-current border-b border-solid break-words\" data-tracking=\"{&quot;action&quot;:&quot;click&quot;,&quot;category&quot;:&quot;intextLink&quot;,&quot;label&quot;:&quot;\/themen\/washington\/&quot;}\" href=\"https:\/\/www.t-online.de\/themen\/washington\/\" data-sctrack=\"BodyAnchor\" rel=\"nofollow noopener\" target=\"_blank\">Washington<\/a> Druck aus\u00fcben soll, sagte er nicht. Allerdings fordert Russland seit langem den Stopp westlicher Waffenlieferungen an die Ukraine. Zudem verlangt das Land, dass die Ukraine ihre Truppen aus dem bisher von <a class=\"transition-colors duration-200 cursor-pointer text-inherit no-underline text-salemsfur md:hover:text-magenta md:hover:border-magenta md:focus:text-magenta border-current border-b border-solid break-words\" data-tracking=\"{&quot;action&quot;:&quot;click&quot;,&quot;category&quot;:&quot;intextLink&quot;,&quot;label&quot;:&quot;\/themen\/moskau\/&quot;}\" href=\"https:\/\/www.t-online.de\/themen\/moskau\/\" data-sctrack=\"BodyAnchor\" rel=\"nofollow noopener\" target=\"_blank\">Moskau<\/a> nicht vollst\u00e4ndig kontrolliertem Gebiet Donezk zur\u00fcckzieht \u2013 im Gegenzug f\u00fcr einen Waffenstillstand. Der ukrainische Pr\u00e4sident Wolodymyr Selenskyj schloss solche Geschenke an Russland wiederholt aus.<\/p>\n","protected":false},"excerpt":{"rendered":"Newsblog zum Krieg in der Ukraine &#8222;Sie werden verlieren&#8220;: Selenskyj kritisiert heimische Waffenfirmen 30.03.2026 &#8211; 07:46 UhrLesedauer: 3&hellip;\n","protected":false},"author":2,"featured_media":874326,"comment_status":"","ping_status":"","sticky":false,"template":"","format":"standard","meta":{"footnotes":"","_share_on_mastodon":"0"},"categories":[4012],"tags":[132921,326,6079,331,332,49674,13,12765,22814,27713,5793,41237,68280,308,14,15,3129,307,747,12,317,64,198919,195026,199049,107],"class_list":["post-907398","post","type-post","status-publish","format-standard","has-post-thumbnail","category-ukraine","tag-132921","tag-326","tag-6079","tag-aktuelle-nachrichten","tag-aktuelle-news","tag-donezbecken","tag-headlines","tag-interfax","tag-jordanien","tag-juri-uschakow","tag-kiew","tag-kinderspielplatz","tag-kramatorsk","tag-moskau","tag-nachrichten","tag-news","tag-newsblog","tag-russland","tag-ruestungsindustrie","tag-schlagzeilen","tag-ukraine","tag-usa","tag-wadim-filaschkin","tag-waffenfirma","tag-washington-druck","tag-wolodymyr-selenskyj"],"share_on_mastodon":{"url":"https:\/\/pubeurope.com\/@de\/116316572818685712","error":""},"_links":{"self":[{"href":"https:\/\/www.europesays.com\/de\/wp-json\/wp\/v2\/posts\/907398","targetHints":{"allow":["GET"]}}],"collection":[{"href":"https:\/\/www.europesays.com\/de\/wp-json\/wp\/v2\/posts"}],"about":[{"href":"https:\/\/www.europesays.com\/de\/wp-json\/wp\/v2\/types\/post"}],"author":[{"embeddable":true,"href":"https:\/\/www.europesays.com\/de\/wp-json\/wp\/v2\/users\/2"}],"replies":[{"embeddable":true,"href":"https:\/\/www.europesays.com\/de\/wp-json\/wp\/v2\/comments?post=907398"}],"version-history":[{"count":0,"href":"https:\/\/www.europesays.com\/de\/wp-json\/wp\/v2\/posts\/907398\/revisions"}],"wp:featuredmedia":[{"embeddable":true,"href":"https:\/\/www.europesays.com\/de\/wp-json\/wp\/v2\/media\/874326"}],"wp:attachment":[{"href":"https:\/\/www.europesays.com\/de\/wp-json\/wp\/v2\/media?parent=907398"}],"wp:term":[{"taxonomy":"category","embeddable":true,"href":"https:\/\/www.europesays.com\/de\/wp-json\/wp\/v2\/categories?post=907398"},{"taxonomy":"post_tag","embeddable":true,"href":"https:\/\/www.europesays.com\/de\/wp-json\/wp\/v2\/tags?post=907398"}],"curies":[{"name":"wp","href":"https:\/\/api.w.org\/{rel}","templated":true}]}}