{"id":907430,"date":"2026-03-30T06:10:13","date_gmt":"2026-03-30T06:10:13","guid":{"rendered":"https:\/\/www.europesays.com\/de\/907430\/"},"modified":"2026-03-30T06:10:13","modified_gmt":"2026-03-30T06:10:13","slug":"dynamo-dresden-kofi-amoako-nicht-zu-halten","status":"publish","type":"post","link":"https:\/\/www.europesays.com\/de\/907430\/","title":{"rendered":"Dynamo Dresden: Kofi Amoako nicht zu halten"},"content":{"rendered":"<p>Kofi Amoako gilt als einer der spannendsten Talente der 2. Bundesliga \u2013 ein \u201eRohdiamant\u201c, der sich in den letzten Monaten beeindruckend weiterentwickelt hat. Der 20-J\u00e4hrige U20-Nationalspieler steht aktuell bei <a href=\"https:\/\/www.fussballdaten.de\/vereine\/dynamo-dresden\/\" title=\"Profil von Dynamo Dresden\" rel=\"nofollow noopener\" target=\"_blank\">Dynamo Dresden<\/a> unter Vertrag, wird aber bereits von mehreren Bundesligisten intensiv beobachtet. Ein Wechsel im Sommer scheint bereits ausgemachte Sache.<\/p>\n<p>Amoako sorgte f\u00fcr Stabilit\u00e4t im defensiven Mittelfeld<\/p>\n<p class=\"mb20 mt30\">Amoako kam vor der laufenden Saison vom <a href=\"https:\/\/www.fussballdaten.de\/vereine\/vfl-wolfsburg\/\" title=\"Profil von VfL Wolfsburg\" rel=\"nofollow noopener\" target=\"_blank\">VfL Wolfsburg<\/a> nach Dresden. Unter Trainer Nico Kovac hatte er einst sein Bundesliga-Deb\u00fct gefeiert, konnte sich im hochkar\u00e4tigen Wolfsburger Kader jedoch nicht dauerhaft durchsetzen. Stationen in der 3. Liga beim VfL Osnabr\u00fcck formten ihn weiter \u2013 und sein Wechsel zu Dynamo Dresden, den Ex-Sportchef Thomas Brendel als strategischen Coup einf\u00e4delte, erwies sich als Volltreffer.<\/p>\n<p class=\"mb20 mt30\">In Dresden fand Amoako schnell seine Rolle als Schaltzentrale im defensiven Mittelfeld. Mit einer Zweikampfquote von \u00fcber 60\u202fProzent, einer Passquote von rund 85\u202fProzent und beeindruckender Athletik geh\u00f6rt er inzwischen zu den Konstanten im Team von Trainer Thomas Stamm. Besonders seit der Winterverpflichtung von Robert Wagner wirkt das Mittelfeldduo enorm stabil \u2013 ein wichtiger Faktor f\u00fcr Dresdens starke R\u00fcckrunde.<\/p>\n<p>HSV und Union am Dresdener Top-Spieler dran<\/p>\n<p class=\"mb20 mt30\">Nicht nur sportlich, auch wirtschaftlich zahlt sich <a href=\"https:\/\/www.fussballdaten.de\/person\/kofi-jeremy-amoako\/\" id=\"https:\/\/www.fussballdaten.de\/person\/kofi-jeremy-amoako\/\" rel=\"nofollow noopener\" target=\"_blank\">Amoakos<\/a> Entwicklung aus: Sein Marktwert stieg laut Transfermarkt.de binnen neun Monaten von 900.000\u202fEuro auf rund 2\u202fMillionen\u202fEuro \u2013 Tendenz weiter steigend. F\u00fcr Dynamo ein lukratives Szenario: Eine Abl\u00f6sesumme im Bereich von 2\u202fMillionen\u202fEuro gilt als realistisch. Wolfsburg w\u00fcrde nach Vereinsangaben im Falle eines Weiterverkaufs rund 200.000\u202fEuro Beteiligung erhalten.<\/p>\n<p class=\"mb20 mt30\">Das Interesse ist bereits gro\u00df. Nach Informationen aus Vereinskreisen haben unter anderem der <a href=\"https:\/\/www.fussballdaten.de\/vereine\/hamburger-sv\/\" title=\"Profil von Hamburger SV\" rel=\"nofollow noopener\" target=\"_blank\">Hamburger SV<\/a> und <a href=\"https:\/\/www.fussballdaten.de\/vereine\/1-fc-union-berlin\/\" title=\"Profil von 1. FC Union Berlin\" rel=\"nofollow noopener\" target=\"_blank\">Union Berlin<\/a> ihre F\u00fchler ausgestreckt, auch der italienische Erstligist <a href=\"https:\/\/www.fussballdaten.de\/vereine\/us-lecce\/\" title=\"Profil von US Lecce\" rel=\"nofollow noopener\" target=\"_blank\">US Lecce<\/a> soll erneut beobachten. F\u00fcr Amoako, der sich l\u00e4ngst h\u00f6here Ziele gesetzt hat und perspektivisch in die Bundesliga zur\u00fcckkehren m\u00f6chte, w\u00e4re ein Wechsel im Sommer der n\u00e4chste logische Schritt.<\/p>\n<p>Kofi Amoako mit starken Auftritt bei DFB-Elf<\/p>\n<p class=\"mb20 mt30\">Aktuell weilt der geb\u00fcrtige Hannoveraner mit der deutschen U20-Nationalmannschaft auf L\u00e4nderspielreise. Beim j\u00fcngsten 2:1-Testspielsieg gegen Tschechien in Berlin \u00fcberzeugte er \u00fcber 70 Minuten als ballgewinnstarker Sechser. Am Dienstag steht die Begegnung gegen Polen in Lublin auf dem Programm \u2013 eine weitere Gelegenheit, sich auch international zu empfehlen.<\/p>\n","protected":false},"excerpt":{"rendered":"Kofi Amoako gilt als einer der spannendsten Talente der 2. Bundesliga \u2013 ein \u201eRohdiamant\u201c, der sich in den&hellip;\n","protected":false},"author":2,"featured_media":907431,"comment_status":"","ping_status":"","sticky":false,"template":"","format":"standard","meta":{"footnotes":"","_share_on_mastodon":"0"},"categories":[1835],"tags":[621,3364,29,2386,3766,30,3150,70774,859,199120,7258,99982,931],"class_list":["post-907430","post","type-post","status-publish","format-standard","has-post-thumbnail","category-dresden","tag-2-bundesliga","tag-de","tag-deutschland","tag-dresden","tag-dynamo-dresden","tag-germany","tag-hamburger-sv","tag-kofi-amoako","tag-sachsen","tag-u20-nationalmannschaft","tag-union-berlin","tag-us-lecce","tag-vfl-wolfsburg"],"share_on_mastodon":{"url":"https:\/\/pubeurope.com\/@de\/116316643557721212","error":""},"_links":{"self":[{"href":"https:\/\/www.europesays.com\/de\/wp-json\/wp\/v2\/posts\/907430","targetHints":{"allow":["GET"]}}],"collection":[{"href":"https:\/\/www.europesays.com\/de\/wp-json\/wp\/v2\/posts"}],"about":[{"href":"https:\/\/www.europesays.com\/de\/wp-json\/wp\/v2\/types\/post"}],"author":[{"embeddable":true,"href":"https:\/\/www.europesays.com\/de\/wp-json\/wp\/v2\/users\/2"}],"replies":[{"embeddable":true,"href":"https:\/\/www.europesays.com\/de\/wp-json\/wp\/v2\/comments?post=907430"}],"version-history":[{"count":0,"href":"https:\/\/www.europesays.com\/de\/wp-json\/wp\/v2\/posts\/907430\/revisions"}],"wp:featuredmedia":[{"embeddable":true,"href":"https:\/\/www.europesays.com\/de\/wp-json\/wp\/v2\/media\/907431"}],"wp:attachment":[{"href":"https:\/\/www.europesays.com\/de\/wp-json\/wp\/v2\/media?parent=907430"}],"wp:term":[{"taxonomy":"category","embeddable":true,"href":"https:\/\/www.europesays.com\/de\/wp-json\/wp\/v2\/categories?post=907430"},{"taxonomy":"post_tag","embeddable":true,"href":"https:\/\/www.europesays.com\/de\/wp-json\/wp\/v2\/tags?post=907430"}],"curies":[{"name":"wp","href":"https:\/\/api.w.org\/{rel}","templated":true}]}}