{"id":907444,"date":"2026-03-30T06:18:13","date_gmt":"2026-03-30T06:18:13","guid":{"rendered":"https:\/\/www.europesays.com\/de\/907444\/"},"modified":"2026-03-30T06:18:13","modified_gmt":"2026-03-30T06:18:13","slug":"leipziger-energiefirma-senec-versucht-nach-batterie-braenden-neustart","status":"publish","type":"post","link":"https:\/\/www.europesays.com\/de\/907444\/","title":{"rendered":"Leipziger Energiefirma Senec versucht nach Batterie-Br\u00e4nden Neustart"},"content":{"rendered":"<p class=\"text\">\nWo Carina Schmidt arbeitet, flie\u00dft Starkstrom. Eine ausgediente Industriehalle im Leipziger Westen: Unter alten Deckenkr\u00e4nen hat die Firma Senec ein Testlabor f\u00fcr Batteriespeicher gebaut. Und Schmidt f\u00fchrt heute hindurch, nach einer kurzen Sicherheitsunterweisung: &#8222;Elektroniker-Schutzhaltung einnehmen, H\u00e4nde in die Hosentaschen bitte.&#8220;\n<\/p>\n<p><a name=\"Tests\">Tests<\/a> von Solarpanels, Speichern und Ladeboxen<\/p>\n<p class=\"text\">\nMan darf nichts anfassen im Starkstromlabor. Senec testet hier Solarpanels, Batteriespeicher und Ladeboxen, die das Unternehmen selbst vertreibt. Ger\u00e4te aus Fernost, mit deutschen Beigaben. Man habe zum Teil auch Eigenentwicklung von Platinen und Steuerger\u00e4ten. Dort fange man meistens schon an, erkl\u00e4rt Schmidt: &#8222;Wir testen die Hardware, wir testen die Software darauf. Und am Ende haben wir hier einfach einen kompletten Speicher stehen, wo wir sagen: Den m\u00f6chten wir gern komplett einmal abtesten, so wie er im Haus bei unseren Endkunden auch stehen wird.&#8220;\n<\/p>\n<p><a name=\"Senec\">Senec<\/a>-Speicher in Flammen<\/p>\n<p class=\"text\">\nDas Labor ist die Antwort des Unternehmens auf eine Krise. Vor vier Jahren gingen einzelne Senec-Speicher in Eigenheimkellern in Flammen auf. Der Defekt wurde gefunden, das Unternehmen tauschte 100.000 Speicher aus, machte einen Jahresverlust von fast 400 Millionen Euro. Nun will Senec wie Phoenix aus der Asche wieder aufsteigen. Vertriebsleiter Thomas Salditt glaubt an eine Zukunft: &#8222;Wir haben eine schwierige Zeit und mussten uns in dieser schwierigen Zeit auch organisatorisch neu aufstellen, haben an vielen Stellschrauben im Unternehmen gearbeitet und sind jetzt wieder dabei, in den Markt zur\u00fcckzukommen.&#8220; Man sehe insbesondere im letzten Jahr, dass sich die Absatzzahlen wieder stabilisiert h\u00e4tten.\n<\/p>\n<p><a name=\"Steigende\">Steigende<\/a> Energiepreise helfen<\/p>\n<p class=\"text\">\nRund 800 Mitarbeiter hat die Senec-Gruppe noch. Was ihnen gerade hilft, sind steigende Energiepreise. Denn diese machen eigene Solaranlagen mit Speicher attraktiver. Die Kombination lohnt sich nach Salditts Einsch\u00e4tzung gerade dann, wenn der Staat die Solarf\u00f6rderung k\u00fcrzt. Speicher w\u00fcrden Jahr f\u00fcr Jahr signifikant preiswerter. Nat\u00fcrlich h\u00e4nge das auch zu einem gewissen Grad von den Rohstoffen ab, die darin verbaut werden: &#8222;Aber der generelle Trend ist, dass die Systeme deutlich leistungsf\u00e4higer sind als vor drei bis vier Jahren und auch deutlich preiswerter.&#8220;<\/p>\n","protected":false},"excerpt":{"rendered":"Wo Carina Schmidt arbeitet, flie\u00dft Starkstrom. Eine ausgediente Industriehalle im Leipziger Westen: Unter alten Deckenkr\u00e4nen hat die Firma&hellip;\n","protected":false},"author":2,"featured_media":907445,"comment_status":"","ping_status":"","sticky":false,"template":"","format":"standard","meta":{"footnotes":"","_share_on_mastodon":"0"},"categories":[1832],"tags":[19227,34912,3364,29,1520,30,199122,71,81,859,199121,45601,2185,14276],"class_list":["post-907444","post","type-post","status-publish","format-standard","has-post-thumbnail","category-leipzig","tag-akku","tag-batteriespeicher","tag-de","tag-deutschland","tag-energiewende","tag-germany","tag-lagebox","tag-leipzig","tag-mdr","tag-sachsen","tag-senec","tag-solarpanel","tag-strom","tag-strompreis"],"share_on_mastodon":{"url":"https:\/\/pubeurope.com\/@de\/116316674791128192","error":""},"_links":{"self":[{"href":"https:\/\/www.europesays.com\/de\/wp-json\/wp\/v2\/posts\/907444","targetHints":{"allow":["GET"]}}],"collection":[{"href":"https:\/\/www.europesays.com\/de\/wp-json\/wp\/v2\/posts"}],"about":[{"href":"https:\/\/www.europesays.com\/de\/wp-json\/wp\/v2\/types\/post"}],"author":[{"embeddable":true,"href":"https:\/\/www.europesays.com\/de\/wp-json\/wp\/v2\/users\/2"}],"replies":[{"embeddable":true,"href":"https:\/\/www.europesays.com\/de\/wp-json\/wp\/v2\/comments?post=907444"}],"version-history":[{"count":0,"href":"https:\/\/www.europesays.com\/de\/wp-json\/wp\/v2\/posts\/907444\/revisions"}],"wp:featuredmedia":[{"embeddable":true,"href":"https:\/\/www.europesays.com\/de\/wp-json\/wp\/v2\/media\/907445"}],"wp:attachment":[{"href":"https:\/\/www.europesays.com\/de\/wp-json\/wp\/v2\/media?parent=907444"}],"wp:term":[{"taxonomy":"category","embeddable":true,"href":"https:\/\/www.europesays.com\/de\/wp-json\/wp\/v2\/categories?post=907444"},{"taxonomy":"post_tag","embeddable":true,"href":"https:\/\/www.europesays.com\/de\/wp-json\/wp\/v2\/tags?post=907444"}],"curies":[{"name":"wp","href":"https:\/\/api.w.org\/{rel}","templated":true}]}}