{"id":907812,"date":"2026-03-30T09:50:14","date_gmt":"2026-03-30T09:50:14","guid":{"rendered":"https:\/\/www.europesays.com\/de\/907812\/"},"modified":"2026-03-30T09:50:14","modified_gmt":"2026-03-30T09:50:14","slug":"gemeinsam-stark-mit-trassentandem-in-wuppertal","status":"publish","type":"post","link":"https:\/\/www.europesays.com\/de\/907812\/","title":{"rendered":"Gemeinsam stark mit Trassentandem in Wuppertal"},"content":{"rendered":"<p class=\"text_ohne_einzug richtext text-em-55 !leading-serif mx-6 desktop:mx-0\">Wie schlie\u00dft man die L\u00fccke zwischen Schule und Berufswelt? Diese Frage hat Beate Hablitzel vom Verein \u201eAlpha \u2013 Soziale Dienstleistungen\u201c vor drei Jahren mit dem Projekt Trassentandem versucht zu beantworten. Mit Erfolg, denn was aus einem Bedarf der Realschule Leimbach entstand, geht aktuell in die vierte Runde und soll St\u00fcck f\u00fcr St\u00fcck erweitert werden.<\/p>\n","protected":false},"excerpt":{"rendered":"Wie schlie\u00dft man die L\u00fccke zwischen Schule und Berufswelt? Diese Frage hat Beate Hablitzel vom Verein \u201eAlpha \u2013&hellip;\n","protected":false},"author":2,"featured_media":907813,"comment_status":"","ping_status":"","sticky":false,"template":"","format":"standard","meta":{"footnotes":"","_share_on_mastodon":"0"},"categories":[1840],"tags":[3364,29,30,199166,1722,192270,162853,199168,1209,2202,9216,966,493,51395,199167,199165,22688,4418],"class_list":["post-907812","post","type-post","status-publish","format-standard","has-post-thumbnail","category-wuppertal","tag-de","tag-deutschland","tag-germany","tag-hablitzel","tag-jugendliche","tag-leimbach","tag-mentor","tag-mentorin","tag-nordrhein-westfalen","tag-projekt","tag-realschule","tag-schule","tag-tandem","tag-trasse","tag-trassen","tag-trassentandem","tag-unterstuetzt","tag-wuppertal"],"share_on_mastodon":{"url":"https:\/\/pubeurope.com\/@de\/116317508612628450","error":""},"_links":{"self":[{"href":"https:\/\/www.europesays.com\/de\/wp-json\/wp\/v2\/posts\/907812","targetHints":{"allow":["GET"]}}],"collection":[{"href":"https:\/\/www.europesays.com\/de\/wp-json\/wp\/v2\/posts"}],"about":[{"href":"https:\/\/www.europesays.com\/de\/wp-json\/wp\/v2\/types\/post"}],"author":[{"embeddable":true,"href":"https:\/\/www.europesays.com\/de\/wp-json\/wp\/v2\/users\/2"}],"replies":[{"embeddable":true,"href":"https:\/\/www.europesays.com\/de\/wp-json\/wp\/v2\/comments?post=907812"}],"version-history":[{"count":0,"href":"https:\/\/www.europesays.com\/de\/wp-json\/wp\/v2\/posts\/907812\/revisions"}],"wp:featuredmedia":[{"embeddable":true,"href":"https:\/\/www.europesays.com\/de\/wp-json\/wp\/v2\/media\/907813"}],"wp:attachment":[{"href":"https:\/\/www.europesays.com\/de\/wp-json\/wp\/v2\/media?parent=907812"}],"wp:term":[{"taxonomy":"category","embeddable":true,"href":"https:\/\/www.europesays.com\/de\/wp-json\/wp\/v2\/categories?post=907812"},{"taxonomy":"post_tag","embeddable":true,"href":"https:\/\/www.europesays.com\/de\/wp-json\/wp\/v2\/tags?post=907812"}],"curies":[{"name":"wp","href":"https:\/\/api.w.org\/{rel}","templated":true}]}}