{"id":907983,"date":"2026-03-30T11:24:16","date_gmt":"2026-03-30T11:24:16","guid":{"rendered":"https:\/\/www.europesays.com\/de\/907983\/"},"modified":"2026-03-30T11:24:16","modified_gmt":"2026-03-30T11:24:16","slug":"sanktionierter-oeltanker-aus-russland-erreicht-kubanische-gewaesser","status":"publish","type":"post","link":"https:\/\/www.europesays.com\/de\/907983\/","title":{"rendered":"Sanktionierter \u00d6ltanker aus Russland erreicht kubanische Gew\u00e4sser"},"content":{"rendered":"<p class=\"tspADfr tspADfs\">Die <strong>USA haben einem russischen \u00d6ltanker die Fahrt nach Kuba gestattet<\/strong>. Wie die \u201eNew York Times\u201c am Sonntag (Ortszeit) meldete, hat Washington offenbar die gegen die Insel <a href=\"https:\/\/www.tagesspiegel.de\/internationales\/olblockade-der-usa-air-canada-stoppt-fluge-nach-kuba-wegen-kersosin-mangels-15234719.html?icid=in-text-link_15412920\" class=\"link link--internal\" data-gtm-class=\"article-text-link\" data-gtm-val=\"internal\" rel=\"nofollow noopener\" target=\"_blank\">verh\u00e4ngte \u00d6lblockade<\/a> gelockert. Das Schiff \u201eAnatoly Kolodkin\u201c, das 730.000 Barrel Roh\u00f6l transportiert, befinde sich in <strong>kubanischen Hoheitsgew\u00e4ssern.<\/strong> Laut der russischen Nachrichtenagentur Interfax sei das Schiff inzwischen im Hafen von Matanzas im Westen Kubas eingelaufen.<\/p>\n<p class=\"tspADfr\">Der mit <strong>US-Sanktionen belegte Tanker \u201eAnatoly Kolodkin\u201c<\/strong> war am 8. M\u00e4rz vom russischen Hafen Primorsk aus gestartet. Auf ihrer Fahrt durch den \u00c4rmelkanal wurde sie von einem Schiff der russischen Marine eskortiert, bevor sie in den Atlantik einlief, um ihre Reise in die Karibik fortzusetzen. <\/p>\n<p class=\"tspADfr\">\u201e<strong>Wenn ein Land jetzt gerade etwas \u00d6l nach Kuba schicken will, habe ich kein Problem damit, ob es nun Russland ist oder nicht<\/strong>\u201c, sagte Trump am Sonntag (Ortszeit) an Bord der Pr\u00e4sidentenmaschine Air Force One. <\/p>\n<p class=\"tspALgz\">Empfohlener redaktioneller Inhalt<\/p>\n<p> An dieser Stelle finden Sie einen von unseren Redakteuren ausgew\u00e4hlten, externen Inhalt, der den Artikel f\u00fcr Sie mit zus\u00e4tzlichen Informationen anreichert. Sie k\u00f6nnen sich hier den externen Inhalt mit einem Klick anzeigen lassen oder wieder ausblenden. <\/p>\n<p> Externen Inhalt anzeigen <\/p>\n<p class=\"tspALg5\"> Ich bin damit einverstanden, dass mir der externe Inhalt angezeigt wird. Damit k\u00f6nnen personenbezogene Daten an Drittplattformen \u00fcbermittelt werden.  Mehr Informationen dazu erhalten Sie in den Datenschutz-Einstellungen. Diese finden Sie ganz unten auf unserer Seite im Footer, sodass Sie Ihre Einstellungen jederzeit verwalten oder widerrufen k\u00f6nnen. <\/p>\n<p class=\"tspADfr\">Ein zweites Transportschiff mit Ziel Kuba befindet sich nach Angaben der auf Schiffsverfolgung spezialisierten Homepage MarineTraffic seit mehreren Tagen in den Gew\u00e4ssern von Venezuela. Der Tanker \u201eSea Horse\u201c, der unter der Flagge Hongkongs f\u00e4hrt, transportiert rund 27.000 Tonnen russisches Gas f\u00fcr die Karibikinsel.<\/p>\n<p> Letzte \u00d6llieferung in Kuba im Januar <\/p>\n<p class=\"tspADfr\">Warum die Regierung von US-Pr\u00e4sident Donald Trump die Lieferung zulasse, sei unklar gewesen, hie\u00df es in dem Bericht der \u201eNew York Times\u201c.<strong> <\/strong>Die Lieferung d\u00fcrfte die <a href=\"https:\/\/www.tagesspiegel.de\/internationales\/konflikt-mit-den-usa-der-strom-geht-wieder-doch-kuba-bereitet-sich-auf-einen-angriff-vor-15388581.html?icid=in-text-link_15412920\" class=\"link link--internal\" data-gtm-class=\"article-text-link\" data-gtm-val=\"internal\" rel=\"nofollow noopener\" target=\"_blank\">angespannte Lage in Kuba deutlich lindern<\/a>. <strong>Das Land hat in diesem Jahr lediglich 84.900 Barrel Roh\u00f6l aus einer einzigen mexikanischen Lieferung am 9. Januar erhalten.<\/strong> <\/p>\n<p class=\"tspADfr\">2025 importierte Kuba durchschnittlich 37.000 Barrel Roh\u00f6l pro Tag, insbesondere aus Mexiko und Venezuela, wie die \u201eFinancial Times\u201c berichtete.<\/p>\n<p class=\"tspADfr\"><strong>Die zu Jahresbeginn von den USA verh\u00e4ngte \u00d6lblockade hat die Energiekrise auf Kuba deutlich versch\u00e4rft<\/strong>. Sowohl die Stromerzeugung als auch die <a href=\"https:\/\/www.tagesspiegel.de\/internationales\/havanna-versinkt-im-mull-bilder-zeigen-die-folgen-der-us-sanktionen-gegen-kuba-15261282.html?icid=in-text-link_15412920\" class=\"link link--internal\" data-gtm-class=\"article-text-link\" data-gtm-val=\"internal\" rel=\"nofollow noopener\" target=\"_blank\">Kraftstoffverteilung sind massiv beeintr\u00e4chtigt<\/a>, mit katastrophalen Auswirkungen auf das Gesundheitswesen und die Wirtschaft. Die sozialistisch regierte Insel mit ihren rund 10 Millionen Einwohnern f\u00f6rdert nur rund ein Drittel ihres Bedarfs an Kraftstoff selbst.<\/p>\n<p>Lesen Sie auch:<a href=\"https:\/\/www.tagesspiegel.de\/internationales\/angst-vor-dem-fleischwolf-russlands-probleme-bei-der-rekrutierung-von-drohnenpiloten-15413630.html?icid=topic-list_15412920___\" data-gtm-class=\"article-mzt-link\" data-hydrate-fingerprint=\"09740a54944caac75fd2c0c63fd5c5df\" data-hydrate-props=\"{&amp;escapedquot;element&amp;escapedquot;:{&amp;escapedquot;type&amp;escapedquot;:&amp;escapedquot;relatedContent&amp;escapedquot;,&amp;escapedquot;fieldMap&amp;escapedquot;:{},&amp;escapedquot;relation&amp;escapedquot;:{&amp;escapedquot;fields&amp;escapedquot;:{&amp;escapedquot;isPaid&amp;escapedquot;:null},&amp;escapedquot;href&amp;escapedquot;:&amp;escapedquot;\/internationales\/angst-vor-dem-fleischwolf-russlands-probleme-bei-der-rekrutierung-von-drohnenpiloten-15413630.html&amp;escapedquot;,&amp;escapedquot;teaserTitle&amp;escapedquot;:{&amp;escapedquot;kicker&amp;escapedquot;:&amp;escapedquot;Angst vor dem \u201eFleischwolf\u201c&amp;escapedquot;,&amp;escapedquot;headline&amp;escapedquot;:&amp;escapedquot;Russlands Probleme bei der Rekrutierung von Drohnenpiloten&amp;escapedquot;},&amp;escapedquot;id&amp;escapedquot;:&amp;escapedquot;15413630&amp;escapedquot;,&amp;escapedquot;type&amp;escapedquot;:&amp;escapedquot;story&amp;escapedquot;},&amp;escapedquot;isPartOfList&amp;escapedquot;:true,&amp;escapedquot;topicListType&amp;escapedquot;:&amp;escapedquot;topic-list&amp;escapedquot;},&amp;escapedquot;showArrow&amp;escapedquot;:true}\" data-hydrate-slots=\"{&#039;default&#039;:[]}\" class=\"tspA4iq tspA5ix\" rel=\"nofollow noopener\" target=\"_blank\">Angst vor dem \u201eFleischwolf\u201c Russlands Probleme bei der Rekrutierung von Drohnenpiloten <\/a><a href=\"https:\/\/www.tagesspiegel.de\/internationales\/eine-kubanerin-berichtet-aus-havanna-selbst-unsere-kinder-rufen-nieder-mit-der-diktatur-15380616.html?icid=topic-list_15412920___\" data-gtm-class=\"article-mzt-link\" data-hydrate-fingerprint=\"09740a54944caac75fd2c0c63fd5c5df\" data-hydrate-props=\"{&amp;escapedquot;element&amp;escapedquot;:{&amp;escapedquot;type&amp;escapedquot;:&amp;escapedquot;relatedContent&amp;escapedquot;,&amp;escapedquot;fieldMap&amp;escapedquot;:{},&amp;escapedquot;relation&amp;escapedquot;:{&amp;escapedquot;fields&amp;escapedquot;:{&amp;escapedquot;isPaid&amp;escapedquot;:true},&amp;escapedquot;href&amp;escapedquot;:&amp;escapedquot;\/internationales\/eine-kubanerin-berichtet-aus-havanna-selbst-unsere-kinder-rufen-nieder-mit-der-diktatur-15380616.html&amp;escapedquot;,&amp;escapedquot;teaserTitle&amp;escapedquot;:{&amp;escapedquot;kicker&amp;escapedquot;:&amp;escapedquot;Eine Kubanerin berichtet aus Havanna&amp;escapedquot;,&amp;escapedquot;headline&amp;escapedquot;:&amp;escapedquot;\u201eSelbst unsere Kinder rufen \u201aNieder mit der Diktatur\u2018\u201c&amp;escapedquot;},&amp;escapedquot;id&amp;escapedquot;:&amp;escapedquot;15380616&amp;escapedquot;,&amp;escapedquot;type&amp;escapedquot;:&amp;escapedquot;story&amp;escapedquot;},&amp;escapedquot;isPartOfList&amp;escapedquot;:true,&amp;escapedquot;topicListType&amp;escapedquot;:&amp;escapedquot;topic-list&amp;escapedquot;},&amp;escapedquot;showArrow&amp;escapedquot;:true}\" data-hydrate-slots=\"{&#039;default&#039;:[]}\" class=\"tspA4iq tspA5ix\" rel=\"nofollow noopener\" target=\"_blank\">Eine Kubanerin berichtet aus Havanna \u201eSelbst unsere Kinder rufen \u201aNieder mit der Diktatur\u2018\u201c <\/a><a href=\"https:\/\/www.tagesspiegel.de\/gesellschaft\/panorama\/es-geht-ihm-nicht-gut-experten-aussern-sich-zum-zustand-des-buckelwals-in-der-wismarer-bucht-15396792.html?icid=topic-list_15412920___\" data-gtm-class=\"article-mzt-link\" data-hydrate-fingerprint=\"09740a54944caac75fd2c0c63fd5c5df\" data-hydrate-props=\"{&amp;escapedquot;element&amp;escapedquot;:{&amp;escapedquot;type&amp;escapedquot;:&amp;escapedquot;relatedContent&amp;escapedquot;,&amp;escapedquot;fieldMap&amp;escapedquot;:{},&amp;escapedquot;relation&amp;escapedquot;:{&amp;escapedquot;fields&amp;escapedquot;:{&amp;escapedquot;isPaid&amp;escapedquot;:null},&amp;escapedquot;href&amp;escapedquot;:&amp;escapedquot;\/gesellschaft\/panorama\/es-geht-ihm-nicht-gut-experten-aussern-sich-zum-zustand-des-buckelwals-in-der-wismarer-bucht-15396792.html&amp;escapedquot;,&amp;escapedquot;teaserTitle&amp;escapedquot;:{&amp;escapedquot;kicker&amp;escapedquot;:&amp;escapedquot;\u201eEs geht ihm nicht gut!\u201c&amp;escapedquot;,&amp;escapedquot;headline&amp;escapedquot;:&amp;escapedquot;Experten \u00e4u\u00dfern sich zum Zustand des Buckelwals in der Wismarer Bucht&amp;escapedquot;},&amp;escapedquot;id&amp;escapedquot;:&amp;escapedquot;15396792&amp;escapedquot;,&amp;escapedquot;type&amp;escapedquot;:&amp;escapedquot;story&amp;escapedquot;},&amp;escapedquot;isPartOfList&amp;escapedquot;:true,&amp;escapedquot;topicListType&amp;escapedquot;:&amp;escapedquot;topic-list&amp;escapedquot;},&amp;escapedquot;showArrow&amp;escapedquot;:true}\" data-hydrate-slots=\"{&#039;default&#039;:[]}\" class=\"tspA4iq tspA5ix\" rel=\"nofollow noopener\" target=\"_blank\">\u201eEs geht ihm nicht gut!\u201c Experten \u00e4u\u00dfern sich zum Zustand des Buckelwals in der Wismarer Bucht <\/a><\/p>\n<p class=\"tspADfr\">Die Regierung in Washington hatte \u00d6llieferungen nach Kuba faktisch blockiert, um den Druck auf die<a href=\"https:\/\/www.tagesspiegel.de\/internationales\/trumps-drohungen-gegen-kuba-die-sehnsucht-nach-revanche-fur-castros-revolution-gibt-es-bis-heute-15396733.html?icid=in-text-link_15412920\" class=\"link link--internal\" data-gtm-class=\"article-text-link\" data-gtm-val=\"internal\" rel=\"nofollow noopener\" target=\"_blank\"> F\u00fchrung in Havanna<\/a> zu erh\u00f6hen. Zugleich haben die USA ihre Sanktionen gegen Russland vor\u00fcbergehend aufgehoben. Damit soll die weltweite \u00d6lversorgung verbessert werden, die durch Milit\u00e4rschl\u00e4ge der USA und Israels gegen den Iran eingeschr\u00e4nkt wurde. (Reuters, epd)<\/p>\n","protected":false},"excerpt":{"rendered":"Die USA haben einem russischen \u00d6ltanker die Fahrt nach Kuba gestattet. Wie die \u201eNew York Times\u201c am Sonntag&hellip;\n","protected":false},"author":2,"featured_media":907984,"comment_status":"","ping_status":"","sticky":false,"template":"","format":"standard","meta":{"footnotes":"","_share_on_mastodon":"0"},"categories":[5],"tags":[331,332,3364,29,106,20142,30,13,5692,14,15,307,12,64],"class_list":["post-907983","post","type-post","status-publish","format-standard","has-post-thumbnail","category-nachrichten","tag-aktuelle-nachrichten","tag-aktuelle-news","tag-de","tag-deutschland","tag-donald-trump","tag-embargo","tag-germany","tag-headlines","tag-militaerpolitik","tag-nachrichten","tag-news","tag-russland","tag-schlagzeilen","tag-usa"],"share_on_mastodon":{"url":"https:\/\/pubeurope.com\/@de\/116317878245811944","error":""},"_links":{"self":[{"href":"https:\/\/www.europesays.com\/de\/wp-json\/wp\/v2\/posts\/907983","targetHints":{"allow":["GET"]}}],"collection":[{"href":"https:\/\/www.europesays.com\/de\/wp-json\/wp\/v2\/posts"}],"about":[{"href":"https:\/\/www.europesays.com\/de\/wp-json\/wp\/v2\/types\/post"}],"author":[{"embeddable":true,"href":"https:\/\/www.europesays.com\/de\/wp-json\/wp\/v2\/users\/2"}],"replies":[{"embeddable":true,"href":"https:\/\/www.europesays.com\/de\/wp-json\/wp\/v2\/comments?post=907983"}],"version-history":[{"count":0,"href":"https:\/\/www.europesays.com\/de\/wp-json\/wp\/v2\/posts\/907983\/revisions"}],"wp:featuredmedia":[{"embeddable":true,"href":"https:\/\/www.europesays.com\/de\/wp-json\/wp\/v2\/media\/907984"}],"wp:attachment":[{"href":"https:\/\/www.europesays.com\/de\/wp-json\/wp\/v2\/media?parent=907983"}],"wp:term":[{"taxonomy":"category","embeddable":true,"href":"https:\/\/www.europesays.com\/de\/wp-json\/wp\/v2\/categories?post=907983"},{"taxonomy":"post_tag","embeddable":true,"href":"https:\/\/www.europesays.com\/de\/wp-json\/wp\/v2\/tags?post=907983"}],"curies":[{"name":"wp","href":"https:\/\/api.w.org\/{rel}","templated":true}]}}