{"id":908367,"date":"2026-03-30T14:56:20","date_gmt":"2026-03-30T14:56:20","guid":{"rendered":"https:\/\/www.europesays.com\/de\/908367\/"},"modified":"2026-03-30T14:56:20","modified_gmt":"2026-03-30T14:56:20","slug":"ukraine-schleust-sprengstoff-in-einlegesohlen-fuer-russische-armee","status":"publish","type":"post","link":"https:\/\/www.europesays.com\/de\/908367\/","title":{"rendered":"Ukraine schleust Sprengstoff in Einlegesohlen f\u00fcr russische Armee"},"content":{"rendered":"<p class=\"text-18 leading-17 user-text-lg:text-22 user-text-xl:text-24\">Zus\u00e4tzlich vertrauensersch\u00fctternd ist, wie der Analyst Andrei Soldatov bereits im Dezember 2024 der Financial Times sagte, dass der FSB &#8222;sehr gut darin ist, zu untersuchen, was bereits passiert ist, aber nicht besonders gut darin, Informationen dar\u00fcber zu sammeln, was bevorsteht&#8220;. Es brauche &#8222;Vertrauen und einen guten Informationsaustausch \u2013 etwas, das man zwischen russischen Beh\u00f6rden kaum sieht&#8220;. Russische Streitkr\u00e4fte sind stark auf freiwillige Gruppen und Spenden angewiesen, um Versorgungsl\u00fccken zu schlie\u00dfen. Genau diese Abh\u00e4ngigkeit er\u00f6ffnet eine Schwachstelle: Wenn diese Kan\u00e4le unterwandert werden k\u00f6nnen, wird das Vertrauen in das gesamte System ersch\u00fcttert.<\/p>\n<p class=\"text-18 leading-17 user-text-lg:text-22 user-text-xl:text-24\">Der Fall mit den Einlegesohlen ist offenbar nicht das erste Mal, dass russische Soldaten mit Sprengs\u00e4tzen konfrontiert wurden, die in n\u00fctzlicher Ausr\u00fcstung versteckt waren. Eine \u00e4hnliche Methode soll Anfang 2025 gegen russische Drohnenoperatoren eingesetzt worden sein. Das Medium &#8222;Babel&#8220; berichtete unter Berufung auf Quellen aus ukrainischen Spezialdiensten, dass FPV-Brillen (First-Person-View) mit kleinen Sprengladungen versehen und als Hilfsg\u00fcter an russische Drohneneinheiten geschickt wurden. Die Ladung war klein, aber ausreichend, um auf kurze Distanz schwere Verletzungen zu verursachen.<\/p>\n","protected":false},"excerpt":{"rendered":"Zus\u00e4tzlich vertrauensersch\u00fctternd ist, wie der Analyst Andrei Soldatov bereits im Dezember 2024 der Financial Times sagte, dass der&hellip;\n","protected":false},"author":2,"featured_media":908368,"comment_status":"","ping_status":"","sticky":false,"template":"","format":"standard","meta":{"footnotes":"","_share_on_mastodon":"0"},"categories":[3],"tags":[326,70615,27489,199271,325,13,451,14,15,148202,307,12,199272,10,8,9,11,317,312,103,104],"class_list":["post-908367","post","type-post","status-publish","format-standard","has-post-thumbnail","category-welt","tag-326","tag-einlegesohle","tag-fsb","tag-gefahrengut","tag-geheimdienst","tag-headlines","tag-militaer","tag-nachrichten","tag-news","tag-oberhand","tag-russland","tag-schlagzeilen","tag-sprengladung","tag-top-news","tag-top-meldungen","tag-topmeldungen","tag-topnews","tag-ukraine","tag-ukrainekrieg","tag-welt","tag-world"],"share_on_mastodon":{"url":"https:\/\/pubeurope.com\/@de\/116318711836302356","error":""},"_links":{"self":[{"href":"https:\/\/www.europesays.com\/de\/wp-json\/wp\/v2\/posts\/908367","targetHints":{"allow":["GET"]}}],"collection":[{"href":"https:\/\/www.europesays.com\/de\/wp-json\/wp\/v2\/posts"}],"about":[{"href":"https:\/\/www.europesays.com\/de\/wp-json\/wp\/v2\/types\/post"}],"author":[{"embeddable":true,"href":"https:\/\/www.europesays.com\/de\/wp-json\/wp\/v2\/users\/2"}],"replies":[{"embeddable":true,"href":"https:\/\/www.europesays.com\/de\/wp-json\/wp\/v2\/comments?post=908367"}],"version-history":[{"count":0,"href":"https:\/\/www.europesays.com\/de\/wp-json\/wp\/v2\/posts\/908367\/revisions"}],"wp:featuredmedia":[{"embeddable":true,"href":"https:\/\/www.europesays.com\/de\/wp-json\/wp\/v2\/media\/908368"}],"wp:attachment":[{"href":"https:\/\/www.europesays.com\/de\/wp-json\/wp\/v2\/media?parent=908367"}],"wp:term":[{"taxonomy":"category","embeddable":true,"href":"https:\/\/www.europesays.com\/de\/wp-json\/wp\/v2\/categories?post=908367"},{"taxonomy":"post_tag","embeddable":true,"href":"https:\/\/www.europesays.com\/de\/wp-json\/wp\/v2\/tags?post=908367"}],"curies":[{"name":"wp","href":"https:\/\/api.w.org\/{rel}","templated":true}]}}