{"id":908607,"date":"2026-03-30T17:11:14","date_gmt":"2026-03-30T17:11:14","guid":{"rendered":"https:\/\/www.europesays.com\/de\/908607\/"},"modified":"2026-03-30T17:11:14","modified_gmt":"2026-03-30T17:11:14","slug":"vermisster-liegt-schwer-verletzt-im-koma","status":"publish","type":"post","link":"https:\/\/www.europesays.com\/de\/908607\/","title":{"rendered":"Vermisster liegt schwer verletzt im Koma"},"content":{"rendered":"<p class=\"text_ohne_einzug richtext text-em-55 !leading-serif mx-6 desktop:mx-0\"> F\u00fcr einen 27-J\u00e4hrigen aus Rheinberg endete eine Partynacht in der D\u00fcsseldorfer Altstadt im Koma. Hector L. war am Freitagabend mit Freunden feiern, kehrte aber nicht nach Hause zur\u00fcck und wurde von seinen Angeh\u00f6rigen als vermisst gemeldet. Nun ist klar: Der 27-J\u00e4hrige lag schwer verletzt auf einem Gehweg an der <a href=\"https:\/\/rp-online.de\/thema\/koenigsallee\/\" rel=\"nofollow noopener\" target=\"_blank\">K\u00f6nigsallee<\/a>. Das best\u00e4tigte die D\u00fcsseldorfer <a href=\"https:\/\/rp-online.de\/thema\/polizei\/\" rel=\"nofollow noopener\" target=\"_blank\">Polizei<\/a> am Montag.<\/p>\n<p class=\"richtext text-em-55 !leading-serif mx-6 desktop:mx-0\">Zwei Passanten hatten Hector L. am Samstagmorgen zwischen zwei und drei Uhr auf H\u00f6he der Hausnummer 21 entdeckt und daraufhin den Rettungsdienst verst\u00e4ndigt. Anfangs h\u00e4tten die Verletzungen des Mannes nicht so dramatisch ausgesehen, die Rettungskr\u00e4fte seien von einem Sturz ausgegangen, sagte ein Polizeisprecher. Doch im Krankenhaus habe sich gezeigt, dass Hector L. sich ein schweres Sch\u00e4del-Hirn-Trauma, einen Sch\u00e4delbruch und eine Hirnschwellung zugezogen habe.<\/p>\n<p class=\"richtext text-em-55 !leading-serif mx-6 desktop:mx-0\">Nach Angaben seiner Lebensgef\u00e4hrtin liegt der Mann in der D\u00fcsseldorfer Uniklinik im Koma und ringt um sein Leben. \u201eSein Zustand ist \u00e4u\u00dferst ernst und wir wissen noch nicht, wie sich die Dinge entwickeln\u201c, teilte die Familie mit.<\/p>\n<p class=\"richtext text-em-55 !leading-serif mx-6 desktop:mx-0\">Es ist laut Polizei noch unklar, ob sich der Rheinberger die Verletzungen durch einen Sturz zugezogen habe. Auch eine Straftat k\u00e4me infrage, also m\u00f6glicherweise ein Raub\u00fcberfall. \u201eDa m\u00fcssen wir abwarten, was die \u00c4rzte sagen\u201c, so der Polizeisprecher. Auch m\u00f6gliche \u00dcberwachungskameras sollen gecheckt werden. Die Ermittler wollen zudem die Freunde des 27-J\u00e4hrigen als Zeugen befragen, um mehr \u00fcber die Geschehnisse des Abends herauszufinden.<\/p>\n<p class=\"richtext text-em-55 !leading-serif mx-6 desktop:mx-0\">Hector L. wollte sich am Freitag einen sch\u00f6nen Abend mit Freunden in der D\u00fcsseldorfer Altstadt machen. Irgendwann im Laufe des Abends h\u00e4tten sich die Wege getrennt, der 27-J\u00e4hrige soll allein weitergezogen sein. Was dann passierte, dar\u00fcber kann derzeit nur spekuliert werden.<\/p>\n<p class=\"richtext text-em-55 !leading-serif mx-6 desktop:mx-0\">Jedenfalls kam Hector L. nicht nach Hause und war auch \u00fcber sein <a href=\"https:\/\/rp-online.de\/thema\/handy\/\" rel=\"nofollow noopener\" target=\"_blank\">Handy<\/a> nicht zu erreichen. Seine Angeh\u00f6rigen teilten mit, dass es noch einmal in M\u00f6nchengladbach im Bereich einer Asylbewerberunterkunft habe geortet werden k\u00f6nnen. Neben dem Handy soll der junge Mann auch ein Portemonnaie, seine Uhr und Autoschl\u00fcssel dabei gehabt haben \u2013 das alles sei nicht mehr bei ihm gefunden worden.<\/p>\n<p class=\"richtext text-em-55 !leading-serif mx-6 desktop:mx-0\">Ob er die Wertsachen bereits vorher verlor, sie geraubt oder ihm abgenommen wurden, als er hilflos am Boden lag, ist noch unklar. Hinweise auf eine m\u00f6gliche Tatwaffe gibt es offenbar nicht. Auch ob Hector L. Alkohol getrunken hatte, ist bislang nicht bekannt. Da ein Atemtest nicht m\u00f6glich war, wurde ihm eine Blutprobe abgenommen. Bis die Ergebnisse vorliegen, k\u00f6nnen jedoch Wochen vergehen. Die Ermittlungen dauern an, teilte die Polizei mit.<\/p>\n<p class=\"richtext text-em-55 !leading-serif mx-6 desktop:mx-0\">Wer Hinweise zu dem Fall geben kann, wird gebeten, sich bei der Polizei in <a href=\"https:\/\/rp-online.de\/thema\/duesseldorf\/\" rel=\"nofollow noopener\" target=\"_blank\">D\u00fcsseldorf<\/a> unter der Telefonnummer 0211 8700 zu melden.<\/p>\n","protected":false},"excerpt":{"rendered":"F\u00fcr einen 27-J\u00e4hrigen aus Rheinberg endete eine Partynacht in der D\u00fcsseldorfer Altstadt im Koma. Hector L. war am&hellip;\n","protected":false},"author":2,"featured_media":908608,"comment_status":"","ping_status":"","sticky":false,"template":"","format":"standard","meta":{"footnotes":"","_share_on_mastodon":"0"},"categories":[1831],"tags":[159108,3364,29,3405,30,199123,1209,19170,18524],"class_list":["post-908607","post","type-post","status-publish","format-standard","has-post-thumbnail","category-duesseldorf","tag-angehoerigen","tag-de","tag-deutschland","tag-duesseldorf","tag-germany","tag-hector","tag-nordrhein-westfalen","tag-opfer","tag-rheinberg"],"share_on_mastodon":{"url":"https:\/\/pubeurope.com\/@de\/116319242571013100","error":""},"_links":{"self":[{"href":"https:\/\/www.europesays.com\/de\/wp-json\/wp\/v2\/posts\/908607","targetHints":{"allow":["GET"]}}],"collection":[{"href":"https:\/\/www.europesays.com\/de\/wp-json\/wp\/v2\/posts"}],"about":[{"href":"https:\/\/www.europesays.com\/de\/wp-json\/wp\/v2\/types\/post"}],"author":[{"embeddable":true,"href":"https:\/\/www.europesays.com\/de\/wp-json\/wp\/v2\/users\/2"}],"replies":[{"embeddable":true,"href":"https:\/\/www.europesays.com\/de\/wp-json\/wp\/v2\/comments?post=908607"}],"version-history":[{"count":0,"href":"https:\/\/www.europesays.com\/de\/wp-json\/wp\/v2\/posts\/908607\/revisions"}],"wp:featuredmedia":[{"embeddable":true,"href":"https:\/\/www.europesays.com\/de\/wp-json\/wp\/v2\/media\/908608"}],"wp:attachment":[{"href":"https:\/\/www.europesays.com\/de\/wp-json\/wp\/v2\/media?parent=908607"}],"wp:term":[{"taxonomy":"category","embeddable":true,"href":"https:\/\/www.europesays.com\/de\/wp-json\/wp\/v2\/categories?post=908607"},{"taxonomy":"post_tag","embeddable":true,"href":"https:\/\/www.europesays.com\/de\/wp-json\/wp\/v2\/tags?post=908607"}],"curies":[{"name":"wp","href":"https:\/\/api.w.org\/{rel}","templated":true}]}}