{"id":908864,"date":"2026-03-30T19:35:16","date_gmt":"2026-03-30T19:35:16","guid":{"rendered":"https:\/\/www.europesays.com\/de\/908864\/"},"modified":"2026-03-30T19:35:16","modified_gmt":"2026-03-30T19:35:16","slug":"ueberraschung-in-der-startelf-insgesamt-vier-aenderungen","status":"publish","type":"post","link":"https:\/\/www.europesays.com\/de\/908864\/","title":{"rendered":"\u00dcberraschung in der Startelf \u2013 insgesamt vier \u00c4nderungen"},"content":{"rendered":"<p>Vier \u00c4nderungen <\/p>\n<p>\u00dcberraschung in der DFB-Elf: So spielt Deutschland<\/p>\n<p>Aktualisiert am 30.03.2026 &#8211; 19:42 UhrLesedauer: 2 Min.<\/p>\n<p><a href=\"#focus-0\" class=\"transition-colors duration-200 block text-current relative\" data-sctrack=\"FocusGalleryImage.Reference\"><img fetchpriority=\"high\" data-testid=\"Opener.Image\" style=\"--lqipURL:url('https:\/\/images.t-online.de\/2026\/03\/MNUXIZW9iKF1\/254x213:3134x1763\/fit-in\/150x0\/filters:blur(25)\/julian-nagelsmann-der-bundestrainer-hofft-gegen-ghana-auf-einen-sieg.jpg')\"   loading=\"eager\" src=\"https:\/\/www.europesays.com\/de\/wp-content\/uploads\/2026\/03\/julian-nagelsmann-der-bundestrainer-hofft-gegen-ghana-auf-einen-sieg.jpg\" alt=\"Julian Nagelsmann: Der Bundestrainer hofft gegen Ghana auf einen Sieg.\" title=\"Julian Nagelsmann: Der Bundestrainer hofft gegen Ghana auf einen Sieg.\" width=\"3134\" height=\"1763\" class=\"bg-[url:var(--lqipURL)] bg-cover bg-center flex h-full w-full max-w-full\" decoding=\"async\"\/><img style=\"--width:32;--height:32\" loading=\"lazy\" src=\"https:\/\/www.t-online.de\/s\/paper\/_next\/static\/media\/zoom-in.f7dae02f.svg\" alt=\"Vergr\u00f6\u00dfern des Bildes\" title=\"Vergr\u00f6\u00dfern des Bildes\" class=\"block h-[calc(var(--height)_\/_16_*_1rem)] w-[calc(var(--width)_\/_16_*_1rem)] max-w-none absolute bottom-8 right-8 rounded-4 bg-snow p-8\" decoding=\"async\"\/><\/a><\/p>\n<p>Julian Nagelsmann: Der Bundestrainer hofft gegen Ghana auf einen Sieg. (Quelle: IMAGO\/Moritz Mueller)<\/p>\n<p class=\"font-bold text-18 leading-17 user-text-lg:text-22 user-text-xl:text-24\">Auf den torreichen Sieg in der Schweiz folgt das erste DFB-Heimspiel des Jahres. F\u00fcr das Duell gegen Ghana nimmt der Bundestrainer ein paar \u00c4nderungen vor.<\/p>\n<p>Empfohlener externer Inhalt<img style=\"--height:24\" loading=\"lazy\" src=\"https:\/\/www.t-online.de\/s\/paper\/_next\/static\/media\/twitter.03437b71.svg\" alt=\"X\" title=\"X\" class=\"block h-[calc(var(--height)_\/_16_*_1rem)] w-[calc(var(--width)_\/_16_*_1rem)] max-w-none undefined\" decoding=\"async\"\/>X<\/p>\n<p class=\"text-14 leading-15\">Wir ben\u00f6tigen Ihre Einwilligung, um den von unserer Redaktion eingebundenen X-Inhalt anzuzeigen. Sie k\u00f6nnen diesen (und damit auch alle weiteren X-Inhalte auf t-online.de) mit einem Klick anzeigen lassen und auch wieder deaktivieren.<\/p>\n<p>X-Inhalte immer anzeigen<\/p>\n<p>Ich bin damit einverstanden, dass mir externe Inhalte angezeigt werden. Damit k\u00f6nnen personenbezogene Daten an Drittplattformen \u00fcbermittelt werden. <a target=\"_blank\" class=\"transition-colors duration-200 cursor-pointer text-inherit no-underline text-magenta\" href=\"https:\/\/www.t-online.de\/datenschutz\/id_88397036\/index#17-externe-inhalte\" rel=\"nofollow noopener\">Mehr dazu in unseren Datenschutzhinweisen<\/a>.<\/p>\n<p class=\"text-18 leading-17 user-text-lg:text-22 user-text-xl:text-24\">Die komplette Aufstellung: N\u00fcbel \u2013 Brown, Schlotterbeck, Tah, Kimmich \u2013 Stiller, Gro\u00df \u2013 Wirtz, Gnabry, Havertz \u2013 Woltemade<\/p>\n<p class=\"text-18 leading-17 user-text-lg:text-22 user-text-xl:text-24\">Bereits vor der Partie hatte Nagelsmann einige seiner Entscheidungen bereits erkl\u00e4rt. N\u00fcbel, der bei der WM voraussichtlich die Nummer zwei hinter Oliver Baumann sein soll, bekommt damit vor seinem Heimpublikum in Stuttgart einen besonderen Abend. &#8222;Das ist kein Casting, sondern eine Belohnung f\u00fcr die sehr guten Leistungen \u00fcber einen ganz langen Zeitraum&#8220;, erkl\u00e4rte Nagelsmann.<\/p>\n<p class=\"text-18 leading-17 user-text-lg:text-22 user-text-xl:text-24\">Linksverteidiger Nathaniel Brown, der Stammspieler <a class=\"transition-colors duration-200 cursor-pointer text-inherit no-underline text-salemsfur md:hover:text-magenta md:hover:border-magenta md:focus:text-magenta border-current border-b border-solid break-words\" data-tracking=\"{&quot;action&quot;:&quot;click&quot;,&quot;category&quot;:&quot;intextLink&quot;,&quot;label&quot;:&quot;\/themen\/david-raum\/&quot;}\" href=\"https:\/\/www.t-online.de\/themen\/david-raum\/\" data-sctrack=\"BodyAnchor\" rel=\"nofollow noopener\" target=\"_blank\">David Raum<\/a> herausfordern soll, bekommt die Chance, sich zu zeigen. F\u00fcr die komplette Spielzeit reiche die Kraft nach leichter Verletzung aber noch nicht. Einsatzminuten versprach er auch dem Stuttgarter <a class=\"transition-colors duration-200 cursor-pointer text-inherit no-underline text-salemsfur md:hover:text-magenta md:hover:border-magenta md:focus:text-magenta border-current border-b border-solid break-words\" data-tracking=\"{&quot;action&quot;:&quot;click&quot;,&quot;category&quot;:&quot;intextLink&quot;,&quot;label&quot;:&quot;\/themen\/deniz-undav\/&quot;}\" href=\"https:\/\/www.t-online.de\/themen\/deniz-undav\/\" data-sctrack=\"BodyAnchor\" rel=\"nofollow noopener\" target=\"_blank\">Deniz Undav<\/a>, der zun\u00e4chst auf der Bank sitzt.<\/p>\n<p class=\"text-18 leading-17 user-text-lg:text-22 user-text-xl:text-24\">Pascal Gro\u00df hatte von Nagelsmann im Rahmen der Nominierung ein Sonderlob erhalten. &#8222;Er ist einfach insgesamt sehr, sehr selbstlos&#8220;, sagte der Bundestrainer. &#8222;Er kann mit allen Spielern, egal, wie die ticken.&#8220; Die Partie gegen den WM-Teilnehmer Ghana ist der letzte Auftritt vor der Kadernominierung durch Nagelsmann am 12. Mai.<\/p>\n","protected":false},"excerpt":{"rendered":"Vier \u00c4nderungen \u00dcberraschung in der DFB-Elf: So spielt Deutschland Aktualisiert am 30.03.2026 &#8211; 19:42 UhrLesedauer: 2 Min. Julian&hellip;\n","protected":false},"author":2,"featured_media":908865,"comment_status":"","ping_status":"","sticky":false,"template":"","format":"standard","meta":{"footnotes":"","_share_on_mastodon":"0"},"categories":[5],"tags":[331,332,3569,2294,21670,24706,3364,29,481,3751,30,13,2602,18793,276,14,114446,15,8843,11286,12,293,226],"class_list":["post-908864","post","type-post","status-publish","format-standard","has-post-thumbnail","category-nachrichten","tag-aktuelle-nachrichten","tag-aktuelle-news","tag-alexander-nuebel","tag-bank","tag-bundestrainer","tag-david-raum","tag-de","tag-deutschland","tag-dfb","tag-dfb-elf","tag-germany","tag-headlines","tag-julian-nagelsmann","tag-leon-goretzka","tag-leroy-sane","tag-nachrichten","tag-nathaniel-brown","tag-news","tag-oliver-baumann","tag-pascal-gross","tag-schlagzeilen","tag-schweiz","tag-t-online"],"share_on_mastodon":{"url":"https:\/\/pubeurope.com\/@de\/116319809121459489","error":""},"_links":{"self":[{"href":"https:\/\/www.europesays.com\/de\/wp-json\/wp\/v2\/posts\/908864","targetHints":{"allow":["GET"]}}],"collection":[{"href":"https:\/\/www.europesays.com\/de\/wp-json\/wp\/v2\/posts"}],"about":[{"href":"https:\/\/www.europesays.com\/de\/wp-json\/wp\/v2\/types\/post"}],"author":[{"embeddable":true,"href":"https:\/\/www.europesays.com\/de\/wp-json\/wp\/v2\/users\/2"}],"replies":[{"embeddable":true,"href":"https:\/\/www.europesays.com\/de\/wp-json\/wp\/v2\/comments?post=908864"}],"version-history":[{"count":0,"href":"https:\/\/www.europesays.com\/de\/wp-json\/wp\/v2\/posts\/908864\/revisions"}],"wp:featuredmedia":[{"embeddable":true,"href":"https:\/\/www.europesays.com\/de\/wp-json\/wp\/v2\/media\/908865"}],"wp:attachment":[{"href":"https:\/\/www.europesays.com\/de\/wp-json\/wp\/v2\/media?parent=908864"}],"wp:term":[{"taxonomy":"category","embeddable":true,"href":"https:\/\/www.europesays.com\/de\/wp-json\/wp\/v2\/categories?post=908864"},{"taxonomy":"post_tag","embeddable":true,"href":"https:\/\/www.europesays.com\/de\/wp-json\/wp\/v2\/tags?post=908864"}],"curies":[{"name":"wp","href":"https:\/\/api.w.org\/{rel}","templated":true}]}}