{"id":908957,"date":"2026-03-30T20:24:15","date_gmt":"2026-03-30T20:24:15","guid":{"rendered":"https:\/\/www.europesays.com\/de\/908957\/"},"modified":"2026-03-30T20:24:15","modified_gmt":"2026-03-30T20:24:15","slug":"israels-parlament-beschliesst-todesstrafe-fuer-terroristen-politik","status":"publish","type":"post","link":"https:\/\/www.europesays.com\/de\/908957\/","title":{"rendered":"Israels Parlament beschlie\u00dft Todesstrafe f\u00fcr Terroristen | Politik"},"content":{"rendered":"<p><a class=\"skip-content skip-content--link\" href=\"#in-content-skip-link-target-v-0-0\">TTS-Player \u00fcberspringen\u21b5<\/a><a id=\"in-content-skip-link-target-v-0-0\" class=\"skip-content--target-link-hidden skip-content skip-content--target-link\" href=\"#in-content-skip-link-target-v-0-0\">Artikel weiterlesen<\/a><\/p>\n<p>Jerusalem \u2013 <b>Israel f\u00fchrt die Todesstrafe f\u00fcr Terroristen ein \u2013 und sorgt damit f\u00fcr heftige Kontroversen. Das Parlament billigte am Montag ein entsprechendes Gesetz in dritter und letzter Lesung. 62 Abgeordnete der Knesset stimmten f\u00fcr das Vorhaben der rechtsextremen Koalitionspartei Otzma Jehudit, 48 votierten dagegen.<\/b><\/p>\n<p>Eine Enthaltung wurde gez\u00e4hlt, neun der insgesamt 120 Abgeordneten waren nicht anwesend. Auch Ministerpr\u00e4sident Benjamin Netanjahu (76) stimmte f\u00fcr das Gesetz.<\/p>\n<p>Das Gesetz sieht die Einf\u00fchrung der Todesstrafe f\u00fcr pal\u00e4stinensische Straft\u00e4ter vor, die Israelis aus \u201eterroristischen\u201c Motiven t\u00f6ten. Im Gesetzestext hei\u00dft es, k\u00fcnftig drohe die Todesstrafe oder lebenslange Haft jedem, \u201eder absichtlich den Tod einer Person herbeif\u00fchrt mit dem Ziel, einem israelischen Staatsb\u00fcrger oder Einwohner zu schaden, aus der Absicht, die Existenz des Staates <a href=\"https:\/\/www.bild.de\/news\/ausland\/israel\/thema-israel-alle-infos-80028948.bild.html\" class=\"text-link\" rel=\"nofollow noopener\" target=\"_blank\">Israel<\/a> zu beenden\u201c.<\/p>\n<p>Massaker von Beeri: Daria verlor am 7. Oktober ihre ganze Familie<a class=\"anchor video-teaser__anchor\" href=\"https:\/\/www.bild.de\/news\/daria-verlor-am-7-oktober-2023-ihre-ganze-familie-68e42228c9fcb483178b9cbe\" rel=\"nofollow noopener\" target=\"_blank\"><img decoding=\"async\" width=\"992\" height=\"558\" alt=\"Daria verlor am 7. Oktober 2023 ihre ganze Familie\" src=\"https:\/\/www.europesays.com\/de\/wp-content\/uploads\/2026\/03\/106c8095f50d6c600c11ad3127d8ed43,31810428.jpeg\"   class=\"landscape teaser__image\" loading=\"lazy\"\/><\/a><\/p>\n<p>Quelle: BILD09.10.2025<\/p>\n<p>Milit\u00e4rgerichte im Westjordanland betroffen<\/p>\n<p>Pal\u00e4stinenser, die von einem Milit\u00e4rgericht im besetzten Westjordanland wegen eines vors\u00e4tzlichen und als \u201eTerrortat\u201c eingestuften t\u00f6dlichen Anschlags verurteilt werden, m\u00fcssen k\u00fcnftig grunds\u00e4tzlich mit der Todesstrafe rechnen. Unter \u201ebesonderen Umst\u00e4nden\u201c kann das Strafma\u00df laut Gesetz auf lebenslange Haft reduziert werden.<\/p>\n<p>Bereits vor der Abstimmung hatten Aktivisten angek\u00fcndigt, juristisch gegen das Gesetz vorzugehen. Die israelische Menschenrechtsorganisation Vereinigung f\u00fcr B\u00fcrgerrechte in Israel reichte nach eigenen Angaben Klage beim Obersten Gerichtshof ein.<\/p>\n<p>Internationale Kritik<\/p>\n<p>In Israel ist die Todesstrafe faktisch seit Jahrzehnten ausgesetzt, auch wenn sie theoretisch f\u00fcr bestimmte Verbrechen m\u00f6glich bleibt. Zuletzt wurde 1962 der NS-Verbrecher Adolf Eichmann hingerichtet.<\/p>\n<p>Mehr zum Thema<\/p>\n<p><a href=\"https:\/\/www.bild.de\/themen\/organisationen\/un-united-nations-aktuelle-infos-und-news-9B48SrK8E6MjTWe3frcM\" class=\"text-link\" rel=\"nofollow noopener\" target=\"_blank\">UN<\/a>-Rechtsexperten hatten im Februar vor der Verabschiedung gewarnt. Gerichten werde damit die M\u00f6glichkeit genommen, mildernde Umst\u00e4nde zu ber\u00fccksichtigen und Strafen an der individuellen Schuld auszurichten.<\/p>\n<p>Auch die Bundesregierung \u00e4u\u00dferte sich besorgt. Eine Sprecherin des Ausw\u00e4rtigen Amts bekr\u00e4ftigte die \u201eklare Ablehnung\u201c der Pl\u00e4ne und verwies auf eine gemeinsame Erkl\u00e4rung von Au\u00dfenminister Johann Wadephul (63, CDU) sowie seinen Kollegen aus Frankreich, Italien und Gro\u00dfbritannien. Darin bezeichneten die vier Minister den \u201efaktisch diskriminierenden Charakter\u201c des Gesetzentwurfs als besonders beunruhigend.<\/p>\n","protected":false},"excerpt":{"rendered":"TTS-Player \u00fcberspringen\u21b5Artikel weiterlesen Jerusalem \u2013 Israel f\u00fchrt die Todesstrafe f\u00fcr Terroristen ein \u2013 und sorgt damit f\u00fcr heftige&hellip;\n","protected":false},"author":2,"featured_media":908958,"comment_status":"","ping_status":"","sticky":false,"template":"","format":"standard","meta":{"footnotes":"","_share_on_mastodon":"0"},"categories":[3],"tags":[13,411,14,19741,15,928,12,138370,2544,45,832,10,8,9,11,103,104],"class_list":["post-908957","post","type-post","status-publish","format-standard","has-post-thumbnail","category-welt","tag-headlines","tag-israel","tag-nachrichten","tag-netanjahu-benjamin","tag-news","tag-palaestinenser","tag-schlagzeilen","tag-team-first","tag-terrorismus","tag-texttospeech","tag-todesstrafe","tag-top-news","tag-top-meldungen","tag-topmeldungen","tag-topnews","tag-welt","tag-world"],"share_on_mastodon":{"url":"https:\/\/pubeurope.com\/@de\/116320001678615109","error":""},"_links":{"self":[{"href":"https:\/\/www.europesays.com\/de\/wp-json\/wp\/v2\/posts\/908957","targetHints":{"allow":["GET"]}}],"collection":[{"href":"https:\/\/www.europesays.com\/de\/wp-json\/wp\/v2\/posts"}],"about":[{"href":"https:\/\/www.europesays.com\/de\/wp-json\/wp\/v2\/types\/post"}],"author":[{"embeddable":true,"href":"https:\/\/www.europesays.com\/de\/wp-json\/wp\/v2\/users\/2"}],"replies":[{"embeddable":true,"href":"https:\/\/www.europesays.com\/de\/wp-json\/wp\/v2\/comments?post=908957"}],"version-history":[{"count":0,"href":"https:\/\/www.europesays.com\/de\/wp-json\/wp\/v2\/posts\/908957\/revisions"}],"wp:featuredmedia":[{"embeddable":true,"href":"https:\/\/www.europesays.com\/de\/wp-json\/wp\/v2\/media\/908958"}],"wp:attachment":[{"href":"https:\/\/www.europesays.com\/de\/wp-json\/wp\/v2\/media?parent=908957"}],"wp:term":[{"taxonomy":"category","embeddable":true,"href":"https:\/\/www.europesays.com\/de\/wp-json\/wp\/v2\/categories?post=908957"},{"taxonomy":"post_tag","embeddable":true,"href":"https:\/\/www.europesays.com\/de\/wp-json\/wp\/v2\/tags?post=908957"}],"curies":[{"name":"wp","href":"https:\/\/api.w.org\/{rel}","templated":true}]}}