{"id":909108,"date":"2026-03-30T21:46:17","date_gmt":"2026-03-30T21:46:17","guid":{"rendered":"https:\/\/www.europesays.com\/de\/909108\/"},"modified":"2026-03-30T21:46:17","modified_gmt":"2026-03-30T21:46:17","slug":"abschaltungen-notwendig-netzengpaesse-bremsen-einspeisung-erneuerbarer-energien","status":"publish","type":"post","link":"https:\/\/www.europesays.com\/de\/909108\/","title":{"rendered":"Abschaltungen notwendig: Netzengp\u00e4sse bremsen Einspeisung erneuerbarer Energien"},"content":{"rendered":"<p>Abschaltungen notwendigNetzengp\u00e4sse bremsen Einspeisung erneuerbarer Energien<\/p>\n<p>30.03.2026, 19:46 Uhr <\/p>\n<p>Artikel anh\u00f6ren(03:35 min)<\/p>\n<p><img decoding=\"async\" class=\"Image_img__fQCi0 Image_Img_16_9__4BLfH widget-picture-inline_maximizable__t_E7h\" loading=\"eager\" fetchpriority=\"high\" src=\"https:\/\/www.europesays.com\/de\/wp-content\/uploads\/2026\/03\/Hohe-Windraeder-in-einer-Waldlandschaft-die-sich-in-die-Ferne-erstrecken-unter-einem-klaren-Himmel-W.webp\" alt=\"Hohe-Windraeder-in-einer-Waldlandschaft-die-sich-in-die-Ferne-erstrecken-unter-einem-klaren-Himmel-Windkraftanlage-bei-Schorndorf-Winterbach-Baden-Wuerttemberg-Deutschland\"\/>In S\u00fcddeutschland seltener zu finden als im Norden: Windr\u00e4der. (Foto: picture alliance \/ imageBROKER)TeilenFolgen auf:<a href=\"https:\/\/www.whatsapp.com\/channel\/0029Va5cdVJD8SDp5YZgYF01\" title=\"Auf WhatsApp folgen\" target=\"_blank\" rel=\"nofollow noopener\"><img decoding=\"async\" src=\"https:\/\/www.n-tv.de\/socialIcons\/whatsapp.svg\" alt=\"whatsapp\" class=\"ArticleShare_icon__FsrC2\"\/><\/a><a href=\"https:\/\/news.google.com\/publications\/CAAiEPMdif5mpRNxiLOeUpHCwwsqFAgKIhDzHYn-ZqUTcYiznlKRwsML?hl=de&amp;gl=DE&amp;ceid=DE%3Ade\" title=\"Auf Google News folgen\" target=\"_blank\" rel=\"nofollow noopener\"><img decoding=\"async\" src=\"https:\/\/www.n-tv.de\/socialIcons\/google.svg\" alt=\"whatsapp\" class=\"ArticleShare_icon__FsrC2\"\/><\/a><\/p>\n<p class=\"Typography_text-m__XI0da Typography_weight-bold__uT6mq storyline_lead_text_leadtext__q_wg8\">Der Ausbau der Stromnetze in Deutschland hinkt den Anspr\u00fcchen hinterher. Das hat Konsequenzen. Immer wieder m\u00fcssen wegen zu viel Strom im Netz Anlagen herunter- und andernorts hochgefahren werden. Abschaltungen betreffen oft erneuerbare Energien, was Verbraucher viel Geld kostet. <\/p>\n<p class=\"Typography_text-default__P3otY Typography_weight-normal__pqUbH storyline_paragraph_p__qSR5N\">Engp\u00e4sse in den Stromnetzen haben auch im vergangenen Jahr erneut f\u00fcr zeitweise Abschaltungen von Wind- und Sonnenstromanlagen gef\u00fchrt. &#8222;Insgesamt machten die Abregelungen Erneuerbarer Energien 3,5 Prozent der gesamten erneuerbaren Stromerzeugung aus&#8220;, berichtete die Bundesnetzagentur in Bonn. &#8222;Damit konnten mehr als 96 Prozent der Erneuerbaren Energie ins Netz eingespeist und von den Endverbrauchern genutzt werden&#8220;, betonte die Beh\u00f6rde. Bereits 2024 mussten 3,5 Prozent der erneuerbaren Stromerzeugung abgeregelt werden.<\/p>\n<p class=\"Typography_text-default__P3otY Typography_weight-normal__pqUbH storyline_paragraph_p__qSR5N\">Hintergrund ist, dass in den vergangenen Jahren viele Windr\u00e4der und Solarparks ans Netz gegangen sind, der Netzausbau damit jedoch nicht Schritt gehalten hat. Um \u00dcberlastungen der bestehenden Leitungen zu vermeiden, gibt es das sogenannte Netzengpassmanagement der Netzbetreiber. Hauptma\u00dfnahme ist eine kurzfristige \u00c4nderung der Kraftwerkseinsatzplanung, der sogenannte Redispatch.<\/p>\n<p class=\"Typography_text-default__P3otY Typography_weight-normal__pqUbH storyline_paragraph_p__qSR5N\">Dabei werden bei einem drohenden Leitungsengpass Stromerzeuger diesseits des Engpasses angewiesen, ihre Einspeisung zu drosseln. Das sind zum Beispiel Windr\u00e4der in Norddeutschland, die abgeregelt werden. Anlagen jenseits des Engpasses m\u00fcssen gleichzeitig mehr einspeisen. Das sind etwa Steinkohle- oder Gaskraftwerke in S\u00fcddeutschland.<\/p>\n<p class=\"Typography_text-default__P3otY Typography_weight-normal__pqUbH storyline_paragraph_p__qSR5N\">Die Anlagenbetreiber auf beiden Seiten bekommen bei solchen Ma\u00dfnahmen Geld: Die Betreiber konventioneller Kraftwerke f\u00fcr zus\u00e4tzliche Eins\u00e4tze auf der einen Engpass-Seite, die Erneuerbaren-Betreiber als Entsch\u00e4digung f\u00fcr abgeregelten Strom auf der anderen Seite. Diese Kosten werden \u00fcber die Netzentgelte auf alle Stromkunden umgelegt.<\/p>\n<p>Drei Milliarden Euro f\u00fcr Netzengpassmanagement<\/p>\n<p class=\"Typography_text-default__P3otY Typography_weight-normal__pqUbH storyline_paragraph_p__qSR5N\">Die Kosten f\u00fcr das gesamte Netzengpassmanagement stiegen 2025 laut Bundesnetzagentur um vier Prozent auf knapp 3,1 Milliarden Euro. Das Ma\u00dfnahmenvolumen blieb gleich. 2023 lagen die Kosten noch bei etwa 3,4 Milliarden Euro.<\/p>\n<p class=\"Typography_text-default__P3otY Typography_weight-normal__pqUbH storyline_paragraph_p__qSR5N\">Wenn die Einspeisung von Erzeugungsanlagen reduziert wurde, stammten 2025 60 Prozent des betroffenen Stromvolumens von Erneuerbaren-Anlagen. Aber auch konventionelle Kraftwerke waren von solchen Ma\u00dfnahmen betroffen. Die am st\u00e4rksten betroffenen Energietr\u00e4ger waren dabei Braunkohle, Erdgas und Steinkohle. Einen Teil der Redispatch-Ma\u00dfnahmen wickeln die Netzbetreiber auch \u00fcber die Stromb\u00f6rse ab, wobei eine genaue Zuordnung zu Anlagen nicht m\u00f6glich ist.<\/p>\n<p class=\"Typography_text-default__P3otY Typography_weight-normal__pqUbH storyline_paragraph_p__qSR5N\">Das Bundeswirtschaftsministerium will, dass der Ausbau von Stromnetzen und erneuerbaren Energien k\u00fcnftig besser aufeinander abgestimmt wird und insgesamt die Kosten sinken. Einem Referentenentwurf zufolge soll es in stark belasteten Netzgebieten k\u00fcnftig f\u00fcr neue Wind- oder Solarparks keine Entsch\u00e4digung mehr geben, falls die Anlagen abgeregelt werden m\u00fcssen. Umweltverb\u00e4nde, die Gr\u00fcnen und die Erneuerbaren-Branche kritisieren die Pl\u00e4ne.<\/p>\n<p class=\"Typography_text-s__wu_cm Typography_weight-normal__pqUbH Typography_color-darkgrey__sZEnP article-detail-footer_source__KslPc\">Quelle: ntv.de, als\/dpa<\/p>\n","protected":false},"excerpt":{"rendered":"Abschaltungen notwendigNetzengp\u00e4sse bremsen Einspeisung erneuerbarer Energien 30.03.2026, 19:46 Uhr Artikel anh\u00f6ren(03:35 min) In S\u00fcddeutschland seltener zu finden als&hellip;\n","protected":false},"author":2,"featured_media":909109,"comment_status":"","ping_status":"","sticky":false,"template":"","format":"standard","meta":{"footnotes":"","_share_on_mastodon":"0"},"categories":[134],"tags":[21079,1517,175,170,169,29,9700,30,12020,171,174,1523,173,172,12587,55],"class_list":["post-909108","post","type-post","status-publish","format-standard","has-post-thumbnail","category-unternehmen-maerkte","tag-stromnetze","tag-bundesnetzagentur","tag-business","tag-companies","tag-companies-markets","tag-deutschland","tag-erneuerbare-energien","tag-germany","tag-kohlekraftwerke","tag-markets","tag-maerkte","tag-photovoltaik","tag-unternehmen","tag-unternehmen-maerkte","tag-windenergie","tag-wirtschaft"],"share_on_mastodon":{"url":"https:\/\/pubeurope.com\/@de\/116320324233188939","error":""},"_links":{"self":[{"href":"https:\/\/www.europesays.com\/de\/wp-json\/wp\/v2\/posts\/909108","targetHints":{"allow":["GET"]}}],"collection":[{"href":"https:\/\/www.europesays.com\/de\/wp-json\/wp\/v2\/posts"}],"about":[{"href":"https:\/\/www.europesays.com\/de\/wp-json\/wp\/v2\/types\/post"}],"author":[{"embeddable":true,"href":"https:\/\/www.europesays.com\/de\/wp-json\/wp\/v2\/users\/2"}],"replies":[{"embeddable":true,"href":"https:\/\/www.europesays.com\/de\/wp-json\/wp\/v2\/comments?post=909108"}],"version-history":[{"count":0,"href":"https:\/\/www.europesays.com\/de\/wp-json\/wp\/v2\/posts\/909108\/revisions"}],"wp:featuredmedia":[{"embeddable":true,"href":"https:\/\/www.europesays.com\/de\/wp-json\/wp\/v2\/media\/909109"}],"wp:attachment":[{"href":"https:\/\/www.europesays.com\/de\/wp-json\/wp\/v2\/media?parent=909108"}],"wp:term":[{"taxonomy":"category","embeddable":true,"href":"https:\/\/www.europesays.com\/de\/wp-json\/wp\/v2\/categories?post=909108"},{"taxonomy":"post_tag","embeddable":true,"href":"https:\/\/www.europesays.com\/de\/wp-json\/wp\/v2\/tags?post=909108"}],"curies":[{"name":"wp","href":"https:\/\/api.w.org\/{rel}","templated":true}]}}