{"id":90913,"date":"2025-05-07T06:27:12","date_gmt":"2025-05-07T06:27:12","guid":{"rendered":"https:\/\/www.europesays.com\/de\/90913\/"},"modified":"2025-05-07T06:27:12","modified_gmt":"2025-05-07T06:27:12","slug":"stricken-im-kino-neuer-trend-erreicht-niedersachsen","status":"publish","type":"post","link":"https:\/\/www.europesays.com\/de\/90913\/","title":{"rendered":"Stricken im Kino \u2013 Neuer Trend erreicht Niedersachsen"},"content":{"rendered":"<p>Neuer Trend im Norden <\/p>\n<p>In diesen Kinos bleibt das Licht an \u2013 Warum ist das so?<\/p>\n<p>07.05.2025 &#8211; 07:55 UhrLesedauer: 1 Min.<\/p>\n<p><a href=\"#focus-0\" class=\"transition-colors duration-200 focus-within:text-magenta block text-current relative\" data-sctrack=\"FocusGalleryImage.Reference\"><img fetchpriority=\"high\" data-testid=\"Opener.Image\" style=\"--lqipURL:url('https:\/\/images.t-online.de\/2025\/05\/pq0dbxD4qf-h\/0x30:1950x1097\/fit-in\/150x0\/filters:blur(25)\/vorwiegend-kinobesucherinnen-stricken-waehrend-einer-filmvorfuehrung-im-casablanca-kino-in-oldenburg-der-trend-stammt-aus-skandinavien.jpg')\"   loading=\"eager\" src=\"https:\/\/www.europesays.com\/de\/wp-content\/uploads\/2025\/05\/vorwiegend-kinobesucherinnen-stricken-waehrend-einer-filmvorfuehrung-im-casablanca-kino-in-oldenburg.jpeg\" alt=\"Vorwiegend Kinobesucherinnen stricken w\u00e4hrend einer Filmvorf\u00fchrung im Casablanca-Kino in Oldenburg. Der Trend stammt aus Skandinavien.\" title=\"Vorwiegend Kinobesucherinnen stricken w\u00e4hrend einer Filmvorf\u00fchrung im Casablanca-Kino in Oldenburg. Der Trend stammt aus Skandinavien.\" width=\"1950\" height=\"1097\" class=\"bg-[url:var(--lqipURL)] bg-cover bg-center flex w-full max-w-full h-full\" decoding=\"async\"\/><img style=\"--width:32;--height:32\" loading=\"lazy\" src=\"https:\/\/www.europesays.com\/de\/wp-content\/uploads\/2025\/03\/zoom-in.f7dae02f.svg.svg+xml\" alt=\"Vergr\u00f6\u00dfern des Bildes\" title=\"Vergr\u00f6\u00dfern des Bildes\" class=\"&#10;        block&#10;        h-[calc(var(--height)_\/_16_*_1rem)]&#10;        w-[calc(var(--width)_\/_16_*_1rem)]&#10;        max-w-none&#10;        absolute bottom-8 right-8 rounded-4 bg-snow p-8\" decoding=\"async\"\/><\/a><\/p>\n<p>Vorwiegend Kinobesucherinnen stricken w\u00e4hrend einer Filmvorf\u00fchrung im Casablanca-Kino in Oldenburg. Der Trend stammt aus Skandinavien. (Quelle: Izabela Mittwollen\/dpa)<\/p>\n<p class=\"font-bold text-18 leading-17\">Licht an, Strickzeug raus: Auch in norddeutschen Kinos setzt sich ein Trend aus Skandinavien durch. Was es damit auf sich hat.<\/p>\n<p class=\"text-18 leading-17\">Immer mehr Kinos in Niedersachsen folgen dem Handarbeits-Trend und bieten Strickkino-Events an. Das Astor Grand Cinema in <a class=\"transition-colors duration-200 cursor-pointer text-inherit no-underline text-salemsfur md:hover:text-magenta md:hover:border-magenta md:focus:text-magenta border-current border-b border-solid break-words\" href=\"https:\/\/www.t-online.de\/region\/hannover\/\" data-sctrack=\"BodyAnchor\" rel=\"nofollow noopener\" target=\"_blank\">Hannover<\/a> organisiert beispielsweise solche Veranstaltungen, die viele Besucher anlocken.<\/p>\n<p class=\"text-18 leading-17\">Jessica Nebelung, Theaterleiterin des Astor Grand Cinema, berichtet von einer wachsenden Beliebtheit dieser Veranstaltungen. &#8222;Die G\u00e4ste kommen schon eine Stunde vor dem Filmbeginn, quatschen und stricken im Foyer&#8220;, sagt sie. Solche Events f\u00f6rderten den sozialen Austausch, da \u00fcber das gemeinsame Hobby leicht Gespr\u00e4che entstehen. So h\u00e4tten sich bereits viele neue Bekanntschaften gebildet.<\/p>\n<p class=\"text-18 leading-17\">Auch im Oldenburger Casablanca ist der Trend angekommen. Doris Jan\u00dfen, Leiterin des Kinos, war \u00fcberrascht von der hohen Nachfrage bei ihrem ersten Event im M\u00e4rz. Besonders Frauen sch\u00e4tzen diese M\u00f6glichkeit des gemeinsamen Handarbeitens. Alle Generationen sind vertreten \u2013 vom Kind bis zur Seniorin.<\/p>\n<p class=\"text-18 leading-17\">Damit beim Filmgucken auch Maschen gez\u00e4hlt werden k\u00f6nnen, bleibt das Licht im Saal gedimmt. &#8222;Wir haben das genau abgestimmt, damit man sowohl dunkle als auch helle Wolle noch sehen kann&#8220;, erkl\u00e4rt Nebelung. Der Trend zeigt: In Hannover verbindet das Stricken im Kino Menschen jeden Alters.<\/p>\n","protected":false},"excerpt":{"rendered":"Neuer Trend im Norden In diesen Kinos bleibt das Licht an \u2013 Warum ist das so? 07.05.2025 &#8211;&hellip;\n","protected":false},"author":2,"featured_media":90914,"comment_status":"","ping_status":"","sticky":false,"template":"","format":"standard","meta":{"footnotes":""},"categories":[1836],"tags":[722,2072,37445,37448,3364,29,30,46,37447,1411,3560,37142,37446],"class_list":{"0":"post-90913","1":"post","2":"type-post","3":"status-publish","4":"format-standard","5":"has-post-thumbnail","7":"category-hannover","8":"tag-722","9":"tag-2072","10":"tag-astor-grand-cinema","11":"tag-casablanca","12":"tag-de","13":"tag-deutschland","14":"tag-germany","15":"tag-hannover","16":"tag-jessica-nebelung","17":"tag-niedersachsen","18":"tag-oldenburg","19":"tag-skandinavien","20":"tag-strickzeug"},"share_on_mastodon":{"url":"https:\/\/pubeurope.com\/@de\/114465134563901011","error":""},"_links":{"self":[{"href":"https:\/\/www.europesays.com\/de\/wp-json\/wp\/v2\/posts\/90913","targetHints":{"allow":["GET"]}}],"collection":[{"href":"https:\/\/www.europesays.com\/de\/wp-json\/wp\/v2\/posts"}],"about":[{"href":"https:\/\/www.europesays.com\/de\/wp-json\/wp\/v2\/types\/post"}],"author":[{"embeddable":true,"href":"https:\/\/www.europesays.com\/de\/wp-json\/wp\/v2\/users\/2"}],"replies":[{"embeddable":true,"href":"https:\/\/www.europesays.com\/de\/wp-json\/wp\/v2\/comments?post=90913"}],"version-history":[{"count":0,"href":"https:\/\/www.europesays.com\/de\/wp-json\/wp\/v2\/posts\/90913\/revisions"}],"wp:featuredmedia":[{"embeddable":true,"href":"https:\/\/www.europesays.com\/de\/wp-json\/wp\/v2\/media\/90914"}],"wp:attachment":[{"href":"https:\/\/www.europesays.com\/de\/wp-json\/wp\/v2\/media?parent=90913"}],"wp:term":[{"taxonomy":"category","embeddable":true,"href":"https:\/\/www.europesays.com\/de\/wp-json\/wp\/v2\/categories?post=90913"},{"taxonomy":"post_tag","embeddable":true,"href":"https:\/\/www.europesays.com\/de\/wp-json\/wp\/v2\/tags?post=90913"}],"curies":[{"name":"wp","href":"https:\/\/api.w.org\/{rel}","templated":true}]}}