{"id":909291,"date":"2026-03-30T23:35:14","date_gmt":"2026-03-30T23:35:14","guid":{"rendered":"https:\/\/www.europesays.com\/de\/909291\/"},"modified":"2026-03-30T23:35:14","modified_gmt":"2026-03-30T23:35:14","slug":"bildungsurlaub-bochum-startet-kurs-zur-stress-regulation","status":"publish","type":"post","link":"https:\/\/www.europesays.com\/de\/909291\/","title":{"rendered":"Bildungsurlaub Bochum startet Kurs zur Stress-Regulation"},"content":{"rendered":"<p>Ein neuer Kurs in Bochum vermittelt Techniken zur Nervenregulation. Der Trendbericht 2026 zeigt, dass jeder zweite deutsche Bildungsurlaub einen Gesundheitsschwerpunkt hat.<\/p>\n<p>Ein neuer Bildungsurlaub in Bochum vermittelt ab sofort Techniken zur Nervenregulation. Der Kurs \u201eNeurosystemische Integration\u201c zielt auf nachhaltigen Stressabbau f\u00fcr Berufst\u00e4tige.<\/p>\n<p>Jeder zweite Bildungsurlaub ist ein Gesundheitskurs<\/p>\n<p>Die Nachfrage danach ist hoch: Laut dem aktuellen Bildungsurlaub Trendbericht 2026 legt mittlerweile jeder zweite deutsche Bildungsurlaub einen Schwerpunkt auf Gesundheit. Besch\u00e4ftigte nutzen ihre freien Tage zunehmend, um in mentale und k\u00f6rperliche Resilienz zu investieren.<\/p>\n<p>Anzeige<\/p>\n<p>Dauerstress im Job belastet nicht nur die Psyche, sondern f\u00fchrt oft auch zu schmerzhaften Verspannungen im K\u00f6rper. Dieser kostenlose Ratgeber zeigt Ihnen 17 einfache 3-Minuten-\u00dcbungen, mit denen Sie gezielt f\u00fcr Entlastung sorgen und Ihre Vitalit\u00e4t steigern k\u00f6nnen. <strong><a href=\"https:\/\/gesundheitswissen-aktuell.de\/lp\/wunderuebungen\/?af=KOOP_G_FM_DNV_YES_WUNDERUEBUNGEN_X-RSS-Ad-Hoc-News-AD1of2-EAID-809988\" rel=\"noopener nofollow\" style=\"color: #337ab7 !important; font-weight: bold; text-decoration: underline;\" target=\"_blank\">Wessinghages 3-Minuten-Plan jetzt gratis sichern<\/a><\/strong><\/p>\n<p>Der Bochumer Kurs kombiniert k\u00f6rperliche mit psychologischen Ans\u00e4tzen. Teilnehmer reflektieren ihre Wahrnehmungs- und Handlungsmuster, um Stressoren besser zu verstehen. Das Ziel ist mehr innere Balance \u2013 und damit mehr Leistungsf\u00e4higkeit im Job.<\/p>\n<p>Warum das Nervensystem im Fokus steht<\/p>\n<p>Moderne Arbeitswelten mit Dauerstress und st\u00e4ndiger Erreichbarkeit \u00fcberfordern das autonome Nervensystem. Experten sehen in der F\u00e4higkeit zur Selbstregulation einen Schl\u00fcssel, um gesund zu bleiben. Ein \u00e4hnlicher Kurs tr\u00e4gt den treffenden Titel \u201eRepariere, was Dein Nervensystem stresst\u201c.<\/p>\n<p>Diese Angebote vermitteln praktische \u00dcbungen aus Achtsamkeit, Yoga oder Atemtechnik. Sie sollen helfen, mit t\u00e4glichen Herausforderungen gelassener umzugehen und die Konzentration zu steigern.<\/p>\n<p>Anzeige<\/p>\n<p>Wer im Arbeitsalltag unter Zeitdruck steht, ben\u00f6tigt effektive Strategien, um den Fokus zu behalten und die eigene Energie richtig einzuteilen. Das kostenlose E-Book \u201eStressfrei produktiv\u201c bietet Ihnen sofort umsetzbare Achtsamkeits\u00fcbungen und L\u00f6sungen gegen die h\u00e4ufigsten Zeitdiebe. <strong><a href=\"https:\/\/www.personalwissen-info.de\/ebooks\/work-life-balance\/?af=KOOP_MFW_BWRP_DNV_YES_WORK-LIFE-BALANCE_X-RSS-Ad-Hoc-News-AD2of2-EAID-809988\" rel=\"noopener nofollow\" style=\"color: #337ab7 !important; font-weight: bold; text-decoration: underline;\" target=\"_blank\">Gratis E-Book f\u00fcr mehr Work-Life-Balance herunterladen<\/a><\/strong><\/p>\n<p>Gesetze f\u00f6rdern den Trend \u2013 fast \u00fcberall<\/p>\n<p>Der gesetzliche Anspruch auf Bildungsurlaub ist in 15 Bundesl\u00e4ndern verankert. Nur Bayern hat keine Regelung. Sachsen beschloss Anfang Februar ein neues Gesetz: Ab 2027 gibt es dort drei Tage Bildungszeit pro Jahr.<\/p>\n<p>\u00d6sterreich ersetzte zum Jahreswechsel die Bildungskarenz durch ein neues Modell. Die \u201eWeiterbildungszeit\u201c f\u00f6rdert st\u00e4rker arbeitsmarktnahe Qualifikationen, ist aber mit strengeren Nachweispflichten verbunden.<\/p>\n<p>Was kommt nach dem Stresskurs?<\/p>\n<p>Die Nachfrage zeigt einen klaren Trend: Pr\u00e4vention wird immer wichtiger. Unternehmen erkennen den Wert solcher Kurse gegen Burnout und f\u00fcr die Mitarbeiterzufriedenheit.<\/p>\n<p>F\u00fcr die Zukunft k\u00f6nnten weitere spezialisierte Angebote folgen \u2013 etwa zur digitalen Entgiftung, f\u00fcr besseren Schlaf oder mehr emotionale Intelligenz. Auch hybride Lernformate sollen den Zugang zu dieser Art der Weiterbildung erleichtern.<\/p>\n","protected":false},"excerpt":{"rendered":"Ein neuer Kurs in Bochum vermittelt Techniken zur Nervenregulation. Der Trendbericht 2026 zeigt, dass jeder zweite deutsche Bildungsurlaub&hellip;\n","protected":false},"author":2,"featured_media":909292,"comment_status":"","ping_status":"","sticky":false,"template":"","format":"standard","meta":{"footnotes":"","_share_on_mastodon":"0"},"categories":[1839],"tags":[7671,7507,3364,29,30,199432,10083,199430,1209,199429,155288,199431],"class_list":["post-909291","post","type-post","status-publish","format-standard","has-post-thumbnail","category-bochum","tag-bildungsurlaub","tag-bochum","tag-de","tag-deutschland","tag-germany","tag-gesundheitsschwerpunkt","tag-kurs","tag-nervenregulation","tag-nordrhein-westfalen","tag-stress-regulation","tag-techniken","tag-trendbericht"],"share_on_mastodon":{"url":"https:\/\/pubeurope.com\/@de\/116320752527505592","error":""},"_links":{"self":[{"href":"https:\/\/www.europesays.com\/de\/wp-json\/wp\/v2\/posts\/909291","targetHints":{"allow":["GET"]}}],"collection":[{"href":"https:\/\/www.europesays.com\/de\/wp-json\/wp\/v2\/posts"}],"about":[{"href":"https:\/\/www.europesays.com\/de\/wp-json\/wp\/v2\/types\/post"}],"author":[{"embeddable":true,"href":"https:\/\/www.europesays.com\/de\/wp-json\/wp\/v2\/users\/2"}],"replies":[{"embeddable":true,"href":"https:\/\/www.europesays.com\/de\/wp-json\/wp\/v2\/comments?post=909291"}],"version-history":[{"count":0,"href":"https:\/\/www.europesays.com\/de\/wp-json\/wp\/v2\/posts\/909291\/revisions"}],"wp:featuredmedia":[{"embeddable":true,"href":"https:\/\/www.europesays.com\/de\/wp-json\/wp\/v2\/media\/909292"}],"wp:attachment":[{"href":"https:\/\/www.europesays.com\/de\/wp-json\/wp\/v2\/media?parent=909291"}],"wp:term":[{"taxonomy":"category","embeddable":true,"href":"https:\/\/www.europesays.com\/de\/wp-json\/wp\/v2\/categories?post=909291"},{"taxonomy":"post_tag","embeddable":true,"href":"https:\/\/www.europesays.com\/de\/wp-json\/wp\/v2\/tags?post=909291"}],"curies":[{"name":"wp","href":"https:\/\/api.w.org\/{rel}","templated":true}]}}