{"id":909379,"date":"2026-03-31T00:22:15","date_gmt":"2026-03-31T00:22:15","guid":{"rendered":"https:\/\/www.europesays.com\/de\/909379\/"},"modified":"2026-03-31T00:22:15","modified_gmt":"2026-03-31T00:22:15","slug":"eric-stehfest-abrechnung-mit-edith-nach-traenen-video","status":"publish","type":"post","link":"https:\/\/www.europesays.com\/de\/909379\/","title":{"rendered":"Eric Stehfest: Abrechnung mit Edith nach Tr\u00e4nen-Video"},"content":{"rendered":"<p>Edith Stehfest teilt emotionale Zeilen \u00fcber ihre Kinder &#8211; Eric Stehfest reagiert<\/p>\n<p>Neuer \u00c4rger bei den Stehfests: Schon kurz nachdem ihre Trennung im Herbst 2025 bekannt geworden war, <a href=\"https:\/\/www.ok-magazin.de\/people\/eric-stehfest-jugendamt-co-streit-mit-edith-stehfest-um-die-kinder-eskaliert-110684.html\" data-entity-type=\"node\" data-entity-uuid=\"bb048998-76d4-4089-ace8-30d2a840d9a4\" data-entity-substitution=\"canonical\" rel=\"nofollow noopener\" target=\"_blank\">erhoben Eric (36) und Edith Stehfest (30) im Netz schwere Vorw\u00fcrfe gegeneinander<\/a>. Auch bei &#8222;Promis unter Palmen&#8220; war zu sehen, dass es allem Anschein nach <strong>noch viele offene Konflikte zwischen den beiden gibt<\/strong> &#8211; und dabei geht es offenbar unter anderem auch um die beiden gemeinsamen Kinder. Vor wenigen Stunden teilte die 30-J\u00e4hrige in ihrer Story nun Aufnahmen von sich, die sie weinend zeigen. Dazu schrieb sie: &#8222;In manchen N\u00e4chten ist es besonders schlimm. Ich vermisse euch so schrecklich, meine beiden kleinen Engel. <strong>Ich finde einen Weg, damit ihr wieder bei mir sein d\u00fcrft. <\/strong>Versprochen.&#8220; In einer weiteren Sequenz hie\u00df es: &#8222;Ich habe euch 9 Monate in meinem Bauch getragen. 9 Jahre besch\u00fctzt. Jeden verdammten Tag zerrei\u00dft mich die Sehnsucht und ich habe manchmal Angst, in meinen eigenen Tr\u00e4nen zu ertrinken. Vergesst das nie: Mama ist nicht gegangen, weil sie euch nicht liebt.&#8220;\u00a0<\/p>\n<p>Eric Stehfest: &#8222;Fang an, zu erkennen, was du daf\u00fcr getan hast, dass die Situation jetzt so ist&#8220;<\/p>\n<p>Bis heute ist unklar, warum genau die beiden Kinder <strong>Aaron Amadeus <\/strong>und <strong>Aria Litera <\/strong>derzeit ausschlie\u00dflich bei Eric Stehfest leben, denn sowohl er als auch Edith \u00e4u\u00dferten sich bislang nicht \u00f6ffentlich zu den Gr\u00fcnden. Dennoch machte der Ex-GZSZ-Star in einem YouTube-Interview mit K\u00fcnstlermanager Ramon Wagner k\u00fcrzlich mehrere vielsagende Andeutungen, <a href=\"https:\/\/www.ok-magazin.de\/people\/eric-stehfest-bittere-andeutung-zur-trennung-von-edith-der-grund-war-so-schlimm-112878.html\" data-entity-type=\"node\" data-entity-uuid=\"64a2055d-08a9-47eb-b99e-268381ca0fbd\" data-entity-substitution=\"canonical\" rel=\"nofollow noopener\" target=\"_blank\">die unter anderem den Grund f\u00fcr das Ehe-Aus betrafen.<\/a> Dass Edith das Thema rund um die beiden Kinder nun erneut in die \u00d6ffentlichkeit bringt, geht Eric aber m\u00e4chtig gegen den Strich. Auch er meldete sich in seiner Instagram-Story zu Wort, obwohl er nach eigenen Angaben lieber vermieden h\u00e4tte, wie er betont: &#8222;Ich wollte eigentlich nichts sagen, aber irgendwie f\u00fchlt sich das nicht richtig an. Ich habe sehr lange alles runtergeschluckt und es hat mich am Ende sehr krank gemacht. Jeder hat das Recht, seine Wahrheit auszusprechen&#8220;, so der 36-J\u00e4hrige.<\/p>\n<p>&#8222;Ich habe die Kinder in Sicherheit gebracht&#8220;<\/p>\n<p>Im weiteren Verlauf des Statements fand er deutliche Worte f\u00fcr seine Ex: &#8222;Ich war immer da. Habe mich vor dich gestellt. Und jetzt sind wir an einem Punkt, wo es mir pers\u00f6nlich einfach reicht. Du stellst dich als Opfer hin, obwohl du in dieser Geschichte nicht das Opfer bist. Wenn du einen Weg finden willst, wieder einen normalen Umgang mit den Kindern zu haben, <strong>dann fang an richtig hinzuschauen und zu erkennen, was du getan hast daf\u00fcr, dass die Situation jetzt so ist&#8220;<\/strong>, so Eric. Und damit nicht genug, denn der &#8222;Promis unter Palmen&#8220;-Kandidat stellte weiterhin klar:\u00a0<\/p>\n<blockquote>\n<p>Es gab niemand au\u00dfer dir selbst, der daf\u00fcr gesorgt hat, dass wir an so einem Punkt gelandet sind. Ich bin der Letzte, der das so wollte. Ich habe monatelang gek\u00e4mpft daf\u00fcr, dass ganze irgendwie noch aufzuhalten, auch auf Kosten meiner eigenen Gesundheit. <strong>Ich habe einfach die Kinder in Sicherheit gebracht und wenn das nicht passiert w\u00e4re, h\u00e4tte man uns mit Sicherheit die Kinder schon l\u00e4ngst weggenommen.\u00a0<\/strong><\/p>\n<\/blockquote>\n<p>Er forderte von Edith: &#8222;H\u00f6r auf, den Fehler bei anderen zu suchen. S<strong>ch\u00f6n, dass dir jetzt auff\u00e4llt, dass sie dir fehlen. Das sah viele Monate davor anders aus. <\/strong>Da waren andere Dinge wichtiger. Ich w\u00fcnsche mir sehr, dass du dich jetzt mal wirklich um dich k\u00fcmmerst und dass wir irgendwann einen gesunden Umgang mit den Kindern als Eltern finden. Doch es war so, wie es jetzt ist, wichtig und richtig. Sowohl Schule als auch Kita haben r\u00fcckgemeldet, dass die Kinder eine positive Entwicklung gemacht haben. Den beiden geht es gut. Tu bitte nicht so, als w\u00fcrde es ihnen bei mir nicht gut gehen. Danke!&#8220;\u00a0<\/p>\n<p>Bleibt abzuwarten, ob sich Edith Stehfest zu den klaren Worten ihres Noch-Ehemannes ebenfalls noch einmal \u00e4u\u00dfern wird &#8230;<\/p>\n<p><strong>Verwendete Quellen<\/strong>: Instagram<\/p>\n<p>\n            Wann haben sich Eric und Edith Stehfest getrennt?\n        <\/p>\n<p>Im Herbst 2025 gab Edith Stehfest \u00fcberraschend die Trennung von Ehemann Eric nach fast zehn Jahren Ehe und zwei gemeinsamen Kindern bekannt. Damals betonte sie, dass sie und der Schauspieler in Wahrheit schon seit Monaten getrennt gewesen seien, schon ein Jahr zuvor war sie aus dem gemeinsamen Haus ausgezogen. Eric widersprach dieser Darstellung im M\u00e4rz 2026 dann aber und betonte, dass sie sich erst kurz vor den Dreharbeiten zur Sat.1-Show &#8222;Promis unter Palmen&#8220; offiziell getrennt h\u00e4tten.\u00a0<\/p>\n","protected":false},"excerpt":{"rendered":"Edith Stehfest teilt emotionale Zeilen \u00fcber ihre Kinder &#8211; Eric Stehfest reagiert Neuer \u00c4rger bei den Stehfests: Schon&hellip;\n","protected":false},"author":2,"featured_media":909380,"comment_status":"","ping_status":"","sticky":false,"template":"","format":"standard","meta":{"footnotes":"","_share_on_mastodon":"0"},"categories":[1776],"tags":[1801,106064,29,116596,214,116597,30,1802,10865,215],"class_list":["post-909379","post","type-post","status-publish","format-standard","has-post-thumbnail","category-prominente","tag-celebrities","tag-deutsche-stars","tag-deutschland","tag-edith-stehfest","tag-entertainment","tag-eric-stehfest","tag-germany","tag-prominente","tag-trennung","tag-unterhaltung"],"share_on_mastodon":{"url":"https:\/\/pubeurope.com\/@de\/116320937453706095","error":""},"_links":{"self":[{"href":"https:\/\/www.europesays.com\/de\/wp-json\/wp\/v2\/posts\/909379","targetHints":{"allow":["GET"]}}],"collection":[{"href":"https:\/\/www.europesays.com\/de\/wp-json\/wp\/v2\/posts"}],"about":[{"href":"https:\/\/www.europesays.com\/de\/wp-json\/wp\/v2\/types\/post"}],"author":[{"embeddable":true,"href":"https:\/\/www.europesays.com\/de\/wp-json\/wp\/v2\/users\/2"}],"replies":[{"embeddable":true,"href":"https:\/\/www.europesays.com\/de\/wp-json\/wp\/v2\/comments?post=909379"}],"version-history":[{"count":0,"href":"https:\/\/www.europesays.com\/de\/wp-json\/wp\/v2\/posts\/909379\/revisions"}],"wp:featuredmedia":[{"embeddable":true,"href":"https:\/\/www.europesays.com\/de\/wp-json\/wp\/v2\/media\/909380"}],"wp:attachment":[{"href":"https:\/\/www.europesays.com\/de\/wp-json\/wp\/v2\/media?parent=909379"}],"wp:term":[{"taxonomy":"category","embeddable":true,"href":"https:\/\/www.europesays.com\/de\/wp-json\/wp\/v2\/categories?post=909379"},{"taxonomy":"post_tag","embeddable":true,"href":"https:\/\/www.europesays.com\/de\/wp-json\/wp\/v2\/tags?post=909379"}],"curies":[{"name":"wp","href":"https:\/\/api.w.org\/{rel}","templated":true}]}}