{"id":90955,"date":"2025-05-07T06:49:11","date_gmt":"2025-05-07T06:49:11","guid":{"rendered":"https:\/\/www.europesays.com\/de\/90955\/"},"modified":"2025-05-07T06:49:11","modified_gmt":"2025-05-07T06:49:11","slug":"hamburg-frau-stirbt-nach-gas-austritt-handwerker-erneut-vor-gericht","status":"publish","type":"post","link":"https:\/\/www.europesays.com\/de\/90955\/","title":{"rendered":"Hamburg: Frau stirbt nach Gas-Austritt: Handwerker erneut vor Gericht"},"content":{"rendered":"<p class=\"metatextline\">Stand: 07.05.2025 08:16 Uhr<\/p>\n<p class=\"textabsatz columns twelve  m-ten  m-offset-one l-eight l-offset-two\">\n        <strong><strong>Vor knapp vier Jahren war eine 28-j\u00e4hrige Frau in ihrer Wohnung in Hamburg-Rotherbaum durch eine Kohlenmonoxid-Vergiftung gestorben. Zwei Handwerker, die Stunden zuvor die Gastherme in der Wohnung repariert hatten, stehen seit Dienstag wieder vor Gericht.<\/strong><\/strong>\n    <\/p>\n<p class=\"textabsatz m-ten m-offset-one l-eight l-offset-two columns twelve\">\nWar es fahrl\u00e4ssige T\u00f6tung oder eine Verkettung ungl\u00fccklicher Umst\u00e4nde? Das Amtsgericht hatte die beiden 38 und 32 Jahre alten Anlangen-Mechaniker im Oktober 2023 freigesprochen. Laut Gutachter h\u00e4tten sie die defekte Therme damals korrekt repariert. Dass anschlie\u00dfend unbemerkt Gas ausgetreten war, sei ein Materialschaden beziehungsweise ein technischer Defekt gewesen.<\/p>\n<p>    Handwerker schildert Fehlersuche an Gastherme<\/p>\n<p class=\"textabsatz m-ten m-offset-one l-eight l-offset-two columns twelve\">\nStaatsanwaltschaft und Nebenklage legten Berufung ein. Der 38-j\u00e4hrige Handwerker schilderte im neuen Verfahren ausf\u00fchrlich die Fehlersuche an der defekten Therme. Man habe alles richtig gemacht, sagte er: Brenner, W\u00e4rmetauscher, Gasmessung unter Klein- und Gro\u00dflast. Schlie\u00dflich habe alles wieder funktioniert. Ein leises, nicht erkl\u00e4rbares Gluckern sei noch zu h\u00f6ren gewesen. &#8222;&#8218;K\u00f6nnen Sie damit leben?&#8216;, habe ich die Frau gefragt&#8220;, berichtete der Handwerker. Dass diese nur Stunden sp\u00e4ter durch Kohlenmonoxid t\u00f6dlich vergiftet wurde, sei eine furchtbare Trag\u00f6die, die ihn bis heute besch\u00e4ftige, so der 38-J\u00e4hrige.<\/p>\n<p>    Feuerwehr hatte die Wohnungst\u00fcr aufgebrochen<\/p>\n<p class=\"textabsatz m-ten m-offset-one l-eight l-offset-two columns twelve\">\nBekannte der verstorbenen Frau hatten im September 2021 die Polizei alarmiert, weil sie die 28-J\u00e4hrige nicht erreichen konnten. Als die Feuerwehr die Wohnungst\u00fcr im Mehrfamilienhaus aufbrach, fanden sie die Frau tot auf. W\u00e4hrend des Einsatzes l\u00f6ste der CO2-Melder der Feuerwehr aus, sodass das gesamte Wohnhaus unverz\u00fcglich evakuiert wurde. Durch den Gasaustritt wurden sechs Menschen verletzt, darunter Polizei- und Feuerwehrkr\u00e4fte.<\/p>\n<p class=\"textabsatz m-ten m-offset-one l-eight l-offset-two columns twelve\">\nAm Freitag wird der Prozess mit der Befragung des Gutachters fortgesetzt.<\/p>\n<p class=\"textabsatz m-ten m-offset-one l-eight l-offset-two columns twelve\"><strong>Dieses Thema im Programm:<\/strong><br \/>NDR 90,3 | NDR 90,3 Aktuell | 07.05.2025 | 08:00 Uhr<\/p>\n<p>                                        <a class=\"backlink__link\" href=\"https:\/\/www.ndr.de\/nachrichten\/hamburg\/Frau-stirbt-nach-Gas-Austritt-Handwerker-erneut-vor-Gericht,prozess9620.html\" target=\"_blank\" rel=\"noopener\"><\/p>\n<p>                                                <img loading=\"lazy\" decoding=\"async\" alt=\"Norddeutscher Rundfunk\" src=\"https:\/\/www.europesays.com\/de\/wp-content\/uploads\/2025\/04\/lra-ndr-logo-100.svg.svg+xml\" height=\"40\" width=\"40\"\/><\/p>\n<p>                                        <\/a><\/p>\n","protected":false},"excerpt":{"rendered":"Stand: 07.05.2025 08:16 Uhr Vor knapp vier Jahren war eine 28-j\u00e4hrige Frau in ihrer Wohnung in Hamburg-Rotherbaum durch&hellip;\n","protected":false},"author":2,"featured_media":90956,"comment_status":"","ping_status":"","sticky":false,"template":"","format":"standard","meta":{"footnotes":""},"categories":[1826],"tags":[29,30,692,438],"class_list":{"0":"post-90955","1":"post","2":"type-post","3":"status-publish","4":"format-standard","5":"has-post-thumbnail","7":"category-hamburg","8":"tag-deutschland","9":"tag-germany","10":"tag-hamburg","11":"tag-ndr"},"share_on_mastodon":{"url":"https:\/\/pubeurope.com\/@de\/114465221120515287","error":""},"_links":{"self":[{"href":"https:\/\/www.europesays.com\/de\/wp-json\/wp\/v2\/posts\/90955","targetHints":{"allow":["GET"]}}],"collection":[{"href":"https:\/\/www.europesays.com\/de\/wp-json\/wp\/v2\/posts"}],"about":[{"href":"https:\/\/www.europesays.com\/de\/wp-json\/wp\/v2\/types\/post"}],"author":[{"embeddable":true,"href":"https:\/\/www.europesays.com\/de\/wp-json\/wp\/v2\/users\/2"}],"replies":[{"embeddable":true,"href":"https:\/\/www.europesays.com\/de\/wp-json\/wp\/v2\/comments?post=90955"}],"version-history":[{"count":0,"href":"https:\/\/www.europesays.com\/de\/wp-json\/wp\/v2\/posts\/90955\/revisions"}],"wp:featuredmedia":[{"embeddable":true,"href":"https:\/\/www.europesays.com\/de\/wp-json\/wp\/v2\/media\/90956"}],"wp:attachment":[{"href":"https:\/\/www.europesays.com\/de\/wp-json\/wp\/v2\/media?parent=90955"}],"wp:term":[{"taxonomy":"category","embeddable":true,"href":"https:\/\/www.europesays.com\/de\/wp-json\/wp\/v2\/categories?post=90955"},{"taxonomy":"post_tag","embeddable":true,"href":"https:\/\/www.europesays.com\/de\/wp-json\/wp\/v2\/tags?post=90955"}],"curies":[{"name":"wp","href":"https:\/\/api.w.org\/{rel}","templated":true}]}}